{"id":95842,"date":"2017-05-30T14:43:17","date_gmt":"2017-05-30T18:43:17","guid":{"rendered":"http:\/\/www.bibula.com\/?p=95842"},"modified":"2017-05-30T14:43:17","modified_gmt":"2017-05-30T18:43:17","slug":"swietokradzka-komunia-premiera-kanady-i-zatrwazajace-wyjasnienia-arcybiskupa-montrealu","status":"publish","type":"post","link":"https:\/\/www.bibula.com\/?p=95842","title":{"rendered":"\u015awi\u0119tokradzka Komunia premiera Kanady i zatrwa\u017caj\u0105ce wyja\u015bnienia arcybiskupa Montrealu"},"content":{"rendered":"<p><strong>Arcybiskup Montrealu Christian L\u00c3\u00a9pine zosta\u0142 ostro skrytykowany za udzielenie Komunii \u015awi\u0119tej premierowi Kanady Justinowi Trudeau, kt\u00f3ry nie tylko w swoim kraju, ale tak\u017ce za jego granicami promuje aborcj\u0119, homoseksualne dewiacje i rzeczy sprzeczne z Prawem Bo\u017cym. Liberalny polityk wraz z innymi dygnitarzami partyjnymi wyg\u0142osi\u0142 mow\u0119 podczas uroczystej Mszy \u015awi\u0119tej z okazji 375. rocznicy za\u0142o\u017cenia Montrealu. <br>\r\n <\/strong><\/p>\r\n<p>Wydarzenie z katedry Notre Dame w Montrealu by\u0142o transmitowane przez stacj\u0119 CBC. Kardyna\u0142 G\u00c3\u00a9rald Lacroix z Quebecu, kardyna\u0142 Thomas Collins z Toronto i nuncjusz papieski arcybiskup Luigi Bonazzi obok arcybiskupa byli &nbsp;koncelebransami uroczystej Mszy \u015awi\u0119tej. Wydarzenie szeroko reklamowano w mediach.<\/p>\r\n<p>Podczas uroczysto\u015bci w katedrze obecny premier Kanady podszed\u0142 do duchownego, by przyj\u0105\u0107 Komuni\u0119 \u015awi\u0119t\u0105. Zgodnie z kodeksem prawa kanonicznego, kap\u0142an powinien by\u0142 mu odm\u00f3wi\u0107. Kodeks stanowi, \u017ce duchowni powinni odm\u00f3wi\u0107 udzielenia Komunii tym, kt\u00f3rzy s\u0105 ekskomunikowani lub \u201etrwaj\u0105 z uporem w jawnym grzechu ci\u0119\u017ckim\u201d.<\/p>\r\n<p>Kardyna\u0142 Joseph Ratzinger, kt\u00f3ry p\u00f3\u017aniej zosta\u0142 papie\u017cem, potwierdzi\u0142 w li\u015bcie z roku 2004, \u017ce prawo to stosuje si\u0119 wobec polityk\u00f3w pro-aborcyjnych. Chodzi o to, aby z jednej strony unikn\u0105\u0107 \u015bwi\u0119tokradztwa, a z drugiej &#8211; skandalu.<\/p>\r\n<p>Gdy w 2012 roku abp Lepine obejmowa\u0142 swoje stanowisko w Montrealu, wielu nominacj\u0119 postrzega\u0142o jako znak nadziei dla Ko\u015bcio\u0142a w Quebecu. Jego g\u0142\u0119bokie oddanie nauczaniu i praktykom Ko\u015bcio\u0142a wyra\u017anie kontrastowa\u0142o z tym, co reprezentowa\u0142 poprzednik duchownego. Christian Lepine organizowa\u0142 procesje eucharystyczne w samym centrum miasta. Uczestniczy\u0142 te\u017c w Narodowym Marszu dla \u0179ycia.<\/p>\r\n<p>W 2012 roku obro\u0144cy \u017cycia przyznali mu nawet nagrod\u0119, doceniaj\u0105c wysi\u0142ki na rzecz obrony \u017cycia i rodziny.<\/p>\r\n<p>Arcybiskup Montrealu uzasadniaj\u0105c udzielenie Komunii \u015awi\u0119tej premierowi Trudeau stwierdzi\u0142, \u017ce by\u0142 to \u201egest nadziei\u201d, kt\u00f3ry mia\u0142 \u201eutrzyma\u0107 kontakt i otwarty most, je\u015bli mo\u017cna to tak powiedzie\u0107\u201d.<\/p>\r\n<p>\u201eIstnieje potrzeba rozr\u00f3\u017cnienia mi\u0119dzy cz\u0142owiekiem a tym, co cz\u0142owiek robi, m\u00f3wi lub my\u015bli\u201d i \u201eskupienie si\u0119 na tym, kim jest osoba, cz\u0142owiek powo\u0142any przez Chrystusa, wezwany do prawdziwej wolno\u015bci\u201d &#8211; wyja\u015bnia\u0142 hierarcha dziennikarzowi portalu Life Site News.<\/p>\r\n<p><em>&#8211; My\u015bl\u0119, \u017ce jedn\u0105 z trudno\u015bci jest to, \u017ce \u017cyjemy w dialektyce opozycji, grup nacisku na grupy nacisku, my\u015blenia przeciwko my\u015bleniu, ale za tym wszystkim wci\u0105\u017c pozostajemy przede wszystkim lud\u017ami<\/em> &#8211; doda\u0142.<\/p>\r\n<p>Arcybiskup zapytany przez portal, czy przed Msz\u0105 \u015awi\u0119t\u0105 rozmawia\u0142 z premierem o jego proaborcyjnej postawie, duchowny odpar\u0142, \u017ce \u201eprywatna rozmowa\u201d by\u0142a \u201eprywatn\u0105\u201d i doda\u0142, \u017ce \u201epublicznie potrzebna jest komunikacja, ta komunikacja si\u0119 odbywa, ale w spo\u0142ecze\u0144stwie jest wiele si\u0142, a wi\u0119c to jest kwestia nadziei\u201d.<\/p>\r\n<p>Zapytany o to, jak odpowiedzia\u0142by tym, kt\u00f3rzy postrzegaj\u0105 udzielenie Komunii proaborcyjnemu politykowi jako \u015bwi\u0119tokradztwo, abp Lepine ponownie zwr\u00f3ci\u0142 uwag\u0119 na rozr\u00f3\u017cnienie mi\u0119dzy \u201eosob\u0105, a aktami osoby i tym, co ta osoba m\u00f3wi\u201d. &#8211;<em> To idzie za daleko, je\u015bli kto\u015b czuje si\u0119 odrzucony jako cz\u0142owiek<\/em> &#8211; konstatowa\u0142. <em>&#8211; To, jak si\u0119 prowadzi rozmow\u0119 o tym, co m\u00f3wi si\u0119 i co robi si\u0119, nie odrzucaj\u0105c osoby jako osoby i jak to robi\u0107 stanowi wyzwanie, i ja w\u0142a\u015bnie staram si\u0119 temu sprosta\u0107<\/em> &#8211; wyja\u015bnia\u0142 dalej.<\/p>\r\n<p>Hierarcha nie widzia\u0142 w tym niczego zdro\u017cnego. Uzna\u0142, \u017ce nie mo\u017cna doszukiwa\u0107 si\u0119 skandalu. Wielokrotnie powtarza\u0142, \u017ce nale\u017cy dokona\u0107 rozr\u00f3\u017cnienia mi\u0119dzy osob\u0105 a tym, co ta osoba \u201erobi lub m\u00f3wi czy my\u015bli\u201d i \u017ce \u201enie mo\u017cna traci\u0107 z pola widzenia cz\u0142owieka stworzonego na obraz Boga\u201d. Duchowny zapewni\u0142, \u017ce trwaj\u0105 pr\u00f3by nawi\u0105zania kontaktu z Trudeau.<\/p>\r\n<p>Katechizm Ko\u015bcio\u0142a katolickiego wyra\u017anie naucza, \u017ce aborcja jest grzechem ci\u0119\u017ckim i nie mo\u017ce by\u0107 uzasadniona w \u017cadnych okoliczno\u015bciach. Trudeau zawsze promowa\u0142 aborcj\u0119 w swojej politycznej karierze. W roku 2014 jako lider Partii Liberalnej zabroni\u0142 cz\u0142onkom partii o pogl\u0105dach pro-life kandydowa\u0107 w wyborach. Przekaza\u0142 tak\u017ce miliony dolar\u00f3w na upowszechnienie aborcji w krajach rozwijaj\u0105cych si\u0119. Publicznie wypowiada\u0142 si\u0119 za \u201eprawem\u201d do zabijania dzieci pocz\u0119tych. Sprzeciwia\u0142 si\u0119 nauczaniu Ko\u015bcio\u0142a katolickiego w sprawie homoseksualizmu, ideologii gender i promowa\u0142 Dni przeciw transfobii, bifobii i homofobii. Polityk celowo nosi\u0142 skarpetki t\u0119czowe, aby uczci\u0107 te wydarzenia. W przem\u00f3wieniu wyg\u0142oszonym w katedrze ostentacyjnie m\u00f3wi\u0142, \u017ce \u201esi\u0142\u0105 Montrealczyk\u00f3w jest ich r\u00f3\u017cnorodno\u015b\u0107\u201d.<\/p>\r\n<p>Jim Hughes, prezes Campaign Life Coalition ubolewa\u0142, \u017ce Trudeau dopu\u015bci\u0142 si\u0119 publicznie&nbsp; \u015bwi\u0119tokradztwa. <em>&#8211; To bardzo rozczarowuj\u0105ce, \u017ce Trudeau po raz kolejny przedstawia si\u0119 jako wierny katolik, gdy w rzeczywisto\u015bci jest wilkiem w owczej sk\u00f3rze i zamiast chroni\u0107 owieczki, po\u017cera je. Doda\u0142, \u017ce oburzaj\u0105ce jest to, i\u017c Ko\u015bci\u00f3\u0142 nie robi nic, aby zapobiega\u0107 \u015bwi\u0119tokradztwu.<\/em><\/p>\r\n<p>Biskup pomocniczy Ottawy Christian Reisbeck t\u0142umaczy\u0142, \u017ce je\u015bli podj\u0119ta wcze\u015bniej pr\u00f3ba \u201ebraterskiej korekty\u201d nie powiod\u0142a si\u0119, kap\u0142an m\u00f3g\u0142 odm\u00f3wi\u0107 udzielenia Komunii \u015awi\u0119tej na podstawie kanonu 915. &#8211;<em> Z obawy o zachowanie szacunku nale\u017cnego naszemu Panu w Eucharystii i unikni\u0119cie skandalu, mo\u017cna by\u0142o to zastosowa\u0107<\/em> &#8211; t\u0142umaczy\u0142.<\/p>\r\n<p>\u0179r\u00f3d\u0142o: lifesitenews.com<\/p>\r\n<p>AS<\/p>\r\n<blockquote>\r\n<p>[<strong>Wybrane wypowiedzi internaut\u00f3w pod w\/w tekstem na stronie \u017ar\u00f3d\u0142owej:<\/strong>]<\/p>\r\n<p><em>TZ.<\/em><br>\r\n Przecie\u017c oni wszyscy, \u0142\u0105cznie z arcybiskupem, traktuj\u0105 Komuni\u0119 \u015bw. jako symbol. &#8222;Znak pokoju&#8221; jest dla nich wa\u017cniejszy.<\/p>\r\n<p><em>otco<\/em><br>\r\n k\u0142ania si\u0119 Fatima, s\u00f3l ziemi wietrzeje<\/p>\r\n<p><em>qlnick<\/em><br>\r\n &#8222;Gest nadzieji&#8221;? Dla mnie symbol upadku tych hierarch\u00f3w. Zaprzeczenie nadzieji. Dla tego cz\u0142owieka te\u017c ga\u015bnie nadzieja na nawr\u00f3cenie bo to co si\u0119 wydarzy\u0142o legitymizuje jego postaw\u0119. Niestety tragiczne w skutkach.<\/p>\r\n<p><em>nadziejnik pospoliy<\/em><br>\r\n Nale\u017cy rozr\u00f3\u017cni\u0107 mi\u0119dzy osob\u0105-z\u0142odziejem a jego z\u0142odziejstwem. W ge\u015bcie nadziei.<\/p>\r\n<p><em>cdn<\/em><br>\r\n Jak t\u0142umaczy sam Arcybiskup Montrealu [judeochrze\u015bcija\u0144stwo] uznaje i popiera &#8222;rozr\u00f3\u017cnienie mi\u0119dzy cz\u0142owiekiem a tym, co cz\u0142owiek robi, m\u00f3wi lub my\u015bli?. Takie podej\u015bcie to po\u0142\u0105czenie talmudu z katolicyzmem i oczywiste zaprzeczenie dekalogowi. Ta nowa religia wyznawana przez wielu hierarch\u00f3w \u015bwiata stanowi fundament pod jedn\u0105 maso\u0144sk\u0105 religi\u0119 \u015bwiatow\u0105. Czekaj\u0105 nas kolejne nowinki.<\/p>\r\n<p><em>Antymodernista<\/em><br>\r\n Czlowiek jest tym, co robi, mowi lub mysli, gdyz jedno z drugiego wynika i kieruje do zbawienia lub potepienia. Jesli ktos grzeszy publicznie nysla, mowa i uczynkiem i grzech sankcjonuje, jak Trudeau, musi to publicznie odwolac, odbyc pokute i udowodnic publicznie, ze wszedl na prawa droge. To zrozumiale dla dziecka. Reszta czlowieka to fizjologia. Abp Lepine swietnie o tym wie, ale robi to, bo sluzy drugiemu panu.<\/p>\r\n<p><em>stasiu<\/em><br>\r\n \u015alepy przewodnik \u015blepych.<\/p>\r\n<p><em>atlantyk<\/em><br>\r\n To g\u0142upie nazw\u0119 ostro m\u00f3wienie,i\u017c&#8221;pot\u0119piamy grzech ,a nie cz\u0142owieka&#8221;definitywnie robi nam wod\u0119 z m\u00f3zgu.Czyli premier Canady jest w porz\u0105dku,mo\u017ce przyj\u0105c Naj\u015bwi\u0119tsze Cia\u0142o Chrystusa,bo nie jego potepiamy,a jego grzech.Przecie\u017c takich idiotyzm\u00f3w nigdy nie wypowiedzia\u0142 Pan nasz Jezus Chrystus.Jak ja grzesz\u0119,to ja jestem w tym ca\u0142a i jestem temu winna,a nie jaki\u015b zielony ludzik grzech,a ja jestem ta biedulka,co nic z\u0142ego nie zrobi\u0142a.C\u00f3\u017c niech biskupi bior\u0105 sobie na sumienie grzechy \u015bwi\u0119tokractwa,b\u0119d\u0105 mieli co nie\u015b\u0107 na swoich plecach na tamten \u015bwiat.<\/p>\r\n<p><em>Janusz z Kolonii<\/em><br>\r\n Istnieje potrzeba rozr\u00f3\u017cnienia mi\u0119dzy cz\u0142owiekiem a tym, co cz\u0142owiek robi, m\u00f3wi lub my\u015bli? Czy cierpi\u0105cym na schizofreni\u0119 i chorym umys\u0142owo mo\u017cna udziela\u0107 komunii lub czy nie powinni tacy duchowni pojecha\u0107 na g\u0142u\u017csze leczenie, a\u017c do poprawy zdrowia?<\/p>\r\n<p><em>Katolik<\/em><br>\r\n Wsp\u00f3\u0142czesna moralno\u015b\u0107. Straszne by by\u0142o publicznie odrzuci\u0107 premiera. Bidaczek tak by sie \u017ale poczu\u0142. Rozrywane za\u015b w strz\u0119py niewinne istoty to najlepiej zamie\u015b\u0107 pod dywan i do tego jeszcze nazwa\u0107 prawem kobiety. Prawda jest taka \u017ce nie jest to prawo kobiety, tylko jej nieszcz\u0119\u015bcie. Jest to natomiast prawo m\u0119\u017cczyzn do u\u017cywania kobiet bez \u017cadnej odpowiedzialno\u015bci.<\/p>\r\n<\/blockquote>","protected":false},"excerpt":{"rendered":"Arcybiskup Montrealu Christian L\u00c3\u00a9pine zosta\u0142 ostro skrytykowany za udzielenie Komunii \u015awi\u0119tej premierowi Kanady Justinowi Trudeau, kt\u00f3ry nie tylko w swoim kraju, ale tak\u017ce za jego granicami promuje aborcj\u0119, homoseksualne dewiacje i rzeczy sprzeczne z Prawem Bo\u017cym. Liberalny polityk wraz z innymi dygnitarzami partyjnymi wyg\u0142osi\u0142 mow\u0119 podczas uroczystej Mszy \u015awi\u0119tej z okazji 375. rocznicy za\u0142o\u017cenia Montrealu. [&hellip;]","protected":false},"author":1,"featured_media":0,"comment_status":"closed","ping_status":"closed","sticky":false,"template":"","format":"standard","meta":{"_acf_changed":false,"_monsterinsights_skip_tracking":false,"_monsterinsights_sitenote_active":false,"_monsterinsights_sitenote_note":"","_monsterinsights_sitenote_category":0,"ngg_post_thumbnail":0,"footnotes":"","_wp_rev_ctl_limit":""},"categories":[3],"tags":[200,33],"acf":[],"_links":{"self":[{"href":"https:\/\/www.bibula.com\/index.php?rest_route=\/wp\/v2\/posts\/95842"}],"collection":[{"href":"https:\/\/www.bibula.com\/index.php?rest_route=\/wp\/v2\/posts"}],"about":[{"href":"https:\/\/www.bibula.com\/index.php?rest_route=\/wp\/v2\/types\/post"}],"author":[{"embeddable":true,"href":"https:\/\/www.bibula.com\/index.php?rest_route=\/wp\/v2\/users\/1"}],"replies":[{"embeddable":true,"href":"https:\/\/www.bibula.com\/index.php?rest_route=%2Fwp%2Fv2%2Fcomments&post=95842"}],"version-history":[{"count":0,"href":"https:\/\/www.bibula.com\/index.php?rest_route=\/wp\/v2\/posts\/95842\/revisions"}],"wp:attachment":[{"href":"https:\/\/www.bibula.com\/index.php?rest_route=%2Fwp%2Fv2%2Fmedia&parent=95842"}],"wp:term":[{"taxonomy":"category","embeddable":true,"href":"https:\/\/www.bibula.com\/index.php?rest_route=%2Fwp%2Fv2%2Fcategories&post=95842"},{"taxonomy":"post_tag","embeddable":true,"href":"https:\/\/www.bibula.com\/index.php?rest_route=%2Fwp%2Fv2%2Ftags&post=95842"}],"curies":[{"name":"wp","href":"https:\/\/api.w.org\/{rel}","templated":true}]}}