{"id":95826,"date":"2017-05-22T10:20:45","date_gmt":"2017-05-22T14:20:45","guid":{"rendered":"http:\/\/www.bibula.com\/?p=95826"},"modified":"2017-05-22T10:31:30","modified_gmt":"2017-05-22T14:31:30","slug":"walesa-zapraszam-abw-do-siebie-do-domu-wszystko-wyczyscilem","status":"publish","type":"post","link":"https:\/\/www.bibula.com\/?p=95826","title":{"rendered":"Wa\u0142\u0119sa: Zapraszam ABW do siebie do domu. Wszystko wyczy\u015bci\u0142em."},"content":{"rendered":"<p><strong>\u201eZapraszam. Nie mam nic, \u017cadnego papieru, kt\u00f3rego mogliby si\u0119 przyczepi\u0107. Wyczy\u015bci\u0142em wszystko\u201d &#8211; Lech Wa\u0142\u0119sa komentuje informacje o&nbsp;spodziewanej kontroli Agencji Bezpiecze\u0144stwa Wewn\u0119trznego.<\/strong><\/p>\r\n<p>Chodzi o&nbsp;dokumenty, kt\u00f3re Lech Wa\u0142\u0119sa ostatnio opublikowa\u0142 w&nbsp;internecie &#8211; m.in. dokument UOP z&nbsp;1990 sygnowany jako \u201etajny\u201d &#8211; pismo szefa UOP w&nbsp;Gda\u0144sku Adama Hodysza do \u00f3wczesnego szefa UOP Andrzeja Milczanowskiego. Z tre\u015bci dokumentu wynika, \u017ce \u00f3wczesne Ministerstwo Spraw Wewn\u0119trznych kupi\u0142o dzia\u0142k\u0119 s\u0105siaduj\u0105c\u0105 z&nbsp;dzia\u0142k\u0105 Wa\u0142\u0119sy w&nbsp;Zdunowicach na&nbsp;Pomorzu. Dzia\u0142ka mia\u0142a s\u0142u\u017cy\u0107 do \u201ekontroli operacyjnej\u201d by\u0142ego prezydenta.<\/p>\r\n<p>Zdaniem Agencji Bezpiecze\u0144stwa Wewn\u0119trznego istnieje uzasadnionen podejrzenie pope\u0142nienia przest\u0119pstwa ujawnienia informacji obj\u0105tych klauzul\u0105 tajno\u015bci. ABW wyst\u0105pi\u0142a do Prokuratury Krajowej o&nbsp;wszcz\u0119cie \u015bledztwa w&nbsp;tej sprawie.<\/p>\r\n<p>Lech Wa\u0142\u0119sa komentuj\u0105c zainteresowanie ABW jego publikacjami w&nbsp;wywiadzie dla GW stwierdzi\u0142: &#8211; <em>Ale\u017c prosz\u0119 uprzejmie. Zapraszam. Nic nie mam &#8211; \u017cadnego papieru, kt\u00f3rego mogliby si\u0119 przyczepi\u0107. Przecie\u017c ja o&nbsp;tym, \u017ce mog\u0105 mi zrobi\u0107 przeszukanie, wiem od dawna. Ci ludzie s\u0105 do tego zdolni. <\/em><\/p>\r\n<p>&nbsp;Wyczy\u015bci\u0142em<em> wszystko, wi\u0119c mog\u0105 do mnie przyj\u015b\u0107. Ja ju\u017c dawno si\u0119 przygotowa\u0142em na&nbsp;przyj\u015bcie s\u0142u\u017cb do mojego domu. Tyle ju\u017c znios\u0142em w&nbsp;\u017cyciu, \u017ce agent\u00f3w ABW te\u017c znios\u0119. Spokojnie &#8211;&nbsp;<\/em>doda\u0142 by\u0142y prezydent.<\/p>\r\n<ul>\r\n\t<li><strong>Czytaj r\u00f3wnie\u017c:&nbsp;<a href=\"http:\/\/kresy.pl\/wydarzenia\/walesa-ma-opinie-wlasnych-grafologow-powazajacych-ustalenia-ipn-ws-teczki-tw-bolka\/\">Wa\u0142\u0119sa ma opinie w\u0142asnych grafolog\u00f3w, podwa\u017caj\u0105cych ustalenia IPN ws. teczki TW Bolka<\/a><\/strong><\/li>\r\n<\/ul>\r\n<p>kresy.pl\/ gazeta.pl<\/p>\r\n<p class=\"zrodlo\">Za: <a href=\"http:\/\/kresy.pl\/wydarzenia\/walesa-zapraszam-abw-do-siebie-do-domu-wszystko-wyczyscilem\/\">Kresy.pl (<span class=\"post-meta-infos\">22 maja 2017<\/span>)<\/a><\/p>\r\n<h4>&nbsp;<\/h4>\r\n<hr style=\"background-color: #000000; border-width: 0; color: #000000; height: 2px; line-height: 0; text-align: center; width: 100%;\">\r\n<h4>&nbsp;<\/h4>\r\n<blockquote>\r\n<p><strong>KOMENTARZ <em>BIBU\u0141Y<\/em><\/strong>: Najwi\u0119ksze nieszcz\u0119\u015bcie tzw. wolnej Polski przy swoim cwaniactwie, chamstwie i cynizmie, staje si\u0119 niekiedy r\u00f3wnie\u017c zabawne.<\/p>\r\n<\/blockquote>\r\n<h4>&nbsp;<\/h4>\r\n<hr style=\"background-color: #000000; border-width: 0; color: #000000; height: 2px; line-height: 0; text-align: center; width: 100%;\">\r\n<h4>&nbsp;<\/h4>","protected":false},"excerpt":{"rendered":"\u201eZapraszam. Nie mam nic, \u017cadnego papieru, kt\u00f3rego mogliby si\u0119 przyczepi\u0107. Wyczy\u015bci\u0142em wszystko\u201d &#8211; Lech Wa\u0142\u0119sa komentuje informacje o&nbsp;spodziewanej kontroli Agencji Bezpiecze\u0144stwa Wewn\u0119trznego. Chodzi o&nbsp;dokumenty, kt\u00f3re Lech Wa\u0142\u0119sa ostatnio opublikowa\u0142 w&nbsp;internecie &#8211; m.in. dokument UOP z&nbsp;1990 sygnowany jako \u201etajny\u201d &#8211; pismo szefa UOP w&nbsp;Gda\u0144sku Adama Hodysza do \u00f3wczesnego szefa UOP Andrzeja Milczanowskiego. Z tre\u015bci dokumentu wynika, [&hellip;]","protected":false},"author":1,"featured_media":0,"comment_status":"closed","ping_status":"closed","sticky":false,"template":"","format":"standard","meta":{"_acf_changed":false,"_monsterinsights_skip_tracking":false,"_monsterinsights_sitenote_active":false,"_monsterinsights_sitenote_note":"","_monsterinsights_sitenote_category":0,"ngg_post_thumbnail":0,"footnotes":"","_wp_rev_ctl_limit":""},"categories":[8],"tags":[98,36,73],"acf":[],"_links":{"self":[{"href":"https:\/\/www.bibula.com\/index.php?rest_route=\/wp\/v2\/posts\/95826"}],"collection":[{"href":"https:\/\/www.bibula.com\/index.php?rest_route=\/wp\/v2\/posts"}],"about":[{"href":"https:\/\/www.bibula.com\/index.php?rest_route=\/wp\/v2\/types\/post"}],"author":[{"embeddable":true,"href":"https:\/\/www.bibula.com\/index.php?rest_route=\/wp\/v2\/users\/1"}],"replies":[{"embeddable":true,"href":"https:\/\/www.bibula.com\/index.php?rest_route=%2Fwp%2Fv2%2Fcomments&post=95826"}],"version-history":[{"count":0,"href":"https:\/\/www.bibula.com\/index.php?rest_route=\/wp\/v2\/posts\/95826\/revisions"}],"wp:attachment":[{"href":"https:\/\/www.bibula.com\/index.php?rest_route=%2Fwp%2Fv2%2Fmedia&parent=95826"}],"wp:term":[{"taxonomy":"category","embeddable":true,"href":"https:\/\/www.bibula.com\/index.php?rest_route=%2Fwp%2Fv2%2Fcategories&post=95826"},{"taxonomy":"post_tag","embeddable":true,"href":"https:\/\/www.bibula.com\/index.php?rest_route=%2Fwp%2Fv2%2Ftags&post=95826"}],"curies":[{"name":"wp","href":"https:\/\/api.w.org\/{rel}","templated":true}]}}