{"id":9567,"date":"2009-05-26T13:39:41","date_gmt":"2009-05-26T18:39:41","guid":{"rendered":"http:\/\/www.bibula.com\/?p=9567"},"modified":"2009-05-26T13:40:26","modified_gmt":"2009-05-26T18:40:26","slug":"chca-zakazac-palestynczykom-obchodzenia-rocznicy","status":"publish","type":"post","link":"https:\/\/www.bibula.com\/?p=9567","title":{"rendered":"Chc\u0105 zakaza\u0107 Palesty\u0144czykom obchodzenia rocznicy"},"content":{"rendered":"<p>Jedno z rz\u0105dz\u0105cych ugrupowa\u0144 \u017cydowskich &#8222;Israel Bejtenu&#8221; (Nasz Dom Izrael) zg\u0142osi\u0142o projekt ustawy zakazuj\u0105cej obchodzenia Nakby &#8211; uroczysto\u015bci \u017ca\u0142obnej celebrowanej przez Arab\u00f3w w rocznic\u0119 powstania Izraela.<\/p>\r\n\r\n\r\n<table style=\"width: 147px;\" border=\"0\" cellspacing=\"0\" cellpadding=\"5\" align=\"left\">\r\n<tbody>\r\n<tr>\r\n<td><img decoding=\"async\" style=\"border-color: #000000;\" src=\"http:\/\/www.nacjonalista.org\/images\/newsy\/16196483594a1c193ecb4ab.jpg\" border=\"1\" alt=\"\" hspace=\"0\" vspace=\"0\" \/><\/td>\r\n<\/tr>\r\n<\/tbody>\r\n<\/table>\r\n<div>Przewodnicz\u0105cy szowinistycznej partii i jednocze\u015bnie szef MSZ Awigdor Lieberman skrytykowa\u0142 prawo rodzimej ludno\u015bci to wyra\u017cania swojego niezadowolenia z racji ponad sze\u015b\u0107dziesi\u0119cioletniej okupacji. Zaproponowa\u0142 r\u00f3wnie\u017c, aby nowa ustawa zobowi\u0105zywa\u0142a Arab\u00f3w do deklarowania lojalno\u015bci wobec Izraela &#8211; na przyk\u0142ad przy odbiorze dowod\u00f3w to\u017csamo\u015bci.\r\n\r\n\r\n<p><br class=\"spacer_\" \/><\/p>\r\n\r\n<p>Inicjatywa cz\u0142onka izraelskiego rz\u0105du wywo\u0142a\u0142a reakcje strony palesty\u0144skiej. Uwa\u017ca ona, \u017ce Liberman chce wprowadzi\u0107 &#8222;segregacje rasow\u0105\u201d.\r\n<div>Za: <a href=\"http:\/\/www.nacjonalista.org\/wiadomosci.php?id=6334\" target=\"_blank\">nacjonalista.pl<\/a><\/div>\r\n\r\n\r\n<p class=\"zrodlo\" align=\"right\">\u00a0<\/p>","protected":false},"excerpt":{"rendered":"Jedno z rz\u0105dz\u0105cych ugrupowa\u0144 \u017cydowskich &#8222;Israel Bejtenu&#8221; (Nasz Dom Izrael) zg\u0142osi\u0142o projekt ustawy zakazuj\u0105cej obchodzenia Nakby &#8211; uroczysto\u015bci \u017ca\u0142obnej celebrowanej przez Arab\u00f3w w rocznic\u0119 powstania Izraela. Przewodnicz\u0105cy szowinistycznej partii i jednocze\u015bnie szef MSZ Awigdor Lieberman skrytykowa\u0142 prawo rodzimej ludno\u015bci to wyra\u017cania swojego niezadowolenia z racji ponad sze\u015b\u0107dziesi\u0119cioletniej okupacji. Zaproponowa\u0142 r\u00f3wnie\u017c, aby nowa ustawa zobowi\u0105zywa\u0142a Arab\u00f3w [&hellip;]","protected":false},"author":1,"featured_media":0,"comment_status":"closed","ping_status":"closed","sticky":false,"template":"","format":"standard","meta":{"_acf_changed":false,"_monsterinsights_skip_tracking":false,"_monsterinsights_sitenote_active":false,"_monsterinsights_sitenote_note":"","_monsterinsights_sitenote_category":0,"ngg_post_thumbnail":0,"footnotes":"","_wp_rev_ctl_limit":""},"categories":[6],"tags":[61],"acf":[],"_links":{"self":[{"href":"https:\/\/www.bibula.com\/index.php?rest_route=\/wp\/v2\/posts\/9567"}],"collection":[{"href":"https:\/\/www.bibula.com\/index.php?rest_route=\/wp\/v2\/posts"}],"about":[{"href":"https:\/\/www.bibula.com\/index.php?rest_route=\/wp\/v2\/types\/post"}],"author":[{"embeddable":true,"href":"https:\/\/www.bibula.com\/index.php?rest_route=\/wp\/v2\/users\/1"}],"replies":[{"embeddable":true,"href":"https:\/\/www.bibula.com\/index.php?rest_route=%2Fwp%2Fv2%2Fcomments&post=9567"}],"version-history":[{"count":0,"href":"https:\/\/www.bibula.com\/index.php?rest_route=\/wp\/v2\/posts\/9567\/revisions"}],"wp:attachment":[{"href":"https:\/\/www.bibula.com\/index.php?rest_route=%2Fwp%2Fv2%2Fmedia&parent=9567"}],"wp:term":[{"taxonomy":"category","embeddable":true,"href":"https:\/\/www.bibula.com\/index.php?rest_route=%2Fwp%2Fv2%2Fcategories&post=9567"},{"taxonomy":"post_tag","embeddable":true,"href":"https:\/\/www.bibula.com\/index.php?rest_route=%2Fwp%2Fv2%2Ftags&post=9567"}],"curies":[{"name":"wp","href":"https:\/\/api.w.org\/{rel}","templated":true}]}}