{"id":95646,"date":"2017-05-12T11:42:27","date_gmt":"2017-05-12T15:42:27","guid":{"rendered":"http:\/\/www.bibula.com\/?p=95646"},"modified":"2020-09-19T11:50:41","modified_gmt":"2020-09-19T15:50:41","slug":"papiez-nie-bac-sie-prawdy-ale-z-pokora-akceptowac-odkrycia-naukowe","status":"publish","type":"post","link":"https:\/\/www.bibula.com\/?p=95646","title":{"rendered":"Papie\u017c: nie ba\u0107 si\u0119 prawdy, ale z pokor\u0105 akceptowa\u0107 odkrycia naukowe"},"content":{"rendered":"<p>\u201eNie nale\u017cy ba\u0107 si\u0119 prawdy, ani zamyka\u0107 si\u0119 na swoich pozycjach, ale z ca\u0142kowit\u0105 pokor\u0105 akceptowa\u0107 nowo\u015bci odkry\u0107 naukowych\u201d &#8211; m\u00f3wi\u0142 Papie\u017c do uczestnik\u00f3w mi\u0119dzynarodowej konferencji o czarnych dziurach, falach grawitacyjnych i osobliwo\u015bciach czasoprzestrzeni, jaka\u00a0 w tych dniach odbywa\u0142a si\u0119 w Watyka\u0144skim Obserwatorium Astronomicznym w Castel Gandolfo. Franciszek spotka\u0142 si\u0119 z nimi dzi\u015b rano, jeszcze przed wyruszeniem w pielgrzymk\u0119 do Fatimy. Id\u0105c w stron\u0119 granic ludzkiej wiedzy &#8211; m\u00f3wi\u0142 Ojciec \u015awi\u0119ty &#8211; mo\u017cna prze\u017cy\u0107 autentyczne do\u015bwiadczenie Pana, kt\u00f3ry jest w stanie wype\u0142ni\u0107 nasze serca.<\/p>\r\n<p>\u201eW ogromie czasoprzestrzeni wszech\u015bwiata, cz\u0142owiek mo\u017ce prze\u017cywa\u0107 zadziwienie i do\u015bwiadcza\u0107 swojej ma\u0142o\u015bci, podczas gdy z jego duszy wyrywa si\u0119 pytanie psalmisty: \u00abCzym jest cz\u0142owiek, \u017ce o nim pami\u0119tasz i czym syn cz\u0142owieczy, \u017ce si\u0119 nim zajmujesz?\u00bb (Ps 8, 5). Albert Einstein lubi\u0142 powtarza\u0107: \u00abMo\u017cna by powiedzie\u0107, \u017ce wieczna zagadka \u015bwiata to jego zrozumia\u0142o\u015b\u0107\u00bb. Zaistnienie i rozumienie wszech\u015bwiata nie s\u0105 owocem haosu czy przypadku, ale Bo\u017cej M\u0105dro\u015bci, obecnej \u00abjako pocz\u0105tek jego mocy, przed dzie\u0142ami jego, od dawna\u00bb (por. Prz 8, 22)\u201d &#8211; powiedzia\u0142 Ojciec \u015awi\u0119ty.<\/p>\r\n<p>pp\/ rv<\/p>\r\n<p class=\"zrodlo\">Za: <a href=\"http:\/\/pl.radiovaticana.va\/news\/2017\/05\/12\/papie%C5%BC_nie_ba%C4%87_si%C4%99_prawdy,_ale_z_pokor%C4%85_akceptowa%C4%87_odkrycia\/1311741\">Radio Watyka\u0144skie (12\/05\/2017)<\/a><\/p>\r\n<h4>\u00a0<\/h4>\r\n<hr style=\"background-color: #000000; border-width: 0; color: #000000; height: 2px; line-height: 0; text-align: center; width: 100%;\" \/>\r\n<h4>\u00a0<\/h4>\r\n<blockquote>\r\n<p><strong>KOMENTARZ <em>BIBU\u0141Y<\/em><\/strong>: Wed\u0142ug kr\u00f3tkiej notki Radia Watyka\u0144skiego &#8211; jak wy\u017cej &#8211; trudno dok\u0142adnie dociec co Franciszek-Bergoglio powiedzia\u0142 opr\u00f3cz bezsensownego i gro\u017anego palni\u0119cia, \u017ce &#8222;[nale\u017cy] <em>z pokor\u0105 akceptowa\u0107 nowo\u015bci odkry\u0107 naukowych<\/em>&#8222;. G\u0142upota tej wypowiedzi polega na tym, \u017ce tzw. odkrycia naukowe podlegaj\u0105 ci\u0105g\u0142ym weryfikacjom i w historii by\u0142o wiele tzw. naukowych odkry\u0107, a nawet uznanych przez \u015bwiat &#8222;naukowych dogmat\u00f3w&#8221;, kt\u00f3re po latach okaza\u0142y si\u0119 jedynie fantazjami ich autor\u00f3w, a nie obiektywnymi stanami natury.<\/p>\r\n<p>Zatem &#8222;<em>akceptowanie z pokor\u0105 nowo\u015bci odkry\u0107 naukowych<\/em>&#8221; jest w konwekwencji wezwaniem aby katolicy z pokor\u0105, na kolanach zaakceptowali wszelkie niemoralne i nieetyczne badania naukowe, kt\u00f3rymi dzisiejszy \u015bwiat kieruje si\u0119, a kt\u00f3re przecie\u017c s\u0105 te\u017c elementami &#8222;odkry\u0107 naukowych&#8221;. To, w po\u0142\u0105czeniu z niezaprzeczalnym faktem, \u017ce absolutna wi\u0119kszo\u015b\u0107 naukowc\u00f3w to atei\u015bci (np. w takich Stanach Zjednoczonych 93% naukowc\u00f3w-cz\u0142onk\u00f3w presti\u017conej <em>National Academy of Sciences<\/em> &#8211; cia\u0142a ustalaj\u0105cej kierunki rozwoju nauki, przynaj\u0105cej granty, ustalaj\u0105cej normy, weryfikuj\u0105cej kadry, etc &#8211; to atei\u015bci), stawia pod znakiem zapytania motywy Franciszka i czym kieruje si\u0119 bezrefleksyjnie przyzwalaj\u0105c na zawierzenie kadrze naukowej, kt\u00f3ra ma przecie\u017c swoj\u0105 wizj\u0119 \u015bwiata, przenikaj\u0105c\u0105 do naukowych bada\u0144 i konkluzji. A jest to wizja antychrze\u015bcija\u0144ska, antykatolicka, antyludzka; wizja a-naukowa, bo nie d\u0105\u017c\u0105ca do poznania Prawdy i obiektywnych praw, lecz do uzurpacji praw boskich oraz zwyk\u0142ej manipulacji, najcz\u0119\u015bciej w imi\u0119 zaszczyt\u00f3w, kariery, pieni\u0119dzy, s\u0142awy.<\/p>\r\n<p>Wypowied\u017a Franciszka to jego kolejny bubel do jego jak\u017ce bogatej kolekcji bezsens\u00f3w i bredni.<\/p>\r\n<\/blockquote>\r\n<h4>\u00a0<\/h4>\r\n<hr style=\"background-color: #000000; border-width: 0; color: #000000; height: 2px; line-height: 0; text-align: center; width: 100%;\" \/>\r\n<h4>\u00a0<\/h4>","protected":false},"excerpt":{"rendered":"\u201eNie nale\u017cy ba\u0107 si\u0119 prawdy, ani zamyka\u0107 si\u0119 na swoich pozycjach, ale z ca\u0142kowit\u0105 pokor\u0105 akceptowa\u0107 nowo\u015bci odkry\u0107 naukowych\u201d &#8211; m\u00f3wi\u0142 Papie\u017c do uczestnik\u00f3w mi\u0119dzynarodowej konferencji o czarnych dziurach, falach grawitacyjnych i osobliwo\u015bciach czasoprzestrzeni, jaka\u00a0 w tych dniach odbywa\u0142a si\u0119 w Watyka\u0144skim Obserwatorium Astronomicznym w Castel Gandolfo. Franciszek spotka\u0142 si\u0119 z nimi dzi\u015b rano, jeszcze [&hellip;]","protected":false},"author":2,"featured_media":0,"comment_status":"closed","ping_status":"closed","sticky":false,"template":"","format":"standard","meta":{"_acf_changed":false,"_monsterinsights_skip_tracking":false,"ngg_post_thumbnail":0,"footnotes":"","_wp_rev_ctl_limit":""},"categories":[3],"tags":[301,217,116],"acf":[],"_links":{"self":[{"href":"https:\/\/www.bibula.com\/index.php?rest_route=\/wp\/v2\/posts\/95646"}],"collection":[{"href":"https:\/\/www.bibula.com\/index.php?rest_route=\/wp\/v2\/posts"}],"about":[{"href":"https:\/\/www.bibula.com\/index.php?rest_route=\/wp\/v2\/types\/post"}],"author":[{"embeddable":true,"href":"https:\/\/www.bibula.com\/index.php?rest_route=\/wp\/v2\/users\/2"}],"replies":[{"embeddable":true,"href":"https:\/\/www.bibula.com\/index.php?rest_route=%2Fwp%2Fv2%2Fcomments&post=95646"}],"version-history":[{"count":2,"href":"https:\/\/www.bibula.com\/index.php?rest_route=\/wp\/v2\/posts\/95646\/revisions"}],"predecessor-version":[{"id":118018,"href":"https:\/\/www.bibula.com\/index.php?rest_route=\/wp\/v2\/posts\/95646\/revisions\/118018"}],"wp:attachment":[{"href":"https:\/\/www.bibula.com\/index.php?rest_route=%2Fwp%2Fv2%2Fmedia&parent=95646"}],"wp:term":[{"taxonomy":"category","embeddable":true,"href":"https:\/\/www.bibula.com\/index.php?rest_route=%2Fwp%2Fv2%2Fcategories&post=95646"},{"taxonomy":"post_tag","embeddable":true,"href":"https:\/\/www.bibula.com\/index.php?rest_route=%2Fwp%2Fv2%2Ftags&post=95646"}],"curies":[{"name":"wp","href":"https:\/\/api.w.org\/{rel}","templated":true}]}}