{"id":95641,"date":"2017-05-12T10:37:37","date_gmt":"2017-05-12T14:37:37","guid":{"rendered":"http:\/\/www.bibula.com\/?p=95641"},"modified":"2017-05-12T10:37:37","modified_gmt":"2017-05-12T14:37:37","slug":"rzeczpospolita-sugeruje-ze-nuncjusz-apostolski-w-polsce-naciska-na-rzad-w-sprawie-uchodzcow","status":"publish","type":"post","link":"https:\/\/www.bibula.com\/?p=95641","title":{"rendered":"\u201eRzeczpospolita&#8221; sugeruje, \u017ce nuncjusz apostolski w Polsce naciska na rz\u0105d w sprawie uchod\u017ac\u00f3w"},"content":{"rendered":"<p><strong>Czy wok\u00f3\u0142 utworzenia tzw. korytarza humanitarnego, kt\u00f3re mia\u0142yby pozwoli\u0107 na transportowanie Syryjczyk\u00f3w samolotami do Polski, trwa zakulisowa rozgrywka z udzia\u0142em nuncjusza Apostolskiego? Do ciekawych informacji dotarli dziennikarze \u201eRzeczpospolitej\u201d. <br>\r\n<\/strong><\/p>\r\n<p>Czym jest <em>korytarz humanitarny<\/em>? To nazwa procesu, kt\u00f3ry polega\u0107 mia\u0142by na&nbsp;przetransportowaniu do&nbsp;Polski drog\u0105 lotnicz\u0105 grup uchod\u017ac\u00f3w z&nbsp;Syrii, Jordanii i&nbsp;Libanu, po&nbsp;wcze\u015bniejszym rozpoznaniu ich sytuacji.&nbsp;<\/p>\r\n<p>Wed\u0142ug ustale\u0144 dziennika, na biurko premier Beaty Szyd\u0142o trafi\u0142 w tej sprawie list od nuncjusza apostolskiego w Polsce, Salvatore Penacchio.<\/p>\r\n<p>Trudno wyrokowa\u0107, czy pracuj\u0105cy w Polsce zaledwie od p\u00f3\u0142 roku watyka\u0144ski dyplomata dzia\u0142a\u0142 za zgod\u0105 papie\u017ca. Jednak\u017ce medialne doniesienia zdaj\u0105 si\u0119 to w\u0142a\u015bnie sugerowa\u0107. &#8222;Wed\u0142ug naszych informacji abp Pennacchio w&nbsp;li\u015bcie do&nbsp;rz\u0105du powo\u0142uje si\u0119 m.in. na&nbsp;liczne wypowiedzi papie\u017ca o&nbsp;konieczno\u015bci pomocy uchod\u017acom, wspomina tak\u017ce o&nbsp;korytarzach w\u0142oskich. Stwierdza te\u017c, \u017ce&nbsp;do&nbsp;podj\u0119cia rozm\u00f3w ma&nbsp;upowa\u017cnienie Sekretariatu Stanu, czyli watyka\u0144skiego<span class=\"caps\">MSZ&#8221;<\/span> &#8211; informuje&nbsp;gazeta.<\/p>\r\n<p>Rz\u0105dowe deklaracje w sprawie <em>korytarza<\/em>, kt\u00f3rego otwarcie zwi\u0105zane by\u0142o ze zwi\u0119kszeniem liczby tzw. uchod\u017ac\u00f3w docieraj\u0105cych do naszego kraju, s\u0105 mocno niejasne. Premier Szyd\u0142o stwierdzi\u0142a w rozmowie z \u201eRzeczpospolit\u0105\u201d, \u017ce \u201enie m\u00f3wi nie\u201d&nbsp;korytarzom humanitarnym, jednak ich powstanie warunkuje \u201eodpowiedni\u0105 wsp\u00f3\u0142prac\u0105 zainteresowanych organizacji z rz\u0105dem\u201d. Pozytywnie, lecz tak\u017ce z zastrze\u017ceniami, o sprawie wypowiada\u0142 si\u0119 te\u017c prezes PiS Jaros\u0142aw Kaczy\u0144ski.<\/p>\r\n<p>MSZ, pytane przez <em>Interi\u0119<\/em> o utworzenie <em>korytarza humanitarnego<\/em>, odni\u00f3s\u0142 si\u0119 do sprawy og\u00f3lnikowo: \u201ePolska zar\u00f3wno na forum UE, jak i ONZ popiera wysi\u0142ki spo\u0142eczno\u015bci mi\u0119dzynarodowej, kt\u00f3rych celem jest zapewnienie bezpiecznego dost\u0119pu pomocy humanitarnej do ofiar wojny domowej w Syrii\u201d.<br>\r\n <br>\r\n Warto przypomnie\u0107, \u017ce od prawie roku o uruchomienie korytarzy humanitarnych zabiegaj\u0105 polscy biskupi.&nbsp;<\/p>\r\n<p>O ile doniesienia dziennika oka\u017c\u0105 si\u0119 prawdziwe b\u0119dzie to pierwszy przypadek tak zdecydowanego zaanga\u017cowanie politycznego nuncjusza abp. Salvatore Penacchio pracuj\u0105cego na polskiej plac\u00f3wce od jesieni 2016 r. Symptomatyczne jest to, \u017ce mia\u0142oby ono dotyczy\u0107 w\u0142a\u015bnie sprawy tzw. uchod\u017ac\u00f3w.&nbsp;<\/p>\r\n<p>\u0179r\u00f3d\u0142o: rp.pl\/Interia.pl<\/p>\r\n<p>luk<\/p>","protected":false},"excerpt":{"rendered":"Czy wok\u00f3\u0142 utworzenia tzw. korytarza humanitarnego, kt\u00f3re mia\u0142yby pozwoli\u0107 na transportowanie Syryjczyk\u00f3w samolotami do Polski, trwa zakulisowa rozgrywka z udzia\u0142em nuncjusza Apostolskiego? Do ciekawych informacji dotarli dziennikarze \u201eRzeczpospolitej\u201d. Czym jest korytarz humanitarny? To nazwa procesu, kt\u00f3ry polega\u0107 mia\u0142by na&nbsp;przetransportowaniu do&nbsp;Polski drog\u0105 lotnicz\u0105 grup uchod\u017ac\u00f3w z&nbsp;Syrii, Jordanii i&nbsp;Libanu, po&nbsp;wcze\u015bniejszym rozpoznaniu ich sytuacji.&nbsp; Wed\u0142ug ustale\u0144 dziennika, na [&hellip;]","protected":false},"author":1,"featured_media":0,"comment_status":"closed","ping_status":"closed","sticky":false,"template":"","format":"standard","meta":{"_acf_changed":false,"_monsterinsights_skip_tracking":false,"ngg_post_thumbnail":0,"footnotes":"","_wp_rev_ctl_limit":""},"categories":[8],"tags":[65,76,98,41],"acf":[],"_links":{"self":[{"href":"https:\/\/www.bibula.com\/index.php?rest_route=\/wp\/v2\/posts\/95641"}],"collection":[{"href":"https:\/\/www.bibula.com\/index.php?rest_route=\/wp\/v2\/posts"}],"about":[{"href":"https:\/\/www.bibula.com\/index.php?rest_route=\/wp\/v2\/types\/post"}],"author":[{"embeddable":true,"href":"https:\/\/www.bibula.com\/index.php?rest_route=\/wp\/v2\/users\/1"}],"replies":[{"embeddable":true,"href":"https:\/\/www.bibula.com\/index.php?rest_route=%2Fwp%2Fv2%2Fcomments&post=95641"}],"version-history":[{"count":0,"href":"https:\/\/www.bibula.com\/index.php?rest_route=\/wp\/v2\/posts\/95641\/revisions"}],"wp:attachment":[{"href":"https:\/\/www.bibula.com\/index.php?rest_route=%2Fwp%2Fv2%2Fmedia&parent=95641"}],"wp:term":[{"taxonomy":"category","embeddable":true,"href":"https:\/\/www.bibula.com\/index.php?rest_route=%2Fwp%2Fv2%2Fcategories&post=95641"},{"taxonomy":"post_tag","embeddable":true,"href":"https:\/\/www.bibula.com\/index.php?rest_route=%2Fwp%2Fv2%2Ftags&post=95641"}],"curies":[{"name":"wp","href":"https:\/\/api.w.org\/{rel}","templated":true}]}}