{"id":95525,"date":"2017-05-06T15:49:46","date_gmt":"2017-05-06T19:49:46","guid":{"rendered":"http:\/\/www.bibula.com\/?p=95525"},"modified":"2017-05-06T15:49:46","modified_gmt":"2017-05-06T19:49:46","slug":"austriackie-msz-krytykuje-niemcy-i-chwali-orbana-za-sposob-prowadzenia-polityki-imigracyjnej","status":"publish","type":"post","link":"https:\/\/www.bibula.com\/?p=95525","title":{"rendered":"Austriackie MSZ krytykuje Niemcy i chwali Orbana za spos\u00f3b prowadzenia polityki imigracyjnej"},"content":{"rendered":"<p><strong>Szef MSZ Austrii Sebastian Kurz w&nbsp;wywiadzie dla niemieckiej gazety broni polityki imigracyjnej W\u0119gier Viktora Orbana i&nbsp;innych kraj\u00f3w Europy \u015arodkowo-Wschodniej przed krytyk\u0105&nbsp;z Europy Zachodniej.<\/strong><\/p>\r\n<p>Kurz stwierdzi\u0142 w&nbsp;wywiadzie dla Sueddeutsche Zeitung: <strong><em>Przesta\u0144my dzieli\u0107 (\u015bwiat) na&nbsp;dobrych i&nbsp;z\u0142ych, sko\u0144czmy z&nbsp;t\u0105 moraln\u0105 wy\u017cszo\u015bci\u0105.&nbsp;<\/em><\/strong>Jego zdaniem <strong>narzucana przez Niemcy polityka dotycz\u0105ca imigrant\u00f3w jest <em>b\u0142\u0119dna i&nbsp;niezgodna z&nbsp;europejskim prawem<\/em><\/strong>\u201e.<\/p>\r\n<p>Szef austriackiej dyplomacji&nbsp;broni te\u017c w\u0119gierskiego Fideszu, kt\u00f3remu gro\u017cono wykluczeniem z&nbsp;mi\u0119dzynarod\u00f3wki europejskich chadek\u00f3w &#8211; Europejskiej Partii Ludowej. Jego zdaniem w\u0119gierska partia rz\u0105dz\u0105ca powinna zosta\u0107 w&nbsp;EPL. <em>\u0179yjemy w&nbsp;Europie, kt\u00f3ra wyr\u00f3\u017cnia si\u0119 r\u00f3\u017cnorodno\u015bci\u0105; jeste\u015bmy silni tylko wtedy, gdy wzmacniamy sp\u00f3jno\u015b\u0107. Nie chc\u0119, by wielu wschodnich Europejczyk\u00f3w czu\u0142o si\u0119 Europejczykami drugiej kategorii<\/em> &#8211; powiedzia\u0142.<\/p>\r\n<ul>\r\n\t<li><strong>CZYTAJ TAK\u0179E:&nbsp;<a title=\"Granica w\u0119giersko-serbska, wikipedia.org\" href=\"http:\/\/kresy.pl\/wydarzenia\/wegrzy-zaostrzaja-walke-z-inwazja-imigrantow\/\" rel=\"bookmark\">W\u0119grzy zaostrzaj\u0105 walk\u0119 z&nbsp;inwazj\u0105 imigrant\u00f3w<\/a><\/strong><\/li>\r\n<\/ul>\r\n<p>Kurz jako wz\u00f3r polityki migracyjnej dla Unii Europejskiej stawia model stosowany w&nbsp;Australii. <em>Kto migruje nielegalnie, ten zostaje zatrzymany na&nbsp;granicy zewn\u0119trznej, zaopatrzony i&nbsp;odes\u0142any z&nbsp;powrotem. Tylko taka polityka zapewni UE sukces<\/em> &#8211; o\u015bwiadczy\u0142.<\/p>\r\n<p>Szef austriackiej dyplomacji doda\u0142 tak\u017ce, \u017ce obcokrajowcy aby mieszka\u0107 w&nbsp;Austrii musz\u0105 si\u0119 integrowa\u0107: <em>Ten, komu pozwolono tutaj zamieszka\u0107, musi si\u0119 zintegrowa\u0107. Nie mog\u0119 ok\u0142amywa\u0107 ludzi<\/em> &#8211; stwierdzi\u0142.<\/p>\r\n<p>Kurz stanowczo zaprotestowa\u0142 przeciw stworzeniu: wsp\u00f3lnej europejskiej polityki socjalnej. <em>Projekt Unii socjalnej uwa\u017cam za ca\u0142kowicie chybiony. Czy to mia\u0142oby oznacza\u0107, \u017ce obni\u017cymy nasze socjalne standardy do poziomu Rumunii? A czy by\u0142oby dobrze, gdyby zasi\u0142ki w&nbsp;Rumunii by\u0142y dwa razy wy\u017csze ni\u017c przeci\u0119tna p\u0142aca? Kto mia\u0142by za to zap\u0142aci\u0107?<\/em> &#8211; pyta\u0142 retorycznie.<\/p>\r\n<p>kresy.pl \/ onet.pl \/&nbsp;sueddeutsche.de<\/p>","protected":false},"excerpt":{"rendered":"Szef MSZ Austrii Sebastian Kurz w&nbsp;wywiadzie dla niemieckiej gazety broni polityki imigracyjnej W\u0119gier Viktora Orbana i&nbsp;innych kraj\u00f3w Europy \u015arodkowo-Wschodniej przed krytyk\u0105&nbsp;z Europy Zachodniej. Kurz stwierdzi\u0142 w&nbsp;wywiadzie dla Sueddeutsche Zeitung: Przesta\u0144my dzieli\u0107 (\u015bwiat) na&nbsp;dobrych i&nbsp;z\u0142ych, sko\u0144czmy z&nbsp;t\u0105 moraln\u0105 wy\u017cszo\u015bci\u0105.&nbsp;Jego zdaniem narzucana przez Niemcy polityka dotycz\u0105ca imigrant\u00f3w jest b\u0142\u0119dna i&nbsp;niezgodna z&nbsp;europejskim prawem\u201e. Szef austriackiej dyplomacji&nbsp;broni te\u017c w\u0119gierskiego [&hellip;]","protected":false},"author":1,"featured_media":0,"comment_status":"closed","ping_status":"closed","sticky":false,"template":"","format":"standard","meta":{"_acf_changed":false,"_monsterinsights_skip_tracking":false,"_monsterinsights_sitenote_active":false,"_monsterinsights_sitenote_note":"","_monsterinsights_sitenote_category":0,"ngg_post_thumbnail":0,"footnotes":"","_wp_rev_ctl_limit":""},"categories":[6],"tags":[244,23,76,179],"acf":[],"_links":{"self":[{"href":"https:\/\/www.bibula.com\/index.php?rest_route=\/wp\/v2\/posts\/95525"}],"collection":[{"href":"https:\/\/www.bibula.com\/index.php?rest_route=\/wp\/v2\/posts"}],"about":[{"href":"https:\/\/www.bibula.com\/index.php?rest_route=\/wp\/v2\/types\/post"}],"author":[{"embeddable":true,"href":"https:\/\/www.bibula.com\/index.php?rest_route=\/wp\/v2\/users\/1"}],"replies":[{"embeddable":true,"href":"https:\/\/www.bibula.com\/index.php?rest_route=%2Fwp%2Fv2%2Fcomments&post=95525"}],"version-history":[{"count":0,"href":"https:\/\/www.bibula.com\/index.php?rest_route=\/wp\/v2\/posts\/95525\/revisions"}],"wp:attachment":[{"href":"https:\/\/www.bibula.com\/index.php?rest_route=%2Fwp%2Fv2%2Fmedia&parent=95525"}],"wp:term":[{"taxonomy":"category","embeddable":true,"href":"https:\/\/www.bibula.com\/index.php?rest_route=%2Fwp%2Fv2%2Fcategories&post=95525"},{"taxonomy":"post_tag","embeddable":true,"href":"https:\/\/www.bibula.com\/index.php?rest_route=%2Fwp%2Fv2%2Ftags&post=95525"}],"curies":[{"name":"wp","href":"https:\/\/api.w.org\/{rel}","templated":true}]}}