{"id":95488,"date":"2017-05-04T09:13:27","date_gmt":"2017-05-04T13:13:27","guid":{"rendered":"http:\/\/www.bibula.com\/?p=95488"},"modified":"2017-05-04T09:13:27","modified_gmt":"2017-05-04T13:13:27","slug":"wokol-konstytucji-dawnej-obecnej-i-przyszlej-stanislaw-michalkiewicz","status":"publish","type":"post","link":"https:\/\/www.bibula.com\/?p=95488","title":{"rendered":"Wok\u00f3\u0142 konstytucji dawnej, obecnej i przysz\u0142ej &#8211; <em>Stanis\u0142aw Michalkiewicz<\/em>"},"content":{"rendered":"<p>Szanowni Pa\u0144stwo!<\/p>\r\n<p>O czym\u017ce m\u00f3wi\u0107 w dniu 3 maja, jak nie o konstytucji! Jasne, \u017ce o konstytucji, tym bardziej, \u017ce zainteresowanie konstytucj\u0105 osi\u0105gn\u0119\u0142o w Polsce niebywa\u0142y poziom. To zreszt\u0105 bardzo pozytywny objaw, \u015bwiadcz\u0105cy o zwyci\u0119stwie ducha nad materi\u0105. Na przyk\u0142ad wydawa\u0142oby si\u0119, \u017ce emeryci koncentruj\u0105 si\u0119 raczej na nas\u0142uchiwaniu, jak obgryzaj\u0105 ich w\u0142asne mikroby, \u017ce najbardziej doskwiera im brak pieni\u0119dzy na zakup lekarstw, a nawet \u017cywno\u015bci, a tymczasem &#8211; nic z tych rzeczy! Najbardziej interesuje ich konstytucja i wyroki Trybuna\u0142u Konstytucyjnego, bez kt\u00f3rych ju\u017c nie mog\u0105 wytrzyma\u0107, \u017ceby ich nie przeczyta\u0107. Jak\u017ce tu nie cieszy\u0107 si\u0119 z takiego triumfu ducha nad materi\u0105?<\/p>\r\n<p>A skoro ju\u017c m\u00f3wimy o konstytucji, to warto przypomnie\u0107, \u017ce wbrew rozpowszechnionej opinii, konstytucja 3 maja wcale nie rozszerza\u0142a w Polsce demokracji. Przeciwnie. Raczej j\u0105 ogranicza\u0142a, likwiduj\u0105c woln\u0105 elekcj\u0119 i wprowadzaj\u0105c tron dziedziczny w dynastii Wettyn\u00f3w. Jeszcze wi\u0119kszego ograniczenia demokracji dokona\u0142 Sejm Czteroletni, pozbawiaj\u0105c szlacht\u0119-go\u0142ot\u0119 prawa g\u0142osowania na sejmikach, to znaczy &#8211; czynnego prawa wyborczego. Teraz jest odwrotnie; przygl\u0105daj\u0105c si\u0119 Sejmowi mo\u017cna odnie\u015b\u0107 wra\u017cenie, \u017ce szlachta-go\u0142ota nie tylko g\u0142osowa\u0142a w wyborach, ale \u017ce ma nawet ca\u0142kiem spor\u0105 reprezentacj\u0119 parlamentarn\u0105. Trudno w tej sytuacji zrozumie\u0107 przyczyny, dla kt\u00f3rych kandyduj\u0105cy w wyborach prezydenckich we Francji pan Emmanuel Macron, kt\u00f3rego podejrzewam, \u017ce jest wydmuszk\u0105 francuskich tajnych s\u0142u\u017cb, podobnie jak u nas za wydmuszk\u0119 starych kiejkut\u00f3w uwa\u017cam sprytnego pana Rysia z Nowoczesnej &#8211; wi\u0119c, \u017ce ten ca\u0142y pan Macron ch\u0142oszcze Polsk\u0119 za \u201e<i>\u0142amanie zasad demokracji<\/i>\u201d.<\/p>\r\n<p>Wr\u00f3\u0107my jednak do konstytucji, kt\u00f3r\u0105 zasiadaj\u0105ca w Sejmie szlachta &#8211; go\u0142ota wymachuje przy lada okazji, podobnie, jak genera\u0142owie odchodz\u0105cy z naszej niezwyci\u0119\u017conej armii w nast\u0119pstwie kuracji przeczyszczaj\u0105cej, zaordynowanej przez z\u0142owrogiego ministra Antoniego Macierewicza. W 1992 roku napisa\u0142em projekt konstytucji, kt\u00f3ry mia\u0142 t\u0119 zalet\u0119, \u017ce by\u0142 o po\u0142ow\u0119 kr\u00f3tszy od nast\u0119pnego najkr\u00f3tszego. Nie trafi\u0142 on do Komisji Konstytucyjnej, bo nie uzyska\u0142 wymaganej liczby podpis\u00f3w poselskich. Kiedy bowiem zwraca\u0142em si\u0119 do Wielce Czcigodnych pos\u0142\u00f3w o poparcie mego projektu, wi\u0119kszo\u015b\u0107 doczytywa\u0142a do miejsca, w kt\u00f3rym by\u0142 zapis, \u017ce Sejm sk\u0142ada si\u0119 ze 120 pos\u0142\u00f3w i poparcia odmawia\u0142a. Ale opr\u00f3cz tego zapisu by\u0142y w moim projekcie jeszcze wa\u017cniejsze postanowienia. Na przyk\u0142ad, \u017ceby zamiast istniej\u0105cego obecnie systemu parlamentarno-gabinetowego, wprowadzi\u0107 system prezydencki. Prezydent ju\u017c na podstawie tzw. \u201e<i>ma\u0142ej konstytucji<\/i>\u201d by\u0142 wybierany w powszechnym g\u0142osowaniu, co utrzyma\u0142a konstytucja z 1997 roku &#8211; ale jej autorzy, nie wiedzie\u0107 czemu, w\u0142adz\u0119 wykonawcz\u0105 z\u0142o\u017cyli w r\u0119ce prezesa Rady Ministr\u00f3w, kt\u00f3ry nie ma tak silnej legitymacji demokratycznej, jak w\u0142a\u015bnie prezydent. Co wi\u0119cej &#8211; uwa\u017cna lektura konstytucji wywo\u0142uje wra\u017cenie, jakby jej autorzy uwa\u017cali prezydenta za wariata i to w dodatku wyj\u0105tkowo niebezpiecznego. Zwyk\u0142emu wariatowi bowiem nak\u0142ada si\u0119 jeden kaftan bezpiecze\u0144stwa i wszyscy uwa\u017caj\u0105, \u017ce to wystarczy. Tymczasem prezydentowi konstytucja z 1997 roku nak\u0142ada a\u017c dwa. Na przyk\u0142ad prezydent jest zwierzchnikiem Si\u0142 Zbrojnych, ale nie mo\u017ce kiwn\u0105\u0107 palcem albo bez \u201e<i>po\u015brednictwa<\/i>\u201d ministra obrony, albo bez wniosku prezesa Rady Ministr\u00f3w. Wprawdzie powiadaj\u0105, \u017ce jednym z autor\u00f3w tej konstytucji by\u0142 urz\u0119duj\u0105cy wtedy prezydent Aleksander Kwa\u015bniewski, ale przecie\u017c nie musimy si\u0119 tak niewolniczo trzyma\u0107 jego opinii. Innym wa\u017cnym postanowieniem, jakie powinno znale\u017a\u0107 si\u0119 w konstytucji, jest zakaz uchwalania bud\u017cetu z deficytem. Taki pomys\u0142 zosta\u0142 zg\u0142oszony podczas sejmowej debaty nad przysz\u0142\u0105 konstytucj\u0105 przez pos\u0142a Janusza Korwin-Mikke. Domaga\u0142 si\u0119 on ponadto, by ka\u017cda pr\u00f3ba omini\u0119cia tego zakazu by\u0142a traktowana jak kradzie\u017c zuchwa\u0142a. Niestety wi\u0119kszo\u015b\u0107 pos\u0142\u00f3w my\u015bla\u0142a, \u017ce to dowcip i taka norma nie zosta\u0142a do konstytucji z 1997 roku wprowadzona. W rezultacie mamy d\u0142ug publiczny, z kt\u00f3rym nikt nie wie, co zrobi\u0107 i w kt\u00f3rego nast\u0119pstwie przysz\u0142e pokolenia naszego narodu s\u0105 wp\u0119dzane w coraz g\u0142\u0119bsz\u0105 niewol\u0119 u lichwiarskiej mi\u0119dzynarod\u00f3wki. Nie tylko zreszt\u0105 naszego &#8211; bo inne rz\u0105dy te\u017c kupuj\u0105 sobie spok\u00f3j spo\u0142eczny za cen\u0119 sprzedawania w\u0142asnych obywateli w niewol\u0119 u lichwiarzy &#8211; i w tym w\u0142a\u015bnie tkwi przyczyna, dla kt\u00f3rej wszyscy m\u0105drzy, roztropni i przyzwoici, co to rozpoznaj\u0105 si\u0119 w t\u0142umie po zapachu, tak zachwalaj\u0105 demokracj\u0119.<\/p>\r\n<p><strong><em>Stanis\u0142aw Michalkiewicz<\/em><\/strong><\/p>\r\n<p>Felieton &nbsp;<b>\u2022<\/b>&nbsp; Radio Maryja &nbsp;<b>\u2022<\/b>&nbsp; 4 maja 2017<\/p>\r\n<p><i>Sta\u0142y komentarz Stanis\u0142awa Michalkiewicza z cyklu \u201eMy\u015bl\u0105c Ojczyzna\u201d jest emitowany w Radiu Maryja w ka\u017cd\u0105 \u015brod\u0119 o godz. 20.50. Komentarze nie s\u0105 emitowane podczas przerwy wakacyjnej w lipcu i sierpniu.<\/i> <br>\r\n <br>\r\n <a title=\"\" href=\"http:\/\/www.radiomaryja.pl\/szukaj\/?q=Stanis%C5%82aw+Michalkiewicz\">Tu znajdziesz komentarze w plikach mp3 &#8211; do wys\u0142uchania lub \u015bci\u0105gni\u0119cia<\/a>.<\/p>","protected":false},"excerpt":{"rendered":"Szanowni Pa\u0144stwo! O czym\u017ce m\u00f3wi\u0107 w dniu 3 maja, jak nie o konstytucji! Jasne, \u017ce o konstytucji, tym bardziej, \u017ce zainteresowanie konstytucj\u0105 osi\u0105gn\u0119\u0142o w Polsce niebywa\u0142y poziom. To zreszt\u0105 bardzo pozytywny objaw, \u015bwiadcz\u0105cy o zwyci\u0119stwie ducha nad materi\u0105. Na przyk\u0142ad wydawa\u0142oby si\u0119, \u017ce emeryci koncentruj\u0105 si\u0119 raczej na nas\u0142uchiwaniu, jak obgryzaj\u0105 ich w\u0142asne mikroby, \u017ce [&hellip;]","protected":false},"author":1,"featured_media":0,"comment_status":"closed","ping_status":"closed","sticky":false,"template":"","format":"standard","meta":{"_acf_changed":false,"_monsterinsights_skip_tracking":false,"ngg_post_thumbnail":0,"footnotes":"","_wp_rev_ctl_limit":""},"categories":[9],"tags":[147,34],"acf":[],"_links":{"self":[{"href":"https:\/\/www.bibula.com\/index.php?rest_route=\/wp\/v2\/posts\/95488"}],"collection":[{"href":"https:\/\/www.bibula.com\/index.php?rest_route=\/wp\/v2\/posts"}],"about":[{"href":"https:\/\/www.bibula.com\/index.php?rest_route=\/wp\/v2\/types\/post"}],"author":[{"embeddable":true,"href":"https:\/\/www.bibula.com\/index.php?rest_route=\/wp\/v2\/users\/1"}],"replies":[{"embeddable":true,"href":"https:\/\/www.bibula.com\/index.php?rest_route=%2Fwp%2Fv2%2Fcomments&post=95488"}],"version-history":[{"count":0,"href":"https:\/\/www.bibula.com\/index.php?rest_route=\/wp\/v2\/posts\/95488\/revisions"}],"wp:attachment":[{"href":"https:\/\/www.bibula.com\/index.php?rest_route=%2Fwp%2Fv2%2Fmedia&parent=95488"}],"wp:term":[{"taxonomy":"category","embeddable":true,"href":"https:\/\/www.bibula.com\/index.php?rest_route=%2Fwp%2Fv2%2Fcategories&post=95488"},{"taxonomy":"post_tag","embeddable":true,"href":"https:\/\/www.bibula.com\/index.php?rest_route=%2Fwp%2Fv2%2Ftags&post=95488"}],"curies":[{"name":"wp","href":"https:\/\/api.w.org\/{rel}","templated":true}]}}