{"id":95469,"date":"2017-05-03T16:51:15","date_gmt":"2017-05-03T20:51:15","guid":{"rendered":"http:\/\/www.bibula.com\/?p=95469"},"modified":"2017-05-04T09:33:14","modified_gmt":"2017-05-04T13:33:14","slug":"rzecznik-praw-obywatelskich-operacja-wisla-byla-zbrodnia-przeciwko-ludzkosci","status":"publish","type":"post","link":"https:\/\/www.bibula.com\/?p=95469","title":{"rendered":"Rzecznik Praw Obywatelskich: operacja \u201eWis\u0142a&#8221; by\u0142a zbrodni\u0105 przeciwko ludzko\u015bci"},"content":{"rendered":"<p><strong>Rzecznik Praw Obywatelskich, dr Adam Bodnar, nazwa\u0142 operacj\u0119 \u201eWis\u0142a\u201d zbrodni\u0105 przeciwko ludzko\u015bci. Opini\u0119 t\u0119 powt\u00f3rzy\u0142 podczas obchod\u00f3w 70. rocznicy tych wydarze\u0144 w&nbsp;Przemy\u015blu.<\/strong><\/p>\r\n<p>W miniony weekend w&nbsp;Przemy\u015blu zorganizowano spo\u0142eczne obchody 70. rocznicy operacji \u201eWis\u0142a\u201d. Zosta\u0142y zorganizowane przez Zwi\u0105zek Ukrai\u0144c\u00f3w w&nbsp;Polsce oraz spo\u0142eczny Honorowy Komitet Obchod\u00f3w, kt\u00f3ry sam zebra\u0142 fundusze na&nbsp;organizacj\u0119 tej uroczysto\u015bci.<\/p>\r\n<p>W ich inauguracji uczestniczyli m.in. wicemarsza\u0142ek Senatu &#8211; Bogdan Borusewicz, pos\u0142owie, rzecznik praw obywatelskich, przedstawiciele w\u0142adz miejskich Przemy\u015bla, ale te\u017c duchowni greckokatoliccy z&nbsp;abp. seniorem Janem Martyniakiem.<\/p>\r\n<p>Jak podaje TVP Rzesz\u00f3w, prelegenci podkre\u015blali, \u017ce akcja Wis\u0142a \u201eby\u0142a wielk\u0105 czystk\u0105 etniczn\u0105, kt\u00f3rej celem mia\u0142o by\u0107 rozprzestrzenienie i&nbsp;wynarodowienie mniejszo\u015bci ukrai\u0144skiej w&nbsp;Polsce\u201d. Z kolei dr Bodnar, rzecznik praw obywatelskich (RPO), u\u017cy\u0142 nawet terminu \u201ezbrodnia przeciwko ludzko\u015bci\u201d.<\/p>\r\n<ul>\r\n\t<li>PRZECZYTAJ:&nbsp;<a title=\"Odno\u015bnik bezpo\u015bredni: Poroszenko o&nbsp;akcji \u201eWis\u0142a\u201d: \u201ePodczas deportacji \u017cycie straci\u0142y tysi\u0105ce Ukrai\u0144c\u00f3w\u201d\" href=\"https:\/\/kresy.pl\/wydarzenia\/poroszenko-o-akcji-wisla-podczas-deportacji-zycie-stracily-tysiace-ukraincow\/\" rel=\"bookmark\">POROSZENKO O AKCJI \u201eWIS\u0141A\u201d: \u201ePODCZAS DEPORTACJI \u0179YCIE STRACI\u0141Y TYSI\u0104CE UKRAI\u0143C\u00d3W\u201d<\/a><\/li>\r\n<\/ul>\r\n<p>Wcze\u015bniej, 28 kwietnia, w&nbsp;rocznic\u0119 rozpocz\u0119cia operacji \u201eWis\u0142a\u201d, w&nbsp;specjalnym o\u015bwiadczeniu Bodnar napisa\u0142:<\/p>\r\n<p><em>&#8211; Zmuszanie ludzi do opuszczenia swojego miejsca zamieszkania, przenoszenie ich na&nbsp;inne terytorium (w granicach danego pa\u0144stwa), likwidowanie w&nbsp;ten spos\u00f3b wi\u0119zi spo\u0142ecznych, kulturowych i&nbsp;etnicznych &#8211; <strong>to przyk\u0142ady \u0142amania praw cz\u0142owieka, kt\u00f3re wype\u0142niaj\u0105 kryteria zbrodni przeciwko ludzko\u015bci.<\/strong> Tak stanowi\u0142y og\u00f3lne normy prawa mi\u0119dzynarodowego, kt\u00f3re w&nbsp;momencie przeprowadzenia akcji by\u0142y ju\u017c na&nbsp;\u015bwiecie znane i&nbsp;ukszta\u0142towane.<\/em><\/p>\r\n<ul>\r\n\t<li>PRZECZYTAJ: <a title=\"Wysiedlanie ukrai\u0144skiej wsi w&nbsp;czasie akcji \"Wis\u0142a\".\" href=\"http:\/\/kresy.pl\/publicystyka\/w-sprawi-akcji-wisla\/\" rel=\"bookmark\">W sprawie akcji \u201eWis\u0142a\u201d<\/a><\/li>\r\n<\/ul>\r\n<p>Bodnar zaznaczy\u0142 r\u00f3wnie\u017c, \u017ce wielu historyk\u00f3w \u201ema powa\u017cne w\u0105tpliwo\u015bci odno\u015bnie jej zasadno\u015bci i&nbsp;podnosi argument, \u017ce nie by\u0142o to dzia\u0142anie niezb\u0119dne z&nbsp;punktu widzenia wojskowego i&nbsp;bezpiecze\u0144stwa (zwalczanie UPA)\u201d. <strong><em>&#8211; (\u2026) warto zauwa\u017cy\u0107, \u017ce zgodnie z&nbsp;mi\u0119dzynarodowymi standardami praw cz\u0142owieka, nawet gdyby taki pow\u00f3d by\u0142 czasowo uzasadniony, to nale\u017ca\u0142o nast\u0119pnie da\u0107 szans\u0119 ludno\u015bci na&nbsp;powr\u00f3t i&nbsp;zamieszkanie na&nbsp;tym samym terytorium. Tak si\u0119 jednak nigdy nie sta\u0142o<\/em> <\/strong>&#8211; napisa\u0142 RPO.<\/p>\r\n<ul>\r\n\t<li>PRZECZYTAJ:&nbsp;<a title=\"Odno\u015bnik bezpo\u015bredni: Pos\u0142owie PO do rz\u0105du: m\u00f3wicie o&nbsp;Wo\u0142yniu, a nie o&nbsp;Akcji \u201eWis\u0142a\u201d; proponujecie Polakom t\u0119py nacjonalizm\" href=\"http:\/\/kresy.pl\/wydarzenia\/poslowie-po-do-rzadu-mowicie-o-wolyniu-a-nie-o-akcji-wisla-proponujecie-polakom-tepy-nacjonalizm\/\" rel=\"bookmark\">POS\u0141OWIE PO DO RZ\u0104DU: M\u00d3WICIE O WO\u0141YNIU, A NIE O AKCJI \u201eWIS\u0141A\u201d; PROPONUJECIE POLAKOM T\u0118PY NACJONALIZM <\/a><\/li>\r\n<\/ul>\r\n<p>Z kolei prof.&nbsp;Roman Drozd, prezes Ukrai\u0144skiego Towarzystwa Historycznego stwierdzi\u0142 w&nbsp;Przemy\u015blu, \u017ce mo\u017cna by\u0142o zastosowa\u0107 inne metody walki z&nbsp;UPA &#8211; m.in. w&nbsp;postaci amnestii:<\/p>\r\n<p><em>&#8211; <strong>My znamy przypadki z&nbsp;historii, \u017ce mo\u017cna by\u0142o innymi metodami zlikwidowa\u0107 Ukrai\u0144sk\u0105 Powsta\u0144cz\u0105 Armi\u0119. Mam tu na&nbsp;my\u015bli chocia\u017cby likwidacj\u0119 polskiego podziemia niepodleg\u0142o\u015bciowego, o&nbsp;wiele liczniejsz\u0105 i&nbsp;bardziej zorganizowana partyzantk\u0119, ni\u017c Ukrai\u0144ska Powsta\u0144cza Armia. Poprzez zastosowanie dzia\u0142a\u0144 politycznych w&nbsp;postaci amnestii. A tego nie zastosowano wobec cz\u0142onk\u00f3w podziemia ukrai\u0144skiego.<\/strong><\/em><\/p>\r\n<section class=\"adsblock_section avia_code_block_section avia_code_block_0\"><\/section>\r\n<p>Z tak\u0105 tez\u0105 nie zgadza si\u0119 historyk i&nbsp;ekspert ds. bezpiecze\u0144stwa, dr Andrzej Zapa\u0142owski, badaj\u0105cy dzia\u0142alno\u015b\u0107 UPA na&nbsp;terenie powiatu przemyskiego Wed\u0142ug niego wysiedlenie wiosek ukrai\u0144skich stanowi\u0105cych zaplecze dla dzia\u0142alno\u015bci UPA by\u0142o jedyn\u0105 mo\u017cliwo\u015bci\u0105 powstrzymania terroru i&nbsp;dalszych zbrodni.&nbsp;Podkre\u015bla, \u017ce nie mo\u017cna tu m\u00f3wi\u0107 o&nbsp;czystce etnicznej.<\/p>\r\n<p>Podczas wieczornej cz\u0119\u015bci obchod\u00f3w w&nbsp;Narodnym Domu w&nbsp;Przemy\u015blu, na&nbsp;widowni by\u0142a obecna grupa Polak\u00f3w trzymaj\u0105cych transparent przypominaj\u0105cy o&nbsp;Polakach zamordowanych przez UPA.<\/p>\r\n<p>Jak informowali\u015bmy wcze\u015bniej, ZUwP stara\u0142 si\u0119 o&nbsp;dotacj\u0119 z&nbsp;MSWiA na&nbsp;zadanie \u201eAkcja \u201eWis\u0142a\u201d &#8211; 70 lat po\u201d. Wnioskowano o&nbsp;kwot\u0119 ok. 60 tys. z\u0142. <a href=\"http:\/\/kresy.pl\/wydarzenia\/mswia-odmowilo-wsparcia-obchodow-rocznicy-akcji-wisla\/\">Ministerstwo nie przyzna\u0142o Zwi\u0105zkowi Ukrai\u0144c\u00f3w \u017cadnych \u015brodk\u00f3w na&nbsp;ten cel<\/a>. Pieni\u0119dzy nie otrzyma\u0142y r\u00f3wnie\u017c dwie organizacje \u0142emkowskie, kt\u00f3re r\u00f3wnie\u017c z\u0142o\u017cy\u0142y wniosek o&nbsp;dofinansowanie dzia\u0142a\u0144 w&nbsp;ramach obchod\u00f3w rocznicy operacji \u201eWis\u0142a\u201d.<\/p>\r\n<ul>\r\n\t<li>Przeczytaj: <strong><a href=\"http:\/\/kresy.pl\/wydarzenia\/x420-tys-zl-dotacji-od-rzadu-pis-dla-ukrainskiej-gazety-ktora-nazwala-pilsudskiego-miedzynarodowym-terrorysta\/\">420 tys. z\u0142 dotacji od rz\u0105du PiS dla ukrai\u0144skiej gazety, kt\u00f3ra nazwa\u0142a Pi\u0142sudskiego mi\u0119dzynarodowym terroryst\u0105<\/a><\/strong><\/li>\r\n<\/ul>\r\n<p>Zwi\u0105zek Ukrai\u0144c\u00f3w w&nbsp;Polsce prowadzi zbi\u00f3rk\u0119 na&nbsp;spo\u0142eczne obchody, przy wsparciu \u201eGazety Wyborczej\u201d i&nbsp;Komitetu Obrony Demokracji. W sk\u0142ad komitetu spo\u0142ecznego wchodz\u0105 m.in. Danuta Kuro\u0144, Krystyna Zachwatowicz, ojciec Tomasz Dostatni OP, prof. W\u0142odzimierz Mokry, Adam Bodnar, Andrzej Seweryn i&nbsp;Andrzej Stasiuk.<\/p>\r\n<p>Zgodnie z&nbsp;decyzj\u0105 ukrai\u0144skich w\u0142adz samorz\u0105dowych, <a href=\"http:\/\/kresy.pl\/wydarzenia\/ukraina-dzien-70-rocznicy-akcji-wisla-zostal-ogloszony-dniem-zaloby-w-obwodzie-lwowskim\/\">dzie\u0144 70. rocznicy akcji \u201eWis\u0142a\u201d zosta\u0142 og\u0142oszony we Lwowie i&nbsp;obwodzie lwowskim dniem \u017ca\u0142oby<\/a>. <a href=\"http:\/\/nowe.kresy.pl\/wydarzenia\/lwow-rocznica-akcji-wisla-bedzie-dniem-zaloby\/\">Podobna sytuacja mia\u0142a te\u017c miejsce przed pi\u0119ciu laty<\/a>.<\/p>\r\n<p>Akcja \u201eWis\u0142a\u201d, polegaj\u0105ca na&nbsp;przymusowym przesiedleniu ludno\u015bci ukrai\u0144skiej z&nbsp;Polski po\u0142udniowo-wschodniej na&nbsp;Ziemie Odzyskane, zosta\u0142a przeprowadzona przez w\u0142adze komunistyczne od kwietnia do ko\u0144ca lipca 1947 r. W jej ramach przesiedlono ponad 140 tys. os\u00f3b. Podczas transport\u00f3w \u015bmier\u0107 ponios\u0142o 27 os\u00f3b. S\u0105dy wojskowe za wsp\u00f3\u0142prac\u0119 z&nbsp;UPA skaza\u0142y na&nbsp;\u015bmier\u0107 175 os\u00f3b. Niespe\u0142na 4 tys. os\u00f3b umieszczono w&nbsp;obozie w&nbsp;Jaworznie, gdzie &#8211; <a href=\"https:\/\/kresy.pl\/wydarzenia\/poroszenko-o-akcji-wisla-podczas-deportacji-zycie-stracily-tysiace-ukraincow\/\">jak podaje &nbsp;historyk Timothy Snyder<\/a> &#8211; zgin\u0119\u0142o \u201ekilkudziesi\u0119ciu Ukrai\u0144c\u00f3w, w&nbsp;tym dwie kobiety, kt\u00f3re pope\u0142ni\u0142y samob\u00f3jstwo\u201d.<\/p>\r\n<section class=\"adsblock_section avia_code_block_section avia_code_block_1\"><\/section>\r\n<p><strong>OPERACJA WIS\u0141A<\/strong><\/p>\r\n<p>Dr Andrzej Zapa\u0142owski w&nbsp;rozmowie z&nbsp;Kresami.pl zwraca\u0142 wcze\u015bniej uwag\u0119, \u017ce w&nbsp;przypadku operacji \u201eWis\u0142a\u201d, poj\u0119cie \u201eczystka etniczna\u201d, kt\u00f3rym pos\u0142uguj\u0105 si\u0119 m.in. pos\u0142owie PO, jest \u201eabsolutn\u0105 bzdur\u0105\u201d.<\/p>\r\n<p><em>&#8211; Czystka etniczna to \u015bwiadome, zaplanowane przeprowadzenie operacji usuni\u0119cia danej ludno\u015bci r\u00f3\u017cnymi metodami z&nbsp;jakiego\u015b terenu ze wzgl\u0119d\u00f3w politycznych i&nbsp;narodowo\u015bciowych <\/em>&#8211; zaznacza ekspert. &#8211;<em> Operacja \u201eWis\u0142a\u201d by\u0142a dzia\u0142aniem wojskowym, kt\u00f3rego celem by\u0142o doprowadzenie do stabilizacji na&nbsp;pewnym obszarze Polski. <strong>Trzy lata po zako\u0144czeniu wojny na&nbsp;tych obszarach, mieli\u015bmy do czynienia z&nbsp;masow\u0105 akcj\u0105 terroryzowania zamieszkuj\u0105cej je ludno\u015bci. Niezale\u017cnie od tego, czy by\u0142a ona narodowo\u015bci polskiej, czy ukrai\u0144skiej.<\/strong> By\u0142 to spos\u00f3b na&nbsp;niwelacj\u0119 tego zagro\u017cenia &#8211;<\/em> m\u00f3wi dr Zapa\u0142owski.<\/p>\r\n<ul>\r\n\t<li>PRZECZYTAJ: <a title=\"S\u0142awomir Nitras, Rafa\u0142 Trzaskowski. Fot. wsensie.pl\" href=\"http:\/\/kresy.pl\/wydarzenia\/dr-zapalowski-dla-kresow-pl-kompletni-ignoranci-z-po-wpisuja-sie-w-polityke-zwiazku-ukraincow\/\" rel=\"bookmark\">Dr Zapa\u0142owski dla Kres\u00f3w.pl: kompletni ignoranci z&nbsp;PO wpisuj\u0105 si\u0119 w&nbsp;polityk\u0119 Zwi\u0105zku Ukrai\u0144c\u00f3w<\/a><\/li>\r\n<\/ul>\r\n<p>Ekspert zaznacza, \u017ce trzeba pami\u0119ta\u0107, \u017ce wymiana ludno\u015bci mi\u0119dzy Polsk\u0105 a ZSRR zako\u0144czy\u0142a si\u0119 latem 1946 roku.<\/p>\r\n<p><em><strong>&#8211; Okaza\u0142o si\u0119, \u017ce do ko\u0144ca 1946 i&nbsp;na&nbsp;pocz\u0105tku 1947 roku wcale nie zmala\u0142a ilo\u015b\u0107 napad\u00f3w na&nbsp;ludno\u015b\u0107 cywiln\u0105. Miesi\u0119cznie waha\u0142a si\u0119 ona od kilkudziesi\u0119ciu do kilkuset przypadk\u00f3w. W dalszym ci\u0105gu przeprowadzano dzia\u0142ania w&nbsp;formie mord\u00f3w ludno\u015bci zamieszkuj\u0105cej te tereny.<\/strong> Nie mia\u0142y one ju\u017c masowego charakteru, jak wcze\u015bniej, ale nadal do nich dochodzi\u0142o. Ma\u0142o tego &#8211; <strong>wiosn\u0105 1947 r. UPA dokonywa\u0142a akcji na&nbsp;obszary zamieszka\u0142e wy\u0142\u0105cznie przez Polak\u00f3w, wychodz\u0105c poza swoje obszary bazowe.<\/strong> Np. w&nbsp;lutym i&nbsp;marcu 1947 roku cz\u0142onkowie UPA penetrowali obszary na&nbsp;par\u0119dziesi\u0105t kilometr\u00f3w w&nbsp;g\u0142\u0105b&nbsp; teren\u00f3w polskich &#8211; <strong>gdzie palono, mordowano, rabowano itd.<\/strong><\/em> &#8211; przypomina historyk.<\/p>\r\n<p>Rzeszow.tvp.pl \/ rpo.gov.<\/p>\r\n<p class=\"zrodlo\">Za: <a href=\"http:\/\/kresy.pl\/wydarzenia\/rzecznik-praw-obywatelskich-operacja-wisla-byla-zbrodnia-przeciwko-ludzkosci\/\">Kresy.pl (2 maja 2017)<\/a><\/p>\r\n<h4>&nbsp;<\/h4>\r\n<hr style=\"background-color: #000000; border-width: 0; color: #000000; height: 2px; line-height: 0; text-align: center; width: 100%;\">\r\n<h4>&nbsp;<\/h4>\r\n<blockquote>\r\n<p><strong>KOMENTARZ <em>BIBU\u0141Y<\/em><\/strong>: Niestety, regu\u0142\u0105 w dzisiejszej Polsce jest to, \u017ce tak naprawd\u0119 nie znamy \u017cyciorys\u00f3w os\u00f3b sprawuj\u0105cych najwa\u017cniejsze funkcje w Pa\u0144stwie i pan Bodnar jest tego znakomitym przyk\u0142adem. Nie znamy nic poza tym, \u017ce jest &#8222;doktorem prawa&#8221;, lecz kto go wychowa\u0142, w jakiej to rodzinie wzrasta\u0142, kto go ukszta\u0142towa\u0142, co tak w\u0142a\u015bciwie robi\u0142 do czasu gdy zosta\u0142 wyci\u0105gni\u0119ty z kapelusza do sprawowania powierzonej funkcji&nbsp; &#8211; to wszystko s\u0105 tematy tabu, a przecie\u017c w\u0142a\u015bnie z tego buduje si\u0119 pe\u0142ny obraz cz\u0142owieka, kt\u00f3remu powierzono w\u0142adz\u0119.<\/p>\r\n<p>Z wycinkowych informacji i wypowiedzi widzimy, \u017ce \u015bwie\u017cy absolwent Uniwersytetu Warszawskiego, jako m\u0142okos, czyli 24-latek dostaje od razu prac\u0119 w kancelarii &#8222;Weil, Gotshal &amp; Manges&#8221; (\u017cydowskiej firmie prawniczej zatrudniaj\u0105cej oko\u0142o 1000 grubych ryb &#8222;lojerskich&#8221;, z g\u0142\u00f3wn\u0105 siedzib\u0105 w Nowym Jorku i biurach w kilkunastu pa\u0144stwach; firmie za\u0142o\u017conej &#8211; jak w nazwie &#8211; przez trzech \u017byd\u00f3w), gdzie pracuj\u0105c &#8211; cytat &#8211; &#8222;bra\u0142 udzia\u0142 w negocjacjach i przygotowywa\u0142 raporty o sp\u00f3\u0142kach b\u0119d\u0105cych potencjalnymi obiektami przej\u0119\u0107&#8221;. Innymi s\u0142owy: \u015bwie\u017co upieczony magister Bodnar pracuj\u0105c w \u017cydowskiej mi\u0119dzynarodowej firmie w Warsaw Financial Center, czynnie uczestniczy\u0142 w planach wyprzeda\u017cy polskiego maj\u0105tku. Oczywi\u015bcie nie wiemy jakie to walory zadecydowa\u0142y, \u017ce \u017cydowska mi\u0119dzynarodowa firma zatrudni\u0142a w\u0142a\u015bnie m\u0142odego magistra Bodnara a nie innego zdolnego absolwenta. Czy by\u0142y to np. koneksje rodzinne, czy jaki\u015b walor zapachu, czy wyra\u017anie polskie nazwisko, a mo\u017ce i to, \u017ce ju\u017c jako student aktywnie wsp\u00f3\u0142pracowa\u0142 ze Stowarzyszeniem &#8222;Nigdy Wi\u0119cej&#8221;, czy te\u017c w sumie za jego g\u0142\u0119boko lewackie pogl\u0105dy i zainteresowania. Nie wiemy tego i pozostanie to tajemnic\u0105 biznesow\u0105 firmy Weil, Gotshal &amp; Manges, ale chcieliby\u015bmy chocia\u017c mie\u0107 pewno\u015b\u0107, \u017ce Adam Bodnar nie jest synem Artura Bodnara &#8211; komunisty, kt\u00f3ry ju\u017c w wieku 19 lat zapisa\u0142 si\u0119 do PZPR i zosta\u0142 jej wierny; absolwenta (1954) Leningradzkiego Instytutu Planowania; eksperta w Sekretariacie RW\u00adPG w Moskwie; cz\u0142onka rozm\u00f3w w Magdalence jako wybraniec gen. Kiszczaka; i &#8211; jaka\u017c to zbie\u017cno\u015b\u0107 &#8211; profesora Uniwersytetu Warszawskiego, kt\u00f3rej to uczelni Adam Bodnar jest dumnym absolwentem. (Znamienne, \u017ce gdy pan dr Adam Bodnar zosta\u0142 wybrany w 2015 roku Rzecznikiem Praw Cz\u0142owieka, odezwa\u0142 si\u0119 pan redaktor Daniel Passent &#8211; inny czo\u0142owy przedstawiciel \u017cydowskiego establishmentu, zarejestrowany przez komunistyczn\u0105 bezpiek\u0119 jako ich Tajny Wsp\u00f3\u0142pracownik &#8211; kt\u00f3ry w swoim felietonie w pi\u015bmie Polityka (<a href=\"http:\/\/passent.blog.polityka.pl\/2015\/07\/24\/bodnar-wybrany-kopacz-wygrana\/\">&#8222;<em>Bodnar wybrany &#8211; Kopacz wygrana<\/em><\/a>&#8222;) oczywi\u015bcie pogratulowa\u0142 wyboru i a\u017c 3 razy w kr\u00f3tkim tek\u015bcie zamiast imienia Adam u\u017cy\u0142 Artur&#8221; (&#8222;<em>Bogate do\u015bwiadczenie Artura Bodnara w&nbsp;tym sektorze&#8230;<\/em>&#8222;; &#8222;<em>Wyb\u00f3r Artura Bodnara to kolejny sygna\u0142&#8230;<\/em>&#8222;).<\/p>\r\n<p>Kariera m\u0142odego Adama Bodnara jest imponuj\u0105ca: porzuca intratn\u0105 &#8222;prac\u0119 korporacyjn\u0105&#8221; i przenosi si\u0119 do Helsi\u0144skiej Fundacji Praw Cz\u0142owieka, czyli polskiej odnogi mi\u0119dzynarod\u00f3wki \u017cydowskiego gestapo. Zdobywa te\u017c szczyty naukowych osi\u0105gni\u0119\u0107, robi doktorat i jest autorem m.in. takich &#8222;rozpraw naukowych&#8221; jak: &#8222;<em>Zakaz dyskryminacji os\u00f3b homoseksualnych pozostaj\u0105cych w zwi\u0105zkach partnerskich<\/em>&#8221; (2008), czy&nbsp; &#8222;<i>Orientacja seksualna i to\u017csamo\u015b\u0107 p\u0142ciowa. Aspekty prawne i spo\u0142eczne<\/i>&#8221; (wsp\u00f3\u0142redaktor, 2009). Jest te\u017c laureatem Nagrody Tolerancji nadawanej przez lesbijsko-gejowsk\u0105 organizacj\u0119 Stowarzyszenie Lambda Warszawa, a obecnie kieruje urz\u0119dem Rzecznika Praw Obywatelskich &#8211; na kt\u00f3r\u0105 to funkcj\u0119 wybrany zosta\u0142 i zatwierdzony przez pos\u0142\u00f3w Platformy Obywatelskiej, Sojuszu Lewicy Demokratycznej i Polskiego Stronnictwa Ludowego.<\/p>\r\n<p>Pan doktor Bodnar dzisiaj jako Rzecznik Praw Obywatelskich szkaluje Polak\u00f3w i w tak charakterystycznym stylu komunistyczno-\u017cydowskiego przepisywania historii, robi w bezczelny spos\u00f3b kat\u00f3w z polskich ofiar.<\/p>\r\n<p>Po ponad \u0107wier\u0107 wieku funkcjonowania tzw. wolnej Polski, najwy\u017csza pora aby szeroko dostrzegana \u017cydokomuna &#8211; czy to w postaci osobnik\u00f3w bezpo\u015brednio ho\u0142duj\u0105cych swym patronom leninowsko-trockistowskim, czy te\u017c manifestuj\u0105ca si\u0119 w inny spos\u00f3b &#8211; potraci\u0142a wreszcie mo\u017cliwo\u015b\u0107 wp\u0142ywania na dzieje Polski i &#8211; Nigdy Wi\u0119cej! &#8211; nie mog\u0142a ju\u017c kszta\u0142towa\u0107 i deformowa\u0107 polskiego spo\u0142ecze\u0144stwa.<\/p>\r\n<\/blockquote>\r\n<h4>&nbsp;<\/h4>\r\n<hr style=\"background-color: #000000; border-width: 0; color: #000000; height: 2px; line-height: 0; text-align: center; width: 100%;\">\r\n<h4>&nbsp;<\/h4>","protected":false},"excerpt":{"rendered":"Rzecznik Praw Obywatelskich, dr Adam Bodnar, nazwa\u0142 operacj\u0119 \u201eWis\u0142a\u201d zbrodni\u0105 przeciwko ludzko\u015bci. Opini\u0119 t\u0119 powt\u00f3rzy\u0142 podczas obchod\u00f3w 70. rocznicy tych wydarze\u0144 w&nbsp;Przemy\u015blu. W miniony weekend w&nbsp;Przemy\u015blu zorganizowano spo\u0142eczne obchody 70. rocznicy operacji \u201eWis\u0142a\u201d. Zosta\u0142y zorganizowane przez Zwi\u0105zek Ukrai\u0144c\u00f3w w&nbsp;Polsce oraz spo\u0142eczny Honorowy Komitet Obchod\u00f3w, kt\u00f3ry sam zebra\u0142 fundusze na&nbsp;organizacj\u0119 tej uroczysto\u015bci. W ich inauguracji uczestniczyli [&hellip;]","protected":false},"author":1,"featured_media":0,"comment_status":"closed","ping_status":"closed","sticky":false,"template":"","format":"standard","meta":{"_acf_changed":false,"_monsterinsights_skip_tracking":false,"ngg_post_thumbnail":0,"footnotes":"","_wp_rev_ctl_limit":""},"categories":[8],"tags":[65,98,17],"acf":[],"_links":{"self":[{"href":"https:\/\/www.bibula.com\/index.php?rest_route=\/wp\/v2\/posts\/95469"}],"collection":[{"href":"https:\/\/www.bibula.com\/index.php?rest_route=\/wp\/v2\/posts"}],"about":[{"href":"https:\/\/www.bibula.com\/index.php?rest_route=\/wp\/v2\/types\/post"}],"author":[{"embeddable":true,"href":"https:\/\/www.bibula.com\/index.php?rest_route=\/wp\/v2\/users\/1"}],"replies":[{"embeddable":true,"href":"https:\/\/www.bibula.com\/index.php?rest_route=%2Fwp%2Fv2%2Fcomments&post=95469"}],"version-history":[{"count":0,"href":"https:\/\/www.bibula.com\/index.php?rest_route=\/wp\/v2\/posts\/95469\/revisions"}],"wp:attachment":[{"href":"https:\/\/www.bibula.com\/index.php?rest_route=%2Fwp%2Fv2%2Fmedia&parent=95469"}],"wp:term":[{"taxonomy":"category","embeddable":true,"href":"https:\/\/www.bibula.com\/index.php?rest_route=%2Fwp%2Fv2%2Fcategories&post=95469"},{"taxonomy":"post_tag","embeddable":true,"href":"https:\/\/www.bibula.com\/index.php?rest_route=%2Fwp%2Fv2%2Ftags&post=95469"}],"curies":[{"name":"wp","href":"https:\/\/api.w.org\/{rel}","templated":true}]}}