{"id":95403,"date":"2017-04-28T14:02:19","date_gmt":"2017-04-28T18:02:19","guid":{"rendered":"http:\/\/www.bibula.com\/?p=95403"},"modified":"2017-04-28T14:02:19","modified_gmt":"2017-04-28T18:02:19","slug":"prof-zaryn-polemizuje-z-dokumentem-kep-polski-nacjonalizm-nie-ma-nic-wspolnego-z-nienawiscia","status":"publish","type":"post","link":"https:\/\/www.bibula.com\/?p=95403","title":{"rendered":"Prof. \u0179aryn polemizuje z dokumentem KEP: polski nacjonalizm nie ma nic wsp\u00f3lnego z nienawi\u015bci\u0105"},"content":{"rendered":"<p><strong>Senator PiS prof. Jan \u0179aryn skomentowa\u0142 w rozmowie z KAI tre\u015b\u0107 dokumentu opracowanego przez Konferencj\u0119 Episkopatu Polski, kt\u00f3ry dotyczy\u0142 patriotyzmu. Historyk z UKSW wyrazi\u0142 sw\u00f3j sprzeciw wobec zapisu o nadu\u017cywaniu historii. Doda\u0142 r\u00f3wnie\u017c, \u017ce polski nacjonalizm nie ma nic wsp\u00f3lnego z nienawi\u015bci\u0105, a polscy biskupi z okresu II RP uto\u017csamiali si\u0119 z chrze\u015bcija\u0144skim nacjonalizmem.<\/strong><\/p>\r\n<p>Zdaniem prof. Jana \u0179aryna, powstanie listu biskup\u00f3w jest spowodowane zauwa\u017calnym \u201erenesansem\u201d postaw patriotycznych jakie obserwuje si\u0119 we wsp\u00f3\u0142czesnym spo\u0142ecze\u0144stwie, zw\u0142aszcza w\u015br\u00f3d ludzi m\u0142odych. Historyk przypomnia\u0142, \u017ce dokument zwraca uwag\u0119 na patriotyzm, jako jeden z wymiar\u00f3w mi\u0142o\u015bci do narodu i wsp\u00f3lnoty, mi\u0142o\u015bci zawartej w Pi\u015bmie \u015awi\u0119tym i wyrastaj\u0105cej z chrze\u015bcija\u0144skiego przykazania: mi\u0142uj bli\u017aniego, jak siebie samego. Podkre\u015bli\u0142 jednak, \u017ce nie mo\u017cna zgodzi\u0107 si\u0119 ze wszystkimi elementami zawartymi w dokumencie.<\/p>\r\n<p>Kontrowersje zdaniem prof. \u0179aryna budzi przede wszystkim stwierdzenie o nadu\u017cywaniu historii jako argumentu, kt\u00f3ry mo\u017ce by\u0107 potraktowany jako \u201enienawistna pa\u0142ka do burzenia wsp\u00f3\u0142czesnych relacji spo\u0142eczno-gospodarczych, czy politycznych\u201d. Senator dodaje r\u00f3wnie\u017c, \u017ce w dokumencie nadu\u017cywa si\u0119 poj\u0119cia nacjonalizm i ostro go pot\u0119pia.&nbsp;Historyk wskaza\u0142, \u017ce historia nie jest czym\u015b, co zosta\u0142o wymy\u015blone przez nas, ale jest zjawiskiem niezale\u017cnym, oddzia\u0142uj\u0105cym na wsp\u00f3\u0142czesno\u015b\u0107, kt\u00f3re dane jest nam do rozpoznania. &#8211; Historia jednak jest nauk\u0105 \u017cycia i je\u017celi nie jest w\u0142a\u015bciwie rozliczana, to pokolenie wsp\u00f3\u0142czesnych ludzi jest gotowe czarne karty swojej historii powt\u00f3rzy\u0107. Nie jest to nadu\u017cywanie historii, a rozumienie jej &#8211; powiedzia\u0142.<\/p>\r\n<p>&#8211; Pr\u00f3buj\u0119 zrozumie\u0107 to jako przestrog\u0119 dla tych, kt\u00f3rzy podobnie jak ja, zaanga\u017cowali si\u0119 w jednoznaczne stwierdzenie, \u017ce relacje polsko-ukrai\u0144skie nie b\u0119d\u0105 relacjami w\u0142a\u015bciwymi, dop\u00f3ki w spos\u00f3b jednoznaczny nie b\u0119dzie wyja\u015bniona kwestia ludob\u00f3jstwa. Je\u015bli tak mam odczytywa\u0107 ten dokument, to nie mog\u0119 si\u0119 z nim zgodzi\u0107 &#8211; t\u0142umaczy\u0142.<\/p>\r\n<p>Prof. Jan \u0179aryn ma tak\u017ce zastrze\u017cenia wobec &#8211; jego zdaniem &#8211; nadu\u017cywania poj\u0119cia nacjonalizmu i jednoznacznego pot\u0119pienia go. &#8211; Jeste\u015bmy wychowywani w tradycji, w kt\u00f3rej nacjonalizm nale\u017cy odczytywa\u0107 przez pryzmat nazizmu. Natomiast w przypadku polskiej szko\u0142y my\u015blenia ideowo-politycznego, nacjonalizm, nawet je\u015bli dzisiaj jest nieakceptowalny przez nauczanie Ko\u015bcio\u0142a, to nie ma nic wsp\u00f3lnego z nienawi\u015bci\u0105 &#8211; stwierdzi\u0142.<br>\r\n <br>\r\n &#8211; Znam liczne wypowiedzi i postawy polskich biskup\u00f3w II RP, kt\u00f3rzy bardziej uto\u017csamiali si\u0119 z chrze\u015bcija\u0144skim nacjonalizmem, ni\u017c raczkuj\u0105cym, w sensie definicji, zjawiskiem nazywanym spo\u0142eczn\u0105 nauk\u0105 Ko\u015bcio\u0142a &#8211; przypomnia\u0142 prof. \u0179aryn.<br>\r\n <br>\r\n Historyk doceni\u0142 natomiast, \u017ce jednym z wymiar\u00f3w patriotyzmu, przywo\u0142anych w li\u015bcie episkopatu, jest wychowanie w rodzinie oraz to, co nazywamy wychowaniem w polskiej historii i dziedzictwie. &#8211; Rozpoznanie kszta\u0142tu polsko\u015bci jest warunkiem <em>sine qua non<\/em>, do tego, by ta wsp\u00f3lnota narodowa mog\u0142a by\u0107 kochana &#8211; wskaza\u0142 historyk UKSW.<\/p>\r\n<p>\u0179r\u00f3d\u0142o: KAI, PCh24.pl<\/p>\r\n<p>WMa<\/p>\r\n<h4>&nbsp;<\/h4>\r\n<hr style=\"background-color: #000000; border-width: 0; color: #000000; height: 2px; line-height: 0; text-align: center; width: 100%;\">\r\n<h4>&nbsp;<\/h4>\r\n<blockquote>\r\n<p><strong>KOMENTARZ <em>BIBU\u0141Y<\/em><\/strong> &#8211; zobacz i nasz komentarz na temat Dokumentu KEP-u, pod tekstem <strong><span style=\"text-decoration: underline;\"><a href=\"http:\/\/www.bibula.com\/?p=95383\">tutaj<\/a><\/span><\/strong><\/p>\r\n<\/blockquote>\r\n<h4>&nbsp;<\/h4>\r\n<hr style=\"background-color: #000000; border-width: 0; color: #000000; height: 2px; line-height: 0; text-align: center; width: 100%;\">\r\n<h4>&nbsp;<\/h4>","protected":false},"excerpt":{"rendered":"Senator PiS prof. Jan \u0179aryn skomentowa\u0142 w rozmowie z KAI tre\u015b\u0107 dokumentu opracowanego przez Konferencj\u0119 Episkopatu Polski, kt\u00f3ry dotyczy\u0142 patriotyzmu. Historyk z UKSW wyrazi\u0142 sw\u00f3j sprzeciw wobec zapisu o nadu\u017cywaniu historii. Doda\u0142 r\u00f3wnie\u017c, \u017ce polski nacjonalizm nie ma nic wsp\u00f3lnego z nienawi\u015bci\u0105, a polscy biskupi z okresu II RP uto\u017csamiali si\u0119 z chrze\u015bcija\u0144skim nacjonalizmem. Zdaniem [&hellip;]","protected":false},"author":1,"featured_media":0,"comment_status":"closed","ping_status":"closed","sticky":false,"template":"","format":"standard","meta":{"_acf_changed":false,"_monsterinsights_skip_tracking":false,"_monsterinsights_sitenote_active":false,"_monsterinsights_sitenote_note":"","_monsterinsights_sitenote_category":0,"ngg_post_thumbnail":0,"footnotes":"","_wp_rev_ctl_limit":""},"categories":[8],"tags":[98],"acf":[],"_links":{"self":[{"href":"https:\/\/www.bibula.com\/index.php?rest_route=\/wp\/v2\/posts\/95403"}],"collection":[{"href":"https:\/\/www.bibula.com\/index.php?rest_route=\/wp\/v2\/posts"}],"about":[{"href":"https:\/\/www.bibula.com\/index.php?rest_route=\/wp\/v2\/types\/post"}],"author":[{"embeddable":true,"href":"https:\/\/www.bibula.com\/index.php?rest_route=\/wp\/v2\/users\/1"}],"replies":[{"embeddable":true,"href":"https:\/\/www.bibula.com\/index.php?rest_route=%2Fwp%2Fv2%2Fcomments&post=95403"}],"version-history":[{"count":0,"href":"https:\/\/www.bibula.com\/index.php?rest_route=\/wp\/v2\/posts\/95403\/revisions"}],"wp:attachment":[{"href":"https:\/\/www.bibula.com\/index.php?rest_route=%2Fwp%2Fv2%2Fmedia&parent=95403"}],"wp:term":[{"taxonomy":"category","embeddable":true,"href":"https:\/\/www.bibula.com\/index.php?rest_route=%2Fwp%2Fv2%2Fcategories&post=95403"},{"taxonomy":"post_tag","embeddable":true,"href":"https:\/\/www.bibula.com\/index.php?rest_route=%2Fwp%2Fv2%2Ftags&post=95403"}],"curies":[{"name":"wp","href":"https:\/\/api.w.org\/{rel}","templated":true}]}}