{"id":95396,"date":"2017-04-28T12:37:23","date_gmt":"2017-04-28T16:37:23","guid":{"rendered":"http:\/\/www.bibula.com\/?p=95396"},"modified":"2017-04-28T12:38:29","modified_gmt":"2017-04-28T16:38:29","slug":"biskup-vitus-huonder-sol-w-oku-katolickich-progresistow","status":"publish","type":"post","link":"https:\/\/www.bibula.com\/?p=95396","title":{"rendered":"Biskup Vitus Huonder \u2013 s\u00f3l w oku katolickich progresist\u00f3w"},"content":{"rendered":"<p><strong>Biskup Vitus Huonder to jeden z nielicznych hierarch\u00f3w w niemieckoj\u0119zycznym Ko\u015bciele, kt\u00f3ry nie idzie na \u017cadne kompromisy z \u201educhem czasu\u201d i niestrudzenie g\u0142osi Ewangeli\u0119 w ca\u0142ej jej prawdzie. Sko\u0144czy\u0142 w\u0142a\u015bnie 75 lat i wielu w jego diecezji ma nadziej\u0119, \u017ce wkr\u00f3tce odejdzie\u2026<\/strong><\/p>\r\n<p><img fetchpriority=\"high\" decoding=\"async\" class=\"aligncenter\" src=\"http:\/\/www.pch24.pl\/images\/min_mid_big\/mid_51182.jpg\" alt=\"Biskup Vitus Huonder - s\u00f3l w oku katolickich progresist\u00f3w\" width=\"601\" height=\"355\"><\/p>\r\n<div class=\"podpisfoto\" style=\"text-align: center;\"><em>By Michael Beat from Switzerland cropped by Rosso Robot (der Churer Bischof beim Feuerkreis) [CC BY 2.0 (http:\/\/creativecommons.org\/licenses\/by\/2.0)], via Wikimedia Commons<\/em><\/div>\r\n<p>21 kwietnia biskup Vitus Huonder ze szwajcarskiego Chur sko\u0144czy\u0142 75. lat. Zgodnie z prawem kanonicznym hierarcha poprosi\u0142 papie\u017ca o dymisj\u0119. Nie wiadomo jeszcze, jaka b\u0119dzie decyzja Ojca \u015awi\u0119tego. Niemieckoj\u0119zyczne media, zar\u00f3wno \u015bwieckie jak i ko\u015bcielne, nie kryj\u0105c nadziei na zmian\u0119. Ze wzgl\u0119du na swoje jasne nauczanie i wierno\u015b\u0107 Magisterium Ko\u015bcio\u0142a hierarcha jest od lat sol\u0105 w oku libera\u0142\u00f3w i \u201ekatolickich\u201d progresist\u00f3w. Powodem to, \u017ce nie pudruje nigdy polityczn\u0105 poprawno\u015bci\u0105 nauczania katolickiego. Szczerze nienawidz\u0105 go wi\u0119c wszyscy, kt\u00f3rzy chc\u0105 doprowadzi\u0107 w Ko\u015bciele do liberalnej rewolucji.<\/p>\r\n<p><strong>Jasno o rozwodnikach<\/strong><\/p>\r\n<p>W sporze wok\u00f3\u0142 sprawy rozwodnik\u00f3w w nowych zwi\u0105zkach, tak przed jak i po publikacji <em>Amoris laetitia,<\/em> biskup Huonder sta\u0142 jednoznacznie po stronie Magisterium. W lutym, ju\u017c po publikacji skandalicznego dokumentu episkopatu Niemiec dopuszczaj\u0105cego mo\u017cliwo\u015b\u0107 udzielania rozwodnikom Eucharystii, hierarcha wyda\u0142 w\u0142asne wytyczne, zdecydowanie podtrzymuj\u0105c nauczanie zaprezentowane przez \u015bw. Jana Paw\u0142a. O \u017cadnych progresywnych zmianach w jego diecezji nie ma mowy, co dla mieszkaj\u0105cych tam Szwajcar\u00f3w jest, oczywi\u015bcie, powa\u017cn\u0105 trudno\u015bci\u0105. Ju\u017c w 2014 roku biskup przypomina\u0142 rozwodnikom, \u017ce nie wolno im przyst\u0119powa\u0107 do Komunii je\u017celi nie \u017cyj\u0105 w ca\u0142kowitej czysto\u015bci; proponowa\u0142, by podczas mszy \u015bwi\u0119tej podchodzili do szafarza maj\u0105c r\u0119ce skrzy\u017cowane na piersi i prosz\u0105c jedynie o b\u0142ogos\u0142awie\u0144stwo. Hierarch\u0119 zaraz oskar\u017cono o dyskryminacj\u0119 i ch\u0119\u0107 publicznego pi\u0119tnowania grzesznik\u00f3w, kt\u00f3rzy w liberalnej narracji \u017cadnymi grzesznikami oczywi\u015bcie nie s\u0105.<\/p>\r\n<p><strong>Przeciw propagandzie LGBT<\/strong><\/p>\r\n<p>Najbardziej jednak biskup z Chur podpad\u0142 progresistom prezentacj\u0105 jasnego stanowiska wobec problemu homoseksualizmu. Szczeg\u00f3lnie g\u0142o\u015bno zrobi\u0142o si\u0119 o nim w roku 2015, kiedy to w Fuldzie konferencj\u0119 pt. \u201eRado\u015b\u0107 wiary\u201d zorganizowa\u0142o konserwatywne Forum Niemieckich Katolik\u00f3w, w zasadzie jedyna niemiecka grupa \u015bwieckich broni\u0105ca wiary w ca\u0142ej jej czysto\u015bci. Zaproszony na spotkanie bp Huonder w swoim obszernym i uczonym wyk\u0142adzie na temat ma\u0142\u017ce\u0144stwa zacytowa\u0142 kilka passus\u00f3w ze Starego Testamentu, by wskaza\u0107, jak wielk\u0105 wag\u0119 przyk\u0142ada si\u0119 tam do kwestii grzechu stosunk\u00f3w homoseksualnych. Biskup, wspominaj\u0105c kar\u0119 \u015bmierci nak\u0142adan\u0105 na sodomit\u00f3w, stwierdzi\u0142, \u017ce tak\u017ce dzi\u015b powinno wskazywa\u0107 to katolikom, i\u017c problemu nie mo\u017cna bagatelizowa\u0107. Hierarcha spotka\u0142 si\u0119 po konferencji z powszechnym pot\u0119pieniem. Krytykowali go dziennikarze, a jedna z pseudokatolickich homoorganizacji pozwa\u0142a go do s\u0105du (ostatecznie przegrywaj\u0105c). Vitus Huonder by\u0142 atakowany nawet przez teolog\u00f3w i innych biskup\u00f3w, kt\u00f3rzy wytykali mu rzekom\u0105 niekompetencj\u0119 i w gruncie rzeczy fundamentalistyczne podej\u015bcie do Pisma \u015bwi\u0119tego.<\/p>\r\n<p>A z lobby LGBT bp Huonder na pie\u0144ku mia\u0142 ju\u017c wcze\u015bniej. Wielokrotnie krytykowa\u0142 ideologi\u0119 gender jako ca\u0142kowicie nieracjonaln\u0105 i pozanaukow\u0105. W roku 2014 tak\u017ce aktywnych homoseksualist\u00f3w, podobnie jak rozwodnik\u00f3w, wezwa\u0142 do nieprzyjmowania Komunii i podchodzenia do szafarza ze skrzy\u017cowanymi na piersi ramionami. Rok p\u00f3\u017aniej ukara\u0142 ksi\u0119dza swojej diecezji, kt\u00f3ry udzieli\u0142 b\u0142ogos\u0142awie\u0144stwa dw\u00f3m lesbijkom.<\/p>\r\n<p><strong>Msza \u015bwi\u0119ta<\/strong><\/p>\r\n<p>Hierarcha z Chur to tak\u017ce promotor tradycyjnej liturgii. W 2010 roku biskup zatrudni\u0142 w swojej diecezji kap\u0142ana Bractwa Kap\u0142a\u0144skiego \u015bw. Piotra (FSSP), ks. Martina Ramma, powierzaj\u0105c mu misj\u0119 organizowania celebrowania Mszy w nadzwyczajnej formie rytu rzymskiego (w roku 2015 ks. Ramm zosta\u0142 dodatkowo wikariuszem biskupim). W tym samym 2010 roku bp Huonder poinformowa\u0142, \u017ce w seminarium diecezjalnym k\u0142a\u015b\u0107 si\u0119 b\u0119dzie szczeg\u00f3lny nacisk na formacj\u0119 liturgiczn\u0105 kap\u0142an\u00f3w; rozwa\u017cano nawet kszta\u0142cenie niekt\u00f3rych wy\u0142\u0105cznie do pos\u0142ugi wed\u0142ug rytu trydenckiego. Do tego ostatecznie nie dosz\u0142o, bo, jak t\u0142umaczy\u0142 Huonder, trzeba by\u0142oby powo\u0142ywa\u0107 w tym celu specjaln\u0105 now\u0105 instytucj\u0119. Kandydat\u00f3w do kap\u0142a\u0144stwa, kt\u00f3rzy chcieliby skupi\u0107 si\u0119 na rycie trydenckim, diecezja kieruje cho\u0107by do seminarium w niemieckim Wigratzbad, prowadzonego przez FSSP. Jednak w celu wyj\u015bcia naprzeciw wiernym przywi\u0105zanym do rytu trydenckiego, w 2012 roku hierarcha stworzy\u0142 dwie parafie personalne w kt\u00f3rych celebruje si\u0119 wy\u0142\u0105cznie tradycyjnie. W jednej z nich, parafii pw. \u015bw. Maksymiliana Marii Kolbe, pos\u0142uguje trzech kap\u0142an\u00f3w FSSP. Parafia personalna, dopuszczana przez Kodeks Prawa Kanonicznego, nie ma \u017cadnego okre\u015blonego terytorium, ale jest nakierowana na konkretn\u0105 grup\u0119 ludzi, &nbsp;na przyk\u0142ad ze wzgl\u0119du na ich j\u0119zyk lub w\u0142a\u015bnie form\u0119 liturgiczn\u0105.<\/p>\r\n<p><strong>Ochrona \u017cycia <\/strong><\/p>\r\n<p>Biskup zaszed\u0142 te\u017c za sk\u00f3r\u0119 aborcjonistom i tym, kt\u00f3rzy chcieliby i\u015b\u0107 na zgni\u0142y kompromis ze zwolennikami mordowania dzieci. W 2014 roku odby\u0142o si\u0119 w Szwajcarii referendum nad inicjatyw\u0105 obywatelsk\u0105 pod nazw\u0105 \u201eFinansowanie aborcji jest spraw\u0105 prywatn\u0105\u201d, kt\u00f3rej celem by\u0142o ukr\u00f3cenie op\u0142acania zabijania dzieci z bud\u017cetu publicznego. Szwajcarski episkopat oceni\u0142 inicjatyw\u0119 do\u015b\u0107 ambiwalentnie, przyznaj\u0105c wprawdzie, \u017ce w pewnej mierze jest pozytywna, ale stwierdzaj\u0105c zarazem, \u017ce to niew\u0142a\u015bciwa droga dzia\u0142a\u0144 na rzecz \u017cycia. Jak oceniali przeciwnicy inicjatywy, biskupi zachowali po prostu \u201eneutralno\u015b\u0107\u201d. Wszystko popsu\u0142 konserwatysta z Chur, kt\u00f3ry na kilka tygodni przed g\u0142osowaniem w specjalnym komunikacie wezwa\u0142 wszystkich pracownik\u00f3w swojej diecezji oraz samych diecezjan do poparcia inicjatywy, uznaj\u0105c, \u017ce cho\u0107 nie idzie ona dostatecznie daleko (nie zakazuje aborcji), to jest jednak krokiem w dobr\u0105 stron\u0119. Znosi przecie\u017c niezgodne z zasad\u0105 wolno\u015bci religijnej zmuszanie wszystkich obywateli do po\u015bredniego finansowania mordowania dzieci. Szwajcarska prasa znowu rozpisywa\u0142a si\u0119 o biskupie, kt\u00f3ry zamiast \u0142\u0105czy\u0107, dzieli\u2026<\/p>\r\n<p><strong>Jaka b\u0119dzie przysz\u0142o\u015b\u0107?<\/strong><\/p>\r\n<p>W Szwajcarii &#8211; tak samo jak w Austrii czy Niemczech &#8211; szczerze wiernych Ko\u015bcio\u0142owi katolik\u00f3w nie ma ju\u017c wielu. Spustoszenie panuje tak\u017ce w szeregach kleru. Opr\u00f3cz ksi\u0119\u017cy b\u0142ogos\u0142awi\u0105cych pary lesbijskie biskup Huonder podczas swojej pos\u0142ugi musia\u0142 zmaga\u0107 si\u0119 te\u017c z kilkoma zakonnikami, kt\u00f3rzy wbrew prawu ko\u015bcielnemu celebrowali Eucharysti\u0119 razem z protestantami\u2026. A przecie\u017c te g\u0142o\u015bne przypadki to tylko wierzcho\u0142ek g\u00f3ry lodowej. Biskup Huonder dzieli zatem naprawd\u0119 &#8211; dominuj\u0105cym liczebnie progresistom pokazuje jasno, \u017ce na ich pogl\u0105dy w Ko\u015bciele katolickim nie ma (a przynajmniej nie powinno by\u0107) \u017cadnego miejsca. Czy spe\u0142ni\u0105 si\u0119 marzenia jego przeciwnik\u00f3w i Ojciec \u015awi\u0119ty przyjmie jego decyzj\u0119, nast\u0119pc\u0105 czyni\u0105c kogo\u015b pasuj\u0105cego do liberalnej wizji wiary? Warto pomodli\u0107 si\u0119, by by\u0142o inaczej &#8211; oby w Chur kontynuowano dzie\u0142o biskupa Huondera, pozostawiaj\u0105c t\u0119 diecezj\u0119 jednym z nielicznych miejsc w krajach niemieckoj\u0119zycznych, gdzie g\u0142osi si\u0119 jeszcze wiar\u0119 katolick\u0105 w ca\u0142ej jej pe\u0142ni.<\/p>\r\n<p>Pach<\/p>","protected":false},"excerpt":{"rendered":"Biskup Vitus Huonder to jeden z nielicznych hierarch\u00f3w w niemieckoj\u0119zycznym Ko\u015bciele, kt\u00f3ry nie idzie na \u017cadne kompromisy z \u201educhem czasu\u201d i niestrudzenie g\u0142osi Ewangeli\u0119 w ca\u0142ej jej prawdzie. Sko\u0144czy\u0142 w\u0142a\u015bnie 75 lat i wielu w jego diecezji ma nadziej\u0119, \u017ce wkr\u00f3tce odejdzie\u2026 By Michael Beat from Switzerland cropped by Rosso Robot (der Churer Bischof beim [&hellip;]","protected":false},"author":1,"featured_media":0,"comment_status":"closed","ping_status":"closed","sticky":false,"template":"","format":"standard","meta":{"_acf_changed":false,"_monsterinsights_skip_tracking":false,"_monsterinsights_sitenote_active":false,"_monsterinsights_sitenote_note":"","_monsterinsights_sitenote_category":0,"ngg_post_thumbnail":0,"footnotes":"","_wp_rev_ctl_limit":""},"categories":[3],"tags":[350,239,24,33],"acf":[],"_links":{"self":[{"href":"https:\/\/www.bibula.com\/index.php?rest_route=\/wp\/v2\/posts\/95396"}],"collection":[{"href":"https:\/\/www.bibula.com\/index.php?rest_route=\/wp\/v2\/posts"}],"about":[{"href":"https:\/\/www.bibula.com\/index.php?rest_route=\/wp\/v2\/types\/post"}],"author":[{"embeddable":true,"href":"https:\/\/www.bibula.com\/index.php?rest_route=\/wp\/v2\/users\/1"}],"replies":[{"embeddable":true,"href":"https:\/\/www.bibula.com\/index.php?rest_route=%2Fwp%2Fv2%2Fcomments&post=95396"}],"version-history":[{"count":0,"href":"https:\/\/www.bibula.com\/index.php?rest_route=\/wp\/v2\/posts\/95396\/revisions"}],"wp:attachment":[{"href":"https:\/\/www.bibula.com\/index.php?rest_route=%2Fwp%2Fv2%2Fmedia&parent=95396"}],"wp:term":[{"taxonomy":"category","embeddable":true,"href":"https:\/\/www.bibula.com\/index.php?rest_route=%2Fwp%2Fv2%2Fcategories&post=95396"},{"taxonomy":"post_tag","embeddable":true,"href":"https:\/\/www.bibula.com\/index.php?rest_route=%2Fwp%2Fv2%2Ftags&post=95396"}],"curies":[{"name":"wp","href":"https:\/\/api.w.org\/{rel}","templated":true}]}}