{"id":95380,"date":"2017-04-28T10:28:18","date_gmt":"2017-04-28T14:28:18","guid":{"rendered":"http:\/\/www.bibula.com\/?p=95380"},"modified":"2017-04-28T12:45:44","modified_gmt":"2017-04-28T16:45:44","slug":"list-czlonkow-zakonu-maltanskiego-do-papieza-chca-wyjasnien-z-powodu-naduzyc-abp-becciu","status":"publish","type":"post","link":"https:\/\/www.bibula.com\/?p=95380","title":{"rendered":"List cz\u0142onk\u00f3w Zakonu Malta\u0144skiego do papie\u017ca. Chc\u0105 wyja\u015bnie\u0144 z powodu nadu\u017cy\u0107 abp. Becciu"},"content":{"rendered":"<p><strong>Tu\u017c przed wyborami nowego Wielkiego Mistrza cz\u0142onkowie Zakonu Rycerzy Malta\u0144skich napisali list bezpo\u015brednio skierowany do papie\u017ca Franciszka, prosz\u0105c o wyja\u015bnienie przyczyn tak niezwyk\u0142ej interwencji papieskiego delegata w wewn\u0119trzne sprawy zakonu i przekroczenie przez niego kompetencji. <br>\r\n <\/strong><\/p>\r\n<p>List przygotowany m.in. przez dr Paula J. Camarata domaga si\u0119 odpowiedzi na \u201epowa\u017cne pytania i w\u0105tpliwo\u015bci\u201d, kt\u00f3re pojawi\u0142y si\u0119 po tym, jak Franciszek przywr\u00f3ci\u0142 na stanowisko wcze\u015bniej zdymisjonowanego Wielkiego Kanclerza barona Albrechta von Boeselagera &#8211; promotora prezerwatyw &#8211; i zmusi\u0142 Wielkiego Mistrza o. Matthew Festinga do rezygnacji oraz skutecznie pozbawi\u0142 wp\u0142ywu na sprawy zakonu Patrona, kardyna\u0142a Raymonda Burke\u2019a.<\/p>\r\n<p>\u201eNiedawny rozw\u00f3j powa\u017cnych wydarze\u0144, jakie mia\u0142y miejsce w ci\u0105gu ostatnich miesi\u0119cy w odniesieniu do Zakonu Malta\u0144skiego, wzbudzi\u0142o wiele niepokoj\u00f3w\u201d &#8211; pisz\u0105 rycerze.<\/p>\r\n<p>\u201eZosta\u0142y one pog\u0142\u0119bione przez brak uzasadnionego wyja\u015bnienia, kt\u00f3re przedstawiono by zar\u00f3wno wiernym cz\u0142onkom Zakonu, jak i opinii publicznej w odniesieniu do dzia\u0142a\u0144 podj\u0119tych przez Wasz\u0105 \u015awi\u0105tobliwo\u015b\u0107 i urz\u0119dnik\u00f3w watyka\u0144skich\u201d &#8211; czytamy dalej.<\/p>\r\n<p>List przygotowano trzy miesi\u0105ce po tym, jak Franciszek bezpo\u015brednio zaanga\u017cowa\u0142 si\u0119 w sprawy zarz\u0105dzania zakonem, kt\u00f3ry jest suwerenn\u0105 jednostk\u0105 i nie ma oficjalnego zwi\u0105zku z Papie\u017cem czy Watykanem.<\/p>\r\n<p>Wi\u0119ksze zaanga\u017cowanie Franciszka pojawi\u0142o si\u0119 ju\u017c w grudniu po tym, jak Wielki Mistrz Zakonu, o. Matthew Festing pozbawi\u0142 stanowiska &#8211; po d\u0142ugim dochodzeniu &#8211; Wielkiego Kanclerza Albrechta von Boeselagera, kt\u00f3ry od wielu lat sprawowa\u0142 kontrol\u0119 nad podleg\u0142\u0105 zakonowi organizacj\u0105 charytatywn\u0105 Malteser International. Jej pracownicy rozprowadzali prezerwatywy, pigu\u0142ki i inne \u015brodki antykoncepcyjne w biednych krajach, w kt\u00f3rych dzia\u0142a\u0142 zakon.<\/p>\r\n<p>Mimo udokumentowanych nadu\u017cy\u0107, papie\u017c &#8211; ku zaskoczeniu wielu cz\u0142onk\u00f3w Rycerzy Malta\u0144skich &#8211; za\u017c\u0105da\u0142, aby przywr\u00f3ci\u0107 na stanowisko zdymisjonowanego barona niemieckiego, a o. Festingowi poleci\u0142, by zrezygnowa\u0142 z kierowania zakonem. &nbsp;<\/p>\r\n<p>Franciszek nast\u0119pnie skutecznie pozbawi\u0142 Wielkiego Patrona Zakonu Rycerzy Malta\u0144skich kardyna\u0142a Burke\u2019a wp\u0142ywu na to, co dzieje si\u0119 w zakonie, mianuj\u0105c arcybiskupa Angelo Becciu swoim nowym delegatem, kt\u00f3ry mia\u0142 \u201euporz\u0105dkowa\u0107\u201d sytuacj\u0119.<\/p>\r\n<p>Rycerze Malta\u0144scy prosz\u0105 teraz papie\u017ca o \u201ewa\u017cne wyja\u015bnienie\u201d wszystkich rzeczy, kt\u00f3re mia\u0142y miejsce, stwierdzaj\u0105c, \u017ce dzia\u0142ania jego delegata wydaj\u0105 si\u0119 \u201enarusza\u0107 misj\u0119 Zakonu, niezale\u017cno\u015b\u0107, samorz\u0105dno\u015b\u0107 i dobro duchowe\u201d.<\/p>\r\n<p>Cz\u0142onkowie wspominaj\u0105 niedawn\u0105 interwencj\u0119 arcybiskupa Becciu, kt\u00f3ry zwr\u00f3ci\u0142 si\u0119 bezpo\u015brednio do by\u0142ego Wielkiego Mistrza, by w ramach \u201epos\u0142usze\u0144stwa\u201d trzyma\u0142 si\u0119 z daleka od Rzymu podczas zbli\u017caj\u0105cych si\u0119 wybor\u00f3w jego nast\u0119pcy.<\/p>\r\n<p>Ten akt &#8211; czytamy w li\u015bcie cz\u0142onk\u00f3w zakonu &#8211; \u201estawia pytania o w\u0142a\u015bciw\u0105 jurysdykcj\u0119 Specjalnego Delegata w odniesieniu do wszystkich cz\u0142onk\u00f3w suwerennego Zakonu, poniewa\u017c skutecznie stawia Ojca Festinga w pozycji wygna\u0144ca z Rzymu, pozbawia Ojca Festinga jego praw jako cz\u0142onka Zakonu i szkodzi Zakonowi, zak\u0142\u00f3caj\u0105c wolne wybory Wielkiego Mistrza\u201d.<\/p>\r\n<p>W \u015brod\u0119 Watykan \u0142askawie zmieni\u0142 swoje stanowisko i zezwoli\u0142 by\u0142emu szefowi zakonu na uczestniczenie w wyborach &#8211; zauwa\u017ca portal lifesitenews.com.<\/p>\r\n<p>Petycja do papie\u017ca Franciszka pojawi\u0142a si\u0119 po tym, jak anonimowe \u017ar\u00f3d\u0142o ujawni\u0142o w sieci szereg poufnych dokument\u00f3w wewn\u0119trznych Rycerzy Malta\u0144skich, kt\u00f3re potwierdzaj\u0105, w jakim stopniu Franciszek zaanga\u017cowa\u0142 si\u0119 w sprawy zakonu.<\/p>\r\n<p>W\u015br\u00f3d ujawnionych materia\u0142\u00f3w znalaz\u0142 si\u0119 m.in. list Franciszka z 1 grudnia 2016 r. skierowany do kard. Burke\u2019a, w kt\u00f3rym prosi on duchownego, by \u201eupewni\u0142 si\u0119, \u017ce masoni zostan\u0105 usuni\u0119ci z zakonu i by rozwi\u0105zano problem jakiegokolwiek zaanga\u017cowania zakonu w rozprowadzanie \u015brodk\u00f3w antykoncepcyjnych\u201d.<\/p>\r\n<p>Ponadto Zakon musi zadba\u0107 o to &#8211; napisa\u0142 papie\u017c &#8211; aby \u201emetody i \u015brodki wykorzystywane w jego inicjatywach i pracach w zakresie opieki zdrowotnej nie by\u0142y sprzeczne z prawem moralnym. Je\u015bli w przesz\u0142o\u015bci wyst\u0105pi\u0142 problem z t\u0105 natur\u0105, mam nadziej\u0119, \u017ce mo\u017cna j\u0105 ca\u0142kowicie rozwi\u0105za\u0107. By\u0142bym bardzo rozczarowany, gdyby &#8211; jak mi powiedzia\u0142e\u015b &#8211; niekt\u00f3rzy z wysokich funkcjonariuszy byli \u015bwiadomi takich praktyk, jak dystrybucja jakichkolwiek \u015brodk\u00f3w antykoncepcyjnych i nie podj\u0119li jeszcze interwencji w celu zako\u0144czenia takich rzeczy\u201d &#8211; pisa\u0142 papie\u017c.<\/p>\r\n<p>***<\/p>\r\n<p style=\"padding-left: 30px;\"><strong>Pe\u0142na tre\u015b\u0107 listu cz\u0142onk\u00f3w Rycerzy Malta\u0144skich skierowanego do papie\u017ca Franciszka.<\/strong><\/p>\r\n<p style=\"padding-left: 30px;\">Zapytanie w sprawie powa\u017cnych obaw dotycz\u0105cych Suwerennego Zakonu Rycerzy Malta\u0144skich<\/p>\r\n<p style=\"padding-left: 30px;\">Wasza \u015awi\u0105tobliwo\u015b\u0107,<\/p>\r\n<p style=\"padding-left: 30px;\">Z g\u0142\u0119bok\u0105 mi\u0142o\u015bci\u0105 do Waszej \u015awi\u0105tobliwo\u015bci i naszej katolickiej wiary oraz &nbsp;z obowi\u0105zku moralnego, jaki nakazuje nam sumienie my ni\u017cej podpisani Rycerze i Damy Zakonu Malta\u0144skiego z szacunkiem d\u0105\u017cymy do uzyskania odpowiedzi ze strony w\u0142a\u015bciwych organ\u00f3w na powa\u017cne pytania i w\u0105tpliwo\u015bci, kt\u00f3re pojawi\u0142y si\u0119 ostatnio w odniesieniu do Suwerennego Zakonu Szpitalnik\u00f3w \u015awi\u0119tego Jana z Jerozolimy z Rodos i z Malty.<\/p>\r\n<p style=\"padding-left: 30px;\">Niedawne ujawnienie powa\u017cnych wydarze\u0144, jakie mia\u0142y miejsce w ci\u0105gu ostatnich miesi\u0119cy w odniesieniu do Zakonu Malta\u0144skiego, wzbudzi\u0142o wiele niepokoj\u00f3w. Zosta\u0142y one pog\u0142\u0119bione przez brak uzasadnionego wyja\u015bnienia, kt\u00f3re przedstawiono by zar\u00f3wno wiernym cz\u0142onkom Zakonu, jak i opinii publicznej w odniesieniu do dzia\u0142a\u0144 podj\u0119tych przez Wasz\u0105 \u015awi\u0105tobliwo\u015b\u0107 i urz\u0119dnik\u00f3w watyka\u0144skich.<\/p>\r\n<p style=\"padding-left: 30px;\">W rezultacie cz\u0142onkowie maj\u0105 w\u0105tpliwo\u015bci, czy kontynuowa\u0107 wsp\u00f3\u0142prac\u0119 z Zakonem. Inni, kt\u00f3rzy mieliby przyst\u0105pi\u0107 do Zakonu, okazuj\u0105 swoj\u0105 niech\u0119\u0107 do wst\u0105pienia do czasu prawomocnego wyja\u015bnienia i klarownego wyt\u0142umaczenia kwestii dotycz\u0105cych prawid\u0142owego procesu i kluczowych w\u0105tpliwo\u015bci odnosz\u0105cych si\u0119 do dzia\u0142alno\u015bci charytatywnej Zakonu Malta\u0144skiego oraz sprawowania w\u0142a\u015bciwego nadzoru &#8211; przez osoby upowa\u017cnione &#8211; nad programami finansowanymi przez Zakon. Z tego powodu ni\u017cej podpisani Rycerze i Damy Zakonu Malta\u0144skiego prosz\u0105 o wyja\u015bnienia i udokumentowane odpowiedzi na nast\u0119puj\u0105ce w\u0105tpliwo\u015bci, kt\u00f3re wydaj\u0105 si\u0119 narusza\u0107 misj\u0119, niezale\u017cn\u0105 suwerenno\u015b\u0107, samorz\u0105dno\u015b\u0107 i dobro duchowe.<\/p>\r\n<p style=\"padding-left: 30px;\">Opieraj\u0105c si\u0119 na podstawie relacji z medi\u00f3w Albrecht von Boeselager, Wielki Kanclerz zosta\u0142 poproszony o rezygnacj\u0119 przez Ojca Matthew Festinga, Ksi\u0119cia i Wielkiego Mistrza Zakonu, g\u0142\u00f3wnie, cho\u0107 nie wy\u0142\u0105cznie z powodu zarzut\u00f3w, i\u017c organizacja charytatywna Zakonu, Malteser International (MI), znajduj\u0105ca si\u0119 pod nadzorem von Boeselagera finansowa\u0142a programy pomocy humanitarnej, w tym praktyki antykoncepcyjne sprzeczne z nauczaniem Ko\u015bcio\u0142a Katolickiego. Zarzuty dotyczy\u0142y dystrybucji prezerwatyw w Birmie, Kenii i Sudanie Po\u0142udniowym. Rozumiemy, \u017ce zarzuty pochodz\u0105 z licz\u0105cego czterdzie\u015bci sze\u015b\u0107 stron Pierwszego Raportu sporz\u0105dzonego przez formaln\u0105 mi\u0119dzynarodow\u0105 komisj\u0119 \u015bledcz\u0105 powo\u0142an\u0105 przez Ojca Matthew Festinga w celu zbadania oskar\u017ce\u0144, kt\u00f3re mia\u0142y miejsce w ramach zarz\u0105du von Boeselagera. Rozumiemy, \u017ce w Pierwszym Raporcie stwierdzono, i\u017c polityka MI w odniesieniu do \u201eRH\u201d [zdrowia reprodukcyjnego] i zapobiegania HIV i AIDS by\u0142a niezgodna z naukami Ko\u015bcio\u0142a Katolickiego w zakresie nast\u0119puj\u0105cych stanowisk, \u017ce:<\/p>\r\n<p style=\"padding-left: 30px;\">&#8211; dopuszczalne jest stosowanie \u015brodk\u00f3w antykoncepcyjnych w celu od\u0142o\u017cenia kolejnych narodzin w czasie;<\/p>\r\n<p style=\"padding-left: 30px;\">&#8211; akceptowalne jest rozpowszechnianie prezerwatyw w celu zapobiegania chorobom przenoszonym drog\u0105 p\u0142ciow\u0105;<\/p>\r\n<p style=\"padding-left: 30px;\">&#8211; MI powinno edukowa\u0107 ludzi w zakresie stosowania \u015brodk\u00f3w antykoncepcyjnych, by od\u0142o\u017cy\u0107 w czasie narodziny kolejnych dzieci i u\u017cywania prezerwatyw jako opcji zapobiegania chorobom przenoszonych drog\u0105 p\u0142ciow\u0105 (STI);<\/p>\r\n<p style=\"padding-left: 30px;\">&#8211; w pewnych sytuacjach MI mo\u017ce odje\u015b\u0107 od nauki Ko\u015bcio\u0142a, gdy uzna, \u017ce &#8222;medyczna i moralna odpowiedzialno\u015b\u0107&#8221; jest sprzeczna z tymi naukami<\/p>\r\n<p style=\"padding-left: 30px;\">Dodatkowo Pierwszy Raport wskaza\u0142, \u017ce te dzia\u0142ania MI [&#8230;], kt\u00f3re s\u0105 uwa\u017cane za niezgodne z nauczaniem Ko\u015bcio\u0142a nie zosta\u0142y odpowiednio zg\u0142oszone przez Wielkiego Szpitalnika [Albrecht von Boeselagera] Ksi\u0119ciu i Wielkiemu Mistrzowi Matthew Festingowi oraz Suwerennej Radzie.<br>\r\n <br>\r\n Raport Komisji zosta\u0142 wydany w styczniu 2016 r. i wp\u0142yn\u0105\u0142 na pro\u015bb\u0119 Ojca Matthew Festinga, zgodnie z kt\u00f3r\u0105 Albrecht von Boeselager zrezygnowa\u0142 ze stanowiska w grudniu 2016 r.<\/p>\r\n<p style=\"padding-left: 30px;\">2. W 2014 roku, po Nadzwyczajnym Synodzie Rodziny, Wasza \u015awi\u0105tobliwo\u015b\u0107 mianowa\u0142 Kardyna\u0142a Raymonda Burke\u2019a Patronem Zakonu Malta\u0144skiego. Oficjaln\u0105 rol\u0105 Patrona jest promowanie relacji mi\u0119dzy Stolic\u0105 Apostolsk\u0105 a Zakonem, a tak\u017ce informowanie Waszej \u015awi\u0105tobliwo\u015bci o aspektach duchowych i religijnych Zakonu. W lutym 2017 r. w ramach szeregu decyzji wydawanych bez powiadomienia kardyna\u0142a Burke\u2019a, Wasza \u015awi\u0105tobliwo\u015b\u0107 powo\u0142a\u0142 arcybiskupa Angelo Becciu na Specjalnego Delegata Waszej \u015awi\u0105tobliwo\u015bci i \u201ewy\u0142\u0105cznego rzecznika\u201d Suwerennego Zakonu Rycerzy Malta\u0144skich. W pi\u015bmie z 15 kwietnia 2017 r. arcybiskup Becciu, pisz\u0105c jako Specjalny Delegat, oficjalnie nakaza\u0142 Ojcu Festingowi, aby \u201enie by\u0142 obecny podczas Najwy\u017cszego Zgromadzenia Kawaler\u00f3w i zrezygnowa\u0142 z podr\u00f3\u017cy do Rzymu przy tej okazji\u201d. Pisa\u0142: \u201eProsz\u0119 ci\u0119 o to jako wyraz pos\u0142usze\u0144stwa, w kt\u00f3rym bez w\u0105tpienia uznasz ofiar\u0119 w\u0142asnego po\u015bwi\u0119cenia dla dobra Zakonu Malta\u0144skiego\u201d.<\/p>\r\n<p style=\"padding-left: 30px;\">Ten akt stawia pytania o w\u0142a\u015bciw\u0105 jurysdykcj\u0119 Specjalnego Delegata w odniesieniu do wszystkich cz\u0142onk\u00f3w suwerennego Zakonu, poniewa\u017c skutecznie stawia Ojca Festinga w pozycji wygna\u0144ca z Rzymu, pozbawia Ojca Festinga jego praw jako cz\u0142onka Zakonu i szkodzi Zakonowi, zak\u0142\u00f3caj\u0105c wolne wybory Wielkiego Mistrza.<\/p>\r\n<p style=\"padding-left: 30px;\">W \u015bwietle powy\u017cszych rozwa\u017ca\u0144 z szacunkiem zwracamy si\u0119 z pro\u015bb\u0105 o udzielenie odpowiedzi przez w\u0142a\u015bciwe organy na te w\u0105tpliwo\u015bci, aby\u015bmy wszyscy mogli by\u0107 zjednoczeni w s\u0142u\u017cbie Bogu poprzez Suwerenny Zakon Szpitalnik\u00f3w \u015awi\u0119tego Jana z Jerozolimy z Rodos i Malty.\u201d<\/p>\r\n<p>\u0179r\u00f3d\u0142o: lifesitenews.com<\/p>\r\n<p><strong><em>Agnieszka Stelmach<\/em><\/strong><\/p>\r\n<p class=\"zrodlo\">Za: <a href=\"http:\/\/www.pch24.pl\/list-czlonkow-zakonu-maltanskiego-do-papieza--chca-wyjasnien-z-powodu-naduzyc-abp--becciu,51214,i.html\">PoloniaChristiana &#8211; pch24.pl (2017-04-28)<\/a><\/p>\r\n<h4>&nbsp;<\/h4>\r\n<hr style=\"background-color: #000000; border-width: 0; color: #000000; height: 2px; line-height: 0; text-align: center; width: 100%;\">\r\n<h4>&nbsp;<\/h4>\r\n<h2>Mimo zakazu by\u0142y Mistrz wybiera si\u0119 na wybory u Malta\u0144czyk\u00f3w. Jak zareaguje papieski delegat?<\/h2>\r\n<p><strong>By\u0142y przyw\u00f3dca Suwerennego Zakonu Rycerzy Malta\u0144skich &#8211; mimo zakazu papieskiego delegata &#8211; zmierza do Rzymu na wybory nowego Wielkiego Mistrza. Ma du\u017ce szanse, by ponownie stan\u0105\u0107 na czele najstarszego zakonu na \u015bwiecie. <\/strong><\/p>\r\n<p>O. Matthew Festing pe\u0142ni\u0142 funkcj\u0119 Wielkiego Mistrza Suwerennego Zakonu Rycerzy Malta\u0144skich dop\u00f3ki papie\u017c Franciszek nie poprosi\u0142 go o rezygnacj\u0119 ze stanowiska w styczniu tego roku. O. Festing zosta\u0142 zmuszony do dymisji po tym, jak usun\u0105\u0142 wysokiego rang\u0105 urz\u0119dnika, kt\u00f3ry rozprowadza\u0142 antykoncepcj\u0119 na ca\u0142ym \u015bwiecie za po\u015brednictwem organizacji charytatywnej zakonu.<\/p>\r\n<p>Zakon Malta\u0144ski jest suwerennym podmiotem prawa mi\u0119dzynarodowego. Jego najwy\u017csi cz\u0142onkowie sk\u0142adaj\u0105 jednak \u015bluby pos\u0142usze\u0144stwa wobec papie\u017ca. 15 kwietnia arcybiskup Angelo Becciu, kt\u00f3ry na polecenie papie\u017ca nadzoruje zakon w okresie przej\u015bciowym, nakaza\u0142 o. Festingowi, aby \u201enie przyje\u017cd\u017ca\u0142 do Rzymu\u201d w okresie wybor\u00f3w jego nast\u0119pcy, zaplanowanych na 29 kwietnia.<\/p>\r\n<p>Delegat papieski napisa\u0142 do by\u0142ego szefa Zakonu Malta\u0144skiego: \u201eTwoja obecno\u015b\u0107 ponownie otworzy\u0142aby rany dopiero co zabli\u017anione i uniemo\u017cliwi\u0142aby odbycie si\u0119 wybor\u00f3w w atmosferze pokoju i harmonii, dopiero co przywr\u00f3conej\u201d. Arcybiskup podkre\u015bli\u0142, \u017ce jego decyzj\u0119 podziela Ojciec \u015awi\u0119ty. Doda\u0142, \u017ce o. Festing powinien w og\u00f3le zrezygnowa\u0107 z podr\u00f3\u017cy do Rzymu \u201ejako akt pos\u0142usze\u0144stwa\u201d.<\/p>\r\n<p>Tymczasem agencja Reutera poinformowa\u0142a w \u015brod\u0119, \u017ce o. Festing zmierza do Rzymu i \u017ce t\u0119 informacj\u0119 potwierdzi\u0142 Zakon Malta\u0144ski. Rzecznik Zakonu powiedzia\u0142, \u017ce o. Festing \u201epoinformowa\u0142 grup\u0119, i\u017c przyjdzie na spotkanie w sobot\u0119 w siedzibie g\u0142\u00f3wnej w Rzymie\u201d.<\/p>\r\n<p>Zdymisjonowany przez papie\u017ca zakonnik pozostaje bardzo popularny w zakonie i ma spore szanse by\u0107 ponownie wybranym, o ile co\u015b nadzwyczajnego si\u0119 nie zdarzy.<\/p>\r\n<p>Po zdymisjonowaniu o. Festinga, w zakonie anulowano wcze\u015bniejsze decyzje Wielkiego Mistrza o pozbawieniu funkcji Wielkiego Kanclerza Albrechta von Boeselagera.<\/p>\r\n<p>Von Boeselager twierdzi, \u017ce Patron Zakonu Malta\u0144skiego, kardyna\u0142 Raymond Burke zosta\u0142 &#8222;de facto&#8221; zawieszony w pe\u0142nieniu swojej funkcji. Abp Becciu jest \u201ejedyn\u0105 osob\u0105, kt\u00f3ra mo\u017ce rozpatrywa\u0107 sprawy Zakonu Malta\u0144skiego w imieniu Ojca \u015awi\u0119tego\u201d, chocia\u017c kard. Burke formalnie wci\u0105\u017c jest Patronem.<\/p>\r\n<p>Brat von Boeselagera, Georg w po\u0142owie grudnia 2016 r., gdy rozgrywa\u0142y si\u0119 dramatyczne wydarzenia w Zakonie Malta\u0144skim, zosta\u0142 wybrany do rady nadzorczej \u201eBanku Watyka\u0144skiego\u201d (IOR).<\/p>\r\n<p>\u0179r\u00f3d\u0142o: lifesitenews.com.,<\/p>\r\n<p>AS<\/p>\r\n<p class=\"zrodlo\">Za: <a href=\"http:\/\/www.pch24.pl\/mimo-zakazu-byly-mistrz-wybiera-sie-na-wybory-u-maltanczykow--jak-zareaguje-papieski-delegat-,51183,i.html\">PoloniaChristiana &#8211; pch24.pl (2017-04-28)<\/a><\/p>\r\n<h4>&nbsp;<\/h4>\r\n<hr style=\"background-color: #000000; border-width: 0; color: #000000; height: 2px; line-height: 0; text-align: center; width: 100%;\">\r\n<h4>&nbsp;<\/h4>","protected":false},"excerpt":{"rendered":"Tu\u017c przed wyborami nowego Wielkiego Mistrza cz\u0142onkowie Zakonu Rycerzy Malta\u0144skich napisali list bezpo\u015brednio skierowany do papie\u017ca Franciszka, prosz\u0105c o wyja\u015bnienie przyczyn tak niezwyk\u0142ej interwencji papieskiego delegata w wewn\u0119trzne sprawy zakonu i przekroczenie przez niego kompetencji. List przygotowany m.in. przez dr Paula J. Camarata domaga si\u0119 odpowiedzi na \u201epowa\u017cne pytania i w\u0105tpliwo\u015bci\u201d, kt\u00f3re pojawi\u0142y si\u0119 po [&hellip;]","protected":false},"author":1,"featured_media":0,"comment_status":"closed","ping_status":"closed","sticky":false,"template":"","format":"standard","meta":{"_acf_changed":false,"_monsterinsights_skip_tracking":false,"_monsterinsights_sitenote_active":false,"_monsterinsights_sitenote_note":"","_monsterinsights_sitenote_category":0,"ngg_post_thumbnail":0,"footnotes":"","_wp_rev_ctl_limit":""},"categories":[3],"tags":[301,347,41,33],"acf":[],"_links":{"self":[{"href":"https:\/\/www.bibula.com\/index.php?rest_route=\/wp\/v2\/posts\/95380"}],"collection":[{"href":"https:\/\/www.bibula.com\/index.php?rest_route=\/wp\/v2\/posts"}],"about":[{"href":"https:\/\/www.bibula.com\/index.php?rest_route=\/wp\/v2\/types\/post"}],"author":[{"embeddable":true,"href":"https:\/\/www.bibula.com\/index.php?rest_route=\/wp\/v2\/users\/1"}],"replies":[{"embeddable":true,"href":"https:\/\/www.bibula.com\/index.php?rest_route=%2Fwp%2Fv2%2Fcomments&post=95380"}],"version-history":[{"count":0,"href":"https:\/\/www.bibula.com\/index.php?rest_route=\/wp\/v2\/posts\/95380\/revisions"}],"wp:attachment":[{"href":"https:\/\/www.bibula.com\/index.php?rest_route=%2Fwp%2Fv2%2Fmedia&parent=95380"}],"wp:term":[{"taxonomy":"category","embeddable":true,"href":"https:\/\/www.bibula.com\/index.php?rest_route=%2Fwp%2Fv2%2Fcategories&post=95380"},{"taxonomy":"post_tag","embeddable":true,"href":"https:\/\/www.bibula.com\/index.php?rest_route=%2Fwp%2Fv2%2Ftags&post=95380"}],"curies":[{"name":"wp","href":"https:\/\/api.w.org\/{rel}","templated":true}]}}