{"id":95378,"date":"2017-04-28T10:12:54","date_gmt":"2017-04-28T14:12:54","guid":{"rendered":"http:\/\/www.bibula.com\/?p=95378"},"modified":"2017-04-28T10:12:54","modified_gmt":"2017-04-28T14:12:54","slug":"na-wolyniu-poswieca-pomnik-poleglych-w-walce-z-polskimi-okupantami","status":"publish","type":"post","link":"https:\/\/www.bibula.com\/?p=95378","title":{"rendered":"Na Wo\u0142yniu po\u015bwi\u0119c\u0105 pomnik poleg\u0142ych w walce z \u201epolskimi okupantami&#8221;"},"content":{"rendered":"<p><strong>Symbolika pomnika i&nbsp;tre\u015b\u0107 inskrypcji na&nbsp;tablicy \u015bwiadcz\u0105 o&nbsp;tym, \u017ce jest on po\u015bwi\u0119cony bojownikom OUN-UPA oraz walcz\u0105cym w&nbsp;Donbasie.<\/strong><\/p>\r\n<p>Trzydziestego&nbsp;kwietnia br. na&nbsp;starym cmentarzu w&nbsp;Horochowie na&nbsp;Wo\u0142yniu odb\u0119dzie si\u0119 uroczysty \u201emiting-requem\u201d oraz po\u015bwi\u0119cenie krzy\u017ca-pomnika pami\u0119ci wszystkich ukrai\u0144skich mieszka\u0144c\u00f3w miasta, kt\u00f3rzy polegli w&nbsp;walce z&nbsp;\u201erosyjskimi, niemieckimi i&nbsp;polskimi okupantami za wolno\u015b\u0107 i&nbsp;niezale\u017cno\u015b\u0107 Ukrainy\u201d &#8211; poinformowa\u0142 miejscowy portal Rajon Horochiw powo\u0142uj\u0105c si\u0119 na&nbsp;anons nacjonalistycznej partii Swoboda.<\/p>\r\n<p>Portal opublikowa\u0142 zdj\u0119cie pomnika &#8211; jest to krzy\u017c z&nbsp;god\u0142em Ukrainy owini\u0119ty wst\u0119g\u0105 w&nbsp;banderowskich czerwono-czarnych barwach. U podstawy krzy\u017ca umieszczono tablic\u0119 z&nbsp;napisem:<\/p>\r\n<p><strong><em>Cze\u015b\u0107 i&nbsp;chwa\u0142a bohaterom! Wszystkim, kt\u00f3rzy oddali \u017cycie w&nbsp;walce z&nbsp;rosyjskimi, niemieckimi i&nbsp;polskimi okupantami za wolno\u015b\u0107 i&nbsp;niezale\u017cno\u015b\u0107 Ukrainy, poleg\u0142ym za nasz\u0105 ziemi\u0119 i&nbsp;wolno\u015b\u0107 w&nbsp;nowej moskiewsko-ukrai\u0144skiej wojnie. Nasza pami\u0119\u0107 to wierno\u015b\u0107 ich ideom!<\/em><\/strong><\/p>\r\n<p><img fetchpriority=\"high\" decoding=\"async\" class=\"aligncenter\" title=\"Tablic pomnika w Horochowie, \u017ar. Rajon Horochiw\" src=\"http:\/\/kresy.pl\/wp-content\/uploads\/2017\/04\/krzyz-w-horochowie2.jpg\" alt=\"\" width=\"599\" height=\"433\"><\/p>\r\n<ul>\r\n\t<li>\r\n<p>CZYTAJ TAK\u0179E:&nbsp;<a href=\"http:\/\/kresy.pl\/publicystyka\/ukrainska-okupacja-krymu-polska-okupacja-ukrainy\/\">Ukrai\u0144ska okupacja Krymu? Polska okupacja Ukrainy?<\/a><\/p>\r\n<\/li>\r\n<\/ul>\r\n<p>Kresy.pl \/ Rajon Horochiw<\/p>\r\n<p>Za: <a href=\"http:\/\/kresy.pl\/wydarzenia\/na-wolyniu-poswieca-pomnik-poleglych-w-walce-z-polskimi-okupantami-foto\/\">Kresy.pl (<span class=\"post-meta-infos\"><time class=\"date-container minor-meta updated\">27 kwietnia 2017<\/time><\/span>)<\/a><a href=\"http:\/\/www.kresy.pl\/wydarzenia,polityka?zobacz\/powstalo-polsko-ukrainskie-forum-partnerstwa-jestesmy-milosnikami-ukrainy-foto\"> &#8211; [Org. tytu\u0142: \u00abNa Wo\u0142yniu po\u015bwi\u0119c\u0105 pomnik poleg\u0142ych w walce z \u201epolskimi okupantami\u201d [+FOTO]\u00bb]<\/a><\/p>","protected":false},"excerpt":{"rendered":"Symbolika pomnika i&nbsp;tre\u015b\u0107 inskrypcji na&nbsp;tablicy \u015bwiadcz\u0105 o&nbsp;tym, \u017ce jest on po\u015bwi\u0119cony bojownikom OUN-UPA oraz walcz\u0105cym w&nbsp;Donbasie. Trzydziestego&nbsp;kwietnia br. na&nbsp;starym cmentarzu w&nbsp;Horochowie na&nbsp;Wo\u0142yniu odb\u0119dzie si\u0119 uroczysty \u201emiting-requem\u201d oraz po\u015bwi\u0119cenie krzy\u017ca-pomnika pami\u0119ci wszystkich ukrai\u0144skich mieszka\u0144c\u00f3w miasta, kt\u00f3rzy polegli w&nbsp;walce z&nbsp;\u201erosyjskimi, niemieckimi i&nbsp;polskimi okupantami za wolno\u015b\u0107 i&nbsp;niezale\u017cno\u015b\u0107 Ukrainy\u201d &#8211; poinformowa\u0142 miejscowy portal Rajon Horochiw powo\u0142uj\u0105c si\u0119 na&nbsp;anons nacjonalistycznej [&hellip;]","protected":false},"author":1,"featured_media":0,"comment_status":"closed","ping_status":"closed","sticky":false,"template":"","format":"standard","meta":{"_acf_changed":false,"_monsterinsights_skip_tracking":false,"_monsterinsights_sitenote_active":false,"_monsterinsights_sitenote_note":"","_monsterinsights_sitenote_category":0,"ngg_post_thumbnail":0,"footnotes":"","_wp_rev_ctl_limit":""},"categories":[215],"tags":[65,188,167,17],"acf":[],"_links":{"self":[{"href":"https:\/\/www.bibula.com\/index.php?rest_route=\/wp\/v2\/posts\/95378"}],"collection":[{"href":"https:\/\/www.bibula.com\/index.php?rest_route=\/wp\/v2\/posts"}],"about":[{"href":"https:\/\/www.bibula.com\/index.php?rest_route=\/wp\/v2\/types\/post"}],"author":[{"embeddable":true,"href":"https:\/\/www.bibula.com\/index.php?rest_route=\/wp\/v2\/users\/1"}],"replies":[{"embeddable":true,"href":"https:\/\/www.bibula.com\/index.php?rest_route=%2Fwp%2Fv2%2Fcomments&post=95378"}],"version-history":[{"count":0,"href":"https:\/\/www.bibula.com\/index.php?rest_route=\/wp\/v2\/posts\/95378\/revisions"}],"wp:attachment":[{"href":"https:\/\/www.bibula.com\/index.php?rest_route=%2Fwp%2Fv2%2Fmedia&parent=95378"}],"wp:term":[{"taxonomy":"category","embeddable":true,"href":"https:\/\/www.bibula.com\/index.php?rest_route=%2Fwp%2Fv2%2Fcategories&post=95378"},{"taxonomy":"post_tag","embeddable":true,"href":"https:\/\/www.bibula.com\/index.php?rest_route=%2Fwp%2Fv2%2Ftags&post=95378"}],"curies":[{"name":"wp","href":"https:\/\/api.w.org\/{rel}","templated":true}]}}