{"id":95374,"date":"2017-04-28T10:04:01","date_gmt":"2017-04-28T14:04:01","guid":{"rendered":"http:\/\/www.bibula.com\/?p=95374"},"modified":"2017-04-28T10:05:12","modified_gmt":"2017-04-28T14:05:12","slug":"operacja-wisla-zakonczyla-ludobojstwo-polakow-oczekujemy-anulowania-uchwaly-senatu-w-sprawie-operacji-wisla","status":"publish","type":"post","link":"https:\/\/www.bibula.com\/?p=95374","title":{"rendered":"Operacja \u201eWIS\u0141A&#8221; zako\u0144czy\u0142a ludob\u00f3jstwo Polak\u00f3w &#8211; Oczekujemy anulowania uchwa\u0142y Senatu w sprawie Operacji \u201eWis\u0142a&#8221;"},"content":{"rendered":"<h4><strong>STANOWISKO FORUM MY\u015aLI POLSKIEJ<\/strong><\/h4>\r\n<p>W kwietniu 2017 roku mija 70-ta rocznica tzw. Operacji \u201eWis\u0142a\u201d. Operacja ta mia\u0142a na celu powstrzymanie terroru ukrai\u0144skich szowinist\u00f3w na po\u0142udniowo-wschodnich terenach polskiego pa\u0144stwa. Operacja \u201eWis\u0142a\u201d by\u0142a wymuszona na \u00f3wczesnej polskiej administracji przez nieustanny terror stosowany po wojnie przez Organizacj\u0119 Ukrai\u0144skich Nacjonalist\u00f3w i Ukrai\u0144sk\u0105 Powsta\u0144cz\u0105 Armi\u0119. Obejmowa\u0142 on g\u0142\u00f3wnie tereny dzisiejszego wojew\u00f3dztwa Lubelskiego, Podkarpackiego i Ma\u0142opolskiego. Kategorycznie pot\u0119piamy totalitaryzm komunistyczny, lecz stajemy w obronie polskiej ludno\u015bci, poddawanej w latach 1944-147 ci\u0105g\u0142ym prze\u015bladowaniom, n\u0119kaniom i mordowaniu przez bandy upowskie. Pozosta\u0142a na obszarze RP ponad stutysi\u0119czna mniejszo\u015b\u0107 ukrai\u0144ska i \u0142emkowska stanowi\u0142a dla OUN i UPA silne zaplecze, powoduj\u0105c destabilizacj\u0119 kilkunastu powiat\u00f3w.<\/p>\r\n<p>Podstawowym celem przemieszczenia ludno\u015bci ukrai\u0144skiej na Ziemie Zachodnie by\u0142o uwolnienie si\u0119 od nieustaj\u0105cych akt\u00f3w agresji i terroru OUN i UPA, maj\u0105cych w tej ludno\u015bci silne zaplecze materialne i logistyczne. Przesiedlenie na tereny zachodnie spowodowa\u0142o, i\u017c przesiedle\u0144cy znale\u017ali gospodarstwa o znacznie wy\u017cszym standardzie cywilizacyjnym ni\u017c mieli dotychczas. Przemieszczenie doprowadzi\u0142o te\u017c do zniszczenia zbrojnego banderowskiego podziemia i ustabilizowania dramatycznej sytuacji na du\u017cej cz\u0119\u015bci terytorium Polski. G\u0142\u00f3wnym celem tej operacji by\u0142o obj\u0119cie opiek\u0105 terroryzowanej przez bandy UPA ludno\u015bci polskiej. Poprzez wyeliminowanie zaplecza logistycznego UPA, mordy na Polakach usta\u0142y. Gro\u017any ukrai\u0144ski terror si\u0119 sko\u0144czy\u0142. A UPA ponosi ca\u0142kowit\u0105 odpowiedzialno\u015b\u0107 za konsekwencje tej operacji, poniewa\u017c zmusi\u0142a Pa\u0144stwo Polskie do jej przeprowadzenia. Dzia\u0142ania band OUN- UPA u\u0142atwia\u0142y tak\u017ce nowym komunistycznym w\u0142adzom likwidacj\u0119 polskiego podziemia niepodleg\u0142o\u015bciowego.<\/p>\r\n<p>Operacja \u201eWis\u0142a\u201d mia\u0142a pe\u0142ne przyzwolenie moralne i akceptacj\u0119 spo\u0142ecze\u0144stwa polskiego, jako jedyny skuteczny \u015brodek do zako\u0144czenia dalszego przelewania polskiej krwi. Ludno\u015b\u0107 ukrai\u0144ska zapewnia\u0142a zaopatrzenie band UPA w \u017cywno\u015b\u0107, zakwaterowanie i wywiad. UPA zastrasza\u0142a, okrada\u0142a i mordowa\u0142a ludno\u015b\u0107 polsk\u0105. Tworzy\u0142a w le\u015bnych ost\u0119pach bunkry, magazyny amunicji i broni, bazy szkoleniowe, plac\u00f3wki medyczne, szko\u0142y oficerskie i o\u015brodki mobilizacyjne. Dokonywa\u0142a pogrom\u00f3w w Baligrodzie, Lutowiskach, w le\u015bnicz\u00f3wce Muczne, w Myczkowcach, Cisnej i Solinie i w innych miejscowo\u015bciach, morduj\u0105c Polak\u00f3w przy pomocy siekier, wide\u0142 i kos. To by\u0142a bezpo\u015brednia kontynuacja eksterminacji Polak\u00f3w poprzez ludob\u00f3jstwo dokonane na Wo\u0142yniu i w Ma\u0142opolsce Wschodniej w latach 1939-45.<\/p>\r\n<p>Oddzia\u0142y UPA by\u0142y, wedle bada\u0144 historyk\u00f3w, wspomagane przez w\u0142adze sowieckie w bro\u0144, amunicj\u0119 i wy\u017cywienie. Celem boj\u00f3wek terrorystycznych by\u0142o wyniszczenie elementu polskiego a\u017c po San, palenie polskich wsi i opanowanie Przemy\u015bla, a w drugim etapie tzw. oczyszczenie ca\u0142ego terenu a\u017c po Rzesz\u00f3w, dok\u0105d si\u0119ga\u0142y plany budowy \u201eWielkiej Ukrainy\u201d. Chodzi\u0142o o realizacj\u0119 has\u0142a: \u201e(\u2026) jak najwi\u0119cej Polak\u00f3w wymordowa\u0107, jak najwi\u0119cej spali\u0107 wsi, by Polska ju\u017c nie by\u0142a w stanie obj\u0105\u0107 w posiadanie swoich terytori\u00f3w\u201d(\u2026) Operacja \u201eWis\u0142a\u201d zako\u0144czy\u0142a ukrai\u0144ski terror i ludob\u00f3jstwo Polak\u00f3w.<br>\r\n Oczekujemy anulowania uchwa\u0142y Senatu Rzeczypospolitej Polskiej z dnia 3 sierpnia 1990 r. w sprawie Operacji \u201eWis\u0142a\u201d, jako uchwa\u0142y wymuszonej na senatorach. Pot\u0119piamy stanowisko O\u015brodka Studi\u00f3w Wschodnich, kt\u00f3ry w swoich dokumentach u\u017cywa wobec Kresowian obra\u017aliwego poj\u0119cia \u201eorganizacje kresowiackie\u201d. Protestujemy przeciwko og\u0142oszeniu przez Rad\u0119 Obwodow\u0105 Wo\u0142ynia roku 2017 rokiem UPA. To ha\u0144ba, i\u017c mordercy Polak\u00f3w, stan\u0105 si\u0119 oficjalnie bohaterami i otrzymaj\u0105 specjalne dodatki do emerytur, czyli nagrody za rze\u017a naszych rodak\u00f3w.<\/p>\r\n<p>Podzielamy stanowisko MSW wyra\u017cone w Sejmie przez ministra B\u0142aszczaka, dotycz\u0105ce niedofinansowywania organizowanych przez \u015brodowiska ukrai\u0144skie uroczysto\u015bci zwi\u0105zanych z operacj\u0105 \u201eWis\u0142a\u201d. Rz\u0105d ukrai\u0144ski nigdy nie wspomaga\u0142 finansowo upami\u0119tniania ofiar ludob\u00f3jstwa na Kresach.<\/p>\r\n<p>FORUM MY\u015aLI POLSKIEJ<br>\r\n Konwent Za\u0142o\u017cycielski<br>\r\n Prof. Jerzy Robert Nowak -historyk, publicysta, przewodnicz\u0105cy<br>\r\n Prof. Tadeusz Marczak &#8211; historyk, publicysta<br>\r\n Dr J\u00f3zef Osada &#8211; matematyk, dzia\u0142acz spo\u0142eczny<br>\r\n Red. Stanis\u0142aw Srokowski -pisarz, publicysta, rzecznik<br>\r\n In\u017c. Stanis\u0142aw \u0179ytecki, AK &#8211; dzia\u0142acz spo\u0142eczny, sprawy organizacyjne<br>\r\n Cz\u0142onkowie:<br>\r\n Lech J\u0119czmyk &#8211; poeta, t\u0142umacz<br>\r\n Red. Miros\u0142aw Kokoszkiewicz &#8211; publicysta, pisarz<br>\r\n Prof. Henryka Kramarz &#8211; historyk, eseistka<br>\r\n Dr Lucyna Kuli\u0144ska &#8211; historyk, publicystka<br>\r\n Miros\u0142aw Majkowski &#8211; dzia\u0142acz spo\u0142eczny, animator kultury<br>\r\n Mec. Stanis\u0142aw Andrzej Potycz &#8211; dzia\u0142acz katolicki, publicysta<br>\r\n Maria Py\u017c &#8211; redaktorka polskiego radia we Lwowie, publicystka<br>\r\n Ma\u0142gorzata So\u0142tysiak &#8211; katolicka dzia\u0142aczka spo\u0142eczna, publicystka<br>\r\n Prof. Jan Wawrzy\u0144czyk &#8211; j\u0119zykoznawca, rusycysta, polonista<br>\r\n Jerzy Zalewski &#8211; re\u017cyser, pisarz, publicysta<br>\r\n Dr hab. Andrzej Zapa\u0142owski &#8211; historyk, publicysta<br>\r\n Ks. prof. Zygmunt Zieli\u0144ski &#8211; historyk, publicysta<br>\r\n Tomasz \u0179ak &#8211; re\u017cyser teatralny, pisarz, publicysta<\/p>\r\n<p class=\"zrodlo\">Za: <a href=\"http:\/\/isakowicz.pl\/stanowisko-ws-operacji-wojskowej-wisla\/\">&#8222;Rozmy\u015blania w blogu&#8221; Strona ks. Tadeusza Isakowicza-Zaleskiego &#8212; isakowicz.pl (28 kwietnia 2017)<\/a><\/p>\r\n<h4>&nbsp;<\/h4>\r\n<hr style=\"background-color: #000000; border-width: 0; color: #000000; height: 2px; line-height: 0; text-align: center; width: 100%;\">\r\n<h4>&nbsp;<\/h4>\r\n<h2>Poroszenko o akcji \u201eWis\u0142a\u201d: \u201ePodczas deportacji \u017cycie straci\u0142y tysi\u0105ce Ukrai\u0144c\u00f3w\u201d<\/h2>\r\n<p><strong>\u201eRazem z&nbsp;naszymi polskimi przyjaci\u00f3\u0142mi chylimy g\u0142owy nad jasn\u0105 pami\u0119ci\u0105 wszystkich ofiar akcji Wis\u0142a\u201d &#8211; o\u015bwiadczy\u0142 prezydent Ukrainy Petro Poroszenko.<\/strong><\/p>\r\n<p>Jak napisa\u0142 ukrai\u0144ski prezydent w&nbsp;przes\u0142aniu do ukrai\u0144skiej spo\u0142eczno\u015bci w&nbsp;Polsce &#8211;&nbsp;<em><strong>70 lat temu komunistyczne w\u0142adze deportowa\u0142y na&nbsp;p\u00f3\u0142noc i&nbsp;zach\u00f3d Polski ponad 140 tysi\u0119cy Ukrai\u0144c\u00f3w z&nbsp;\u0141emkowszczyzny, Nadsania, Podlasia i&nbsp;Che\u0142mszczyzny. Ta podst\u0119pna operacja odbywa\u0142a si\u0119 przy wsparciu zbrodniczego re\u017cimu stalinowskiego i&nbsp;wojsk NKWD, kt\u00f3re sta\u0142y z&nbsp;bagnetami na&nbsp;wschodniej granicy komunistycznej Polski, by nikt nie m\u00f3g\u0142 unikn\u0105\u0107 wysiedlenia.<\/strong><\/em><\/p>\r\n<p>Poroszenko napisa\u0142, \u017ce &#8211;&nbsp;<strong><em>podczas deportacji \u017cycie straci\u0142y tysi\u0105ce Ukrai\u0144c\u00f3w.&nbsp;<\/em><\/strong>Jednak liczni historycy, w&nbsp;tym Timothy Snyder i&nbsp;Grzegorz Motyka, s\u0105 zgodni, \u017ce w&nbsp;trakcie samej deportacji \u017cycie straci\u0142o 27 Ukrai\u0144c\u00f3w, a nie \u201etysi\u0105ce\u201d, jak napisa\u0142 Poroszenko. Czym\u015b zgo\u0142a innym jest fakt, \u017ce w&nbsp;trakcie akcji \u201eWis\u0142a\u201d, jak podaje Snyder w&nbsp;swojej ksi\u0105\u017cce \u201eRekonstrukcja narod\u00f3w\u201d,&nbsp;s\u0105dy wojskowe za wsp\u00f3\u0142prac\u0119 z&nbsp;UPA skaza\u0142y na&nbsp;\u015bmier\u0107 175 os\u00f3b. Jak pisze Snyder &#8211;&nbsp;<em><strong>3936 Ukrai\u0144c\u00f3w, w&nbsp;tym 823 kobiety i&nbsp;dzieci, zabrano do obozu w&nbsp;Jaworznie, w&nbsp;czasie wojny nale\u017c\u0105cego do Auschwitz-Birkenau. Rutynowym torturom towarzyszy\u0142y tam epidemie tyfusu oraz brak jedzenia i&nbsp;ubra\u0144. W Jaworznie zmar\u0142o kilkudziesi\u0119ciu Ukrai\u0144c\u00f3w, w&nbsp;tym dwie kobiety, kt\u00f3re pope\u0142ni\u0142y samob\u00f3jstwo.<\/strong><\/em><\/p>\r\n<p>Poroszenko zwr\u00f3ci\u0142 uwag\u0119, \u017ce wsp\u00f3\u0142czesna Rosja ponownie \u201estwarza zagro\u017cenie dla Ukrainy, Polski i&nbsp;ca\u0142ego demokratycznego \u015bwiata\u201d.<\/p>\r\n<ul>\r\n\t<li>ZOBACZ R\u00d3WNIE\u017b: <a href=\"http:\/\/kresy.pl\/wydarzenia\/uczestnicy-ukrainskiego-okraglego-stolu-chca-potepienia-akcji-wisla-przez-parlamenty-ukrainy-i-polski\/\">Uczestnicy ukrai\u0144skiego \u201eokr\u0105g\u0142ego sto\u0142u\u201d chc\u0105 pot\u0119pienia akcji Wis\u0142a przez parlamenty Ukrainy i&nbsp;Polski<\/a><\/li>\r\n<\/ul>\r\n<p>Jak doda\u0142 Poroszenko &#8211;&nbsp;<em><strong>Niechaj pami\u0119\u0107 o&nbsp;tragicznych wydarzeniach z&nbsp;przesz\u0142o\u015bci i&nbsp;pami\u0119\u0107 o&nbsp;niewinnie pokrzywdzonych jeszcze bardziej zjednoczy ukrai\u0144ski i&nbsp;polski nar\u00f3d, niech stanie si\u0119 motorem dla dalszych dzia\u0142a\u0144 ku wzmocnieniu partnerstwa strategicznego mi\u0119dzy Ukrain\u0105 i&nbsp;Rzeczpospolit\u0105 Polsk\u0105 w&nbsp;Zjednoczonej Europie.<\/strong><\/em><\/p>\r\n<p>Kresy.pl \/ Rp.pl<\/p>\r\n<p class=\"zrodlo\">Za: <a href=\"http:\/\/kresy.pl\/wydarzenia\/poroszenko-o-akcji-wisla-podczas-deportacji-zycie-stracily-tysiace-ukraincow\/\">Kresy.pl (28 kwietnia 2017) <\/a><\/p>\r\n<h4>&nbsp;<\/h4>\r\n<hr style=\"background-color: #000000; border-width: 0; color: #000000; height: 2px; line-height: 0; text-align: center; width: 100%;\">\r\n<h4>&nbsp;<\/h4>","protected":false},"excerpt":{"rendered":"STANOWISKO FORUM MY\u015aLI POLSKIEJ W kwietniu 2017 roku mija 70-ta rocznica tzw. Operacji \u201eWis\u0142a\u201d. Operacja ta mia\u0142a na celu powstrzymanie terroru ukrai\u0144skich szowinist\u00f3w na po\u0142udniowo-wschodnich terenach polskiego pa\u0144stwa. Operacja \u201eWis\u0142a\u201d by\u0142a wymuszona na \u00f3wczesnej polskiej administracji przez nieustanny terror stosowany po wojnie przez Organizacj\u0119 Ukrai\u0144skich Nacjonalist\u00f3w i Ukrai\u0144sk\u0105 Powsta\u0144cz\u0105 Armi\u0119. Obejmowa\u0142 on g\u0142\u00f3wnie tereny dzisiejszego [&hellip;]","protected":false},"author":1,"featured_media":0,"comment_status":"closed","ping_status":"closed","sticky":false,"template":"","format":"standard","meta":{"_acf_changed":false,"_monsterinsights_skip_tracking":false,"_monsterinsights_sitenote_active":false,"_monsterinsights_sitenote_note":"","_monsterinsights_sitenote_category":0,"ngg_post_thumbnail":0,"footnotes":"","_wp_rev_ctl_limit":""},"categories":[8],"tags":[65,98,50,167,17],"acf":[],"_links":{"self":[{"href":"https:\/\/www.bibula.com\/index.php?rest_route=\/wp\/v2\/posts\/95374"}],"collection":[{"href":"https:\/\/www.bibula.com\/index.php?rest_route=\/wp\/v2\/posts"}],"about":[{"href":"https:\/\/www.bibula.com\/index.php?rest_route=\/wp\/v2\/types\/post"}],"author":[{"embeddable":true,"href":"https:\/\/www.bibula.com\/index.php?rest_route=\/wp\/v2\/users\/1"}],"replies":[{"embeddable":true,"href":"https:\/\/www.bibula.com\/index.php?rest_route=%2Fwp%2Fv2%2Fcomments&post=95374"}],"version-history":[{"count":0,"href":"https:\/\/www.bibula.com\/index.php?rest_route=\/wp\/v2\/posts\/95374\/revisions"}],"wp:attachment":[{"href":"https:\/\/www.bibula.com\/index.php?rest_route=%2Fwp%2Fv2%2Fmedia&parent=95374"}],"wp:term":[{"taxonomy":"category","embeddable":true,"href":"https:\/\/www.bibula.com\/index.php?rest_route=%2Fwp%2Fv2%2Fcategories&post=95374"},{"taxonomy":"post_tag","embeddable":true,"href":"https:\/\/www.bibula.com\/index.php?rest_route=%2Fwp%2Fv2%2Ftags&post=95374"}],"curies":[{"name":"wp","href":"https:\/\/api.w.org\/{rel}","templated":true}]}}