{"id":953,"date":"2007-03-25T00:00:00","date_gmt":"2007-03-25T00:00:00","guid":{"rendered":""},"modified":"2017-03-25T19:43:38","modified_gmt":"2017-03-25T23:43:38","slug":"zakaz-uzywania-slowa-wielkanoc-i-symbolu-zajaczka-w-szkole-stanu-rhode-island","status":"publish","type":"post","link":"https:\/\/www.bibula.com\/?p=953","title":{"rendered":"Zakaz u\u017cywania s\u0142owa Wielkanoc i symbolu zaj\u0105czka w szkole stanu Rhode Island"},"content":{"rendered":"<p>Kurator szk\u00f3\u0142 publicznych w stanie Rhode Island zakaza\u0142 w tym roku w szkole \u015bredniej <em>Tiverton Middle School <\/em>u\u017cywania symbolu zaj\u0105czka wielkanocnego (<em>Easter Bunny<\/em>) oraz u\u017cywania s\u0142owa &#8222;Wielkanoc&#8221; (<em>Easter<\/em>). W wywiadzie dla lokalnego pisma <em>Providence Journal<\/em> kurator William Rearick wyzna\u0142, \u017ce w ci\u0105gu ostatniego p\u00f3\u0142tora roku &#8222;by\u0142em coraz bardziej \u015bwiadomy tego, \u017ce wiele os\u00f3b nie ma korzeni chrze\u015bcija\u0144skich&#8221;. Zamiast tradycyjnego zaj\u0105czka wprowadzono w szkole znanego z ksi\u0105\u017cek i komiks\u00f3w &#8222;Piotrusia Kr\u00f3lika&#8221; (<em>Peter Rabbit<\/em>).<\/p>\r\n<p>Prezydent Ligii Katolickiej Bill Donahue wyda\u0142 <a class=\"content_sz\" href=\"http:\/\/www.catholicleague.org\/07press_releases\/quarter_1\/070323_ri_bans_bunny.htm\" target=\"_blank\">o\u015bwiadczenie<\/a> wzywaj\u0105ce katolik\u00f3w do wyra\u017cania swoich krytycznych opinii na adres kuratorium. Interesuj\u0105ce, \u017ce wniosek o zakaz u\u017cywania zaj\u0105czka wyszed\u0142 tym razem nie ze strony \u017cydowskiej czy muzu\u0142ma\u0144skiej &#8211; co stwierdza Donahue, lecz ze strony by\u0142ego katolika, wice-szefa szkolnego komitetu, Michaela Burk.<\/p>","protected":false},"excerpt":{"rendered":"Kurator szk\u00f3\u0142 publicznych w stanie Rhode Island zakaza\u0142 w tym roku w szkole \u015bredniej Tiverton Middle School u\u017cywania symbolu zaj\u0105czka wielkanocnego (Easter Bunny) oraz u\u017cywania s\u0142owa &#8222;Wielkanoc&#8221; (Easter). W wywiadzie dla lokalnego pisma Providence Journal kurator William Rearick wyzna\u0142, \u017ce w ci\u0105gu ostatniego p\u00f3\u0142tora roku &#8222;by\u0142em coraz bardziej \u015bwiadomy tego, \u017ce wiele os\u00f3b nie ma [&hellip;]","protected":false},"author":1,"featured_media":0,"comment_status":"closed","ping_status":"open","sticky":false,"template":"","format":"standard","meta":{"_acf_changed":false,"_monsterinsights_skip_tracking":false,"_monsterinsights_sitenote_active":false,"_monsterinsights_sitenote_note":"","_monsterinsights_sitenote_category":0,"ngg_post_thumbnail":0,"footnotes":"","_wp_rev_ctl_limit":""},"categories":[7],"tags":[100,25,221],"acf":[],"_links":{"self":[{"href":"https:\/\/www.bibula.com\/index.php?rest_route=\/wp\/v2\/posts\/953"}],"collection":[{"href":"https:\/\/www.bibula.com\/index.php?rest_route=\/wp\/v2\/posts"}],"about":[{"href":"https:\/\/www.bibula.com\/index.php?rest_route=\/wp\/v2\/types\/post"}],"author":[{"embeddable":true,"href":"https:\/\/www.bibula.com\/index.php?rest_route=\/wp\/v2\/users\/1"}],"replies":[{"embeddable":true,"href":"https:\/\/www.bibula.com\/index.php?rest_route=%2Fwp%2Fv2%2Fcomments&post=953"}],"version-history":[{"count":0,"href":"https:\/\/www.bibula.com\/index.php?rest_route=\/wp\/v2\/posts\/953\/revisions"}],"wp:attachment":[{"href":"https:\/\/www.bibula.com\/index.php?rest_route=%2Fwp%2Fv2%2Fmedia&parent=953"}],"wp:term":[{"taxonomy":"category","embeddable":true,"href":"https:\/\/www.bibula.com\/index.php?rest_route=%2Fwp%2Fv2%2Fcategories&post=953"},{"taxonomy":"post_tag","embeddable":true,"href":"https:\/\/www.bibula.com\/index.php?rest_route=%2Fwp%2Fv2%2Ftags&post=953"}],"curies":[{"name":"wp","href":"https:\/\/api.w.org\/{rel}","templated":true}]}}