{"id":95241,"date":"2017-04-20T12:34:17","date_gmt":"2017-04-20T16:34:17","guid":{"rendered":"http:\/\/www.bibula.com\/?p=95241"},"modified":"2022-09-09T10:53:26","modified_gmt":"2022-09-09T14:53:26","slug":"monsenor-ignacio-barreiro-kaplan-tradycji-i-legitymista-rip","status":"publish","type":"post","link":"https:\/\/www.bibula.com\/?p=95241","title":{"rendered":"Monse\u00f1or Ignacio Barreiro &#8211; kap\u0142an Tradycji i legitymista RIP"},"content":{"rendered":"<p><strong>W Wielki Czwartek o godzinie drugiej nad ranem, 13 kwietnia 2017 r., po d\u0142ugiej, trwaj\u0105cej pi\u0119\u0107 lat, walce z rakiem zmar\u0142 w szpitalu w Hawthorne (Connecticut, USA) Wielebny Ksi\u0105dz Doktor \u015awi\u0119tej Teologii, don Ignacio Barreiro Car\u00e1mbula. Swoj\u0105 ziemsk\u0105 pielgrzymk\u0119 zako\u0144czy\u0142 w 70 roku \u017cycia.<\/strong><\/p>\r\n<p><img decoding=\"async\" style=\"border: 0px none; margin: 10px;\" src=\"http:\/\/www.legitymizm.org\/img_mini\/barreiro_mini.jpg\" alt=\"\" align=\"left\">Ignacio Barreiro pochodzi\u0142 z Urugwaju. Urodzi\u0142 si\u0119 22 pa\u017adziernika 1947 r. w Montevideo, w rodzinie cz\u0119\u015bciowo hiszpa\u0144skiego, a cz\u0119\u015bciowo francuskiego pochodzenia. Studia prawnicze na tamtejszym uniwersytecie uwie\u0144czy\u0142 doktoratem, po czym wst\u0105pi\u0142 do s\u0142u\u017cby dyplomatycznej Republiki Wschodniej Urugwaju. W latach 1978-1983 by\u0142 cz\u0142onkiem delegacji swego kraju do ONZ. W\u00f3wczas dopiero obudzi\u0142o si\u0119 jego powo\u0142anie kap\u0142a\u0144skie &#8211; nie bez zwi\u0105zku z obserwacj\u0105 sposobu, w jaki agendy ONZ traktowa\u0142y kwesti\u0119 \u017cycia ludzkiego. W 1983 r. wst\u0105pi\u0142 do seminarium duchownego Dunwoodie w Nowym Jorku, a 14 listopada 1987 r. przyj\u0105\u0142 \u015bwi\u0119cenia kap\u0142a\u0144skie z r\u0105k kard. Johna O\u2019Connora w nowojorskiej katedrze \u015bw. Patryka.<\/p>\r\n<p>W 1991 roku ks. Barreiro wst\u0105pi\u0142 na Uniwersytet Krzy\u017ca \u015awi\u0119tego w Rzymie. Tam uko\u0144czy\u0142 studia teologiczne w 1993 r., w 1997 r. obroni\u0142 za\u015b doktorat z teologii na temat do\u015bwiadczenia Boga i jego zgodno\u015bci z wiar\u0105 u \u015bw. Tomasza z Akwinu. Jego szczeg\u00f3lnym powo\u0142aniem by\u0142 apostolat <em>pro-life<\/em>: od wrze\u015bnia 1998 r. przez wiele lat, dop\u00f3ki tylko stan zdrowia mu na to pozwoli\u0142, kierowa\u0142 biurem wykonawczym rzymskiej centrali organizacji walcz\u0105cej w obronie \u017cycia nienarodzonych &#8211; Human Life International (Vida Humana Internacional). Jako reprezentant Forum Rzymskiego, by\u0142 jednym z 23 sygnatariuszy listu akademik\u00f3w katolickich z grudnia 2016 r., wspieraj\u0105cych <em>dubia<\/em> czterech kardyna\u0142\u00f3w odno\u015bnie do adhortacji <em>Amoris Laetitia<\/em>. Wierny nieugi\u0119cie tradycyjnej doktrynie katolickiej, mons. Barreiro odprawia\u0142 wy\u0142\u0105cznie Msz\u0119 \u015bw. w tradycyjnym rycie rzymskim &#8211; zgodnie z \u201eporz\u0105dkiem Melchizedeka\u201d, jak mawia\u0142.<\/p>\r\n<p><img fetchpriority=\"high\" decoding=\"async\" class=\"aligncenter\" title=\"Don Ignacio Barreiro\" src=\"http:\/\/www.legitymizm.org\/img\/don_ignacio_barreiro.jpg\" alt=\"Don Ignacio Barreiro\" width=\"763\" height=\"447\"><\/p>\r\n<p>Don Ignacio by\u0142 gor\u0105cym i niez\u0142omnym legitymist\u0105. Zaprzyja\u017aniony z prawdziwym kr\u00f3lem <em>las Espa\u00c3\u00b1as <\/em>&#8211; Sykstusem Henrykiem z dynastii Burbon\u00f3w Parme\u0144skich (Don Sixto Enrique de Borb\u00f3n-Parma), przy wielu okazjach celebrowa\u0142 Msze \u015bw. dla wiernych z karlistowskiej Wsp\u00f3lnoty Tradycjonalistycznej, oczywi\u015bcie zawsze w klasycznym rycie rzymskim. Przewodniczy\u0142 odnowieniu \u015alubowania Jedno\u015bci Katolickiej (<em>Juramento de la Unidad Cat\u00f3lica<\/em>) w Olite (Nawarra), w 2005 r. by\u0142 uczestnikiem Kongresu w 175. rocznic\u0119 karlizmu w Madrycie (2008) oraz w setn\u0105 rocznic\u0119 zgonu Karola VII Wielkiego w Trie\u015bcie (2009). Wielokrotnie uczestniczy\u0142 w Spotkaniach Przyjaci\u00f3\u0142 Pa\u0144stwa Katolickiego (<em>Reuniones de Amigos de la Ciudad Cat\u00f3lica<\/em>). By\u0142 kapelanem oraz cz\u0142onkiem rzeczywistym karlistowskiej akademii kr\u00f3lewskiej, czyli Rady Studi\u00f3w Hiszpa\u0144skich im. Filipa II (Consejo de Estudios Hisp\u00e1nicos Felipe II). Jednocze\u015bnie otacza\u0142 swoj\u0105 duszpastersk\u0105 opiek\u0105 legitymist\u00f3w neapolita\u0144skich jako kapelan corocznych Spotka\u0144 Tradycjonalistycznych (<em>Incontros Tradizionalistas<\/em>) w Civitella del Tronto. Jako delegat i ambasador <em>de facto <\/em>JKW Sykstusa Henryka w Rzymie, wspiera\u0142 jego starania o beatyfikacj\u0119 cesarza i kr\u00f3la Karola I\/IV\/III Habsburga &#8211; uwie\u0144czone powodzeniem w 2004 r. &#8211; oraz hiszpa\u0144skich M\u0119czennik\u00f3w Krucjaty. Za swoj\u0105 wierno\u015b\u0107 sprawie Tradycji zosta\u0142 odznaczony przez kr\u00f3la Orderem Wygnanej Prawowito\u015bci (<em>Orden de la Legitimidad Proscrita<\/em>).<\/p>\r\n<p>Ks. dr Barreiro wyg\u0142osi\u0142 trudn\u0105 do okre\u015blenia liczb\u0119 wyk\u0142ad\u00f3w oraz opublikowa\u0142 szereg ksi\u0105\u017cek i artyku\u0142\u00f3w, g\u0142\u00f3wnie z zakresu teologii moralnej i na tematy bioetyczne, m.in. w madryckim dwumiesi\u0119czniku \u201eVerbo\u201d, w \u201eAnales de la Fundaci\u00f3n Francisco El\u00c3\u00adas de Tejada\u201d, oraz w hispanoameryka\u0144skim przegl\u0105dzie \u201eFuego y Raya\u201d [\u201eOgie\u0144 i Linia\u201d]. Warto przytoczy\u0107 w tym miejscu kluczowe s\u0142owa z jednego z ostatnich jego artyku\u0142\u00f3w, definiuj\u0105ce sens Tradycji: \u201eTradycja zawiera dwa elementy, kt\u00f3re musz\u0105 by\u0107 precyzyjnie studiowane: Tradycj\u0119 w Ko\u015bciele i jej w\u0142\u0105czenie (<em>incorporaci\u00f3n<\/em>) w okre\u015blone spo\u0142ecze\u0144stwo historyczne. W Tradycji Ko\u015bcio\u0142a musimy widzie\u0107 akumulacj\u0119 post\u0119puj\u0105cego i stopniowego dzia\u0142ania Ducha \u015awi\u0119tego. Tradycja \u017cywa jest przyswajana i przekazywana w pe\u0142ni wewn\u0105trz Ko\u015bcio\u0142a. To dziedzictwo musimy przyj\u0105\u0107 w postaci integralnej, jako doktryn\u0119 Wiary (<em>doctrina de la Fe<\/em>). Wiara wciela si\u0119 i zakorzenia si\u0119 w okre\u015blonym spo\u0142ecze\u0144stwie, jednocz\u0105c swoich cz\u0142onk\u00f3w w kulcie publicznym Naszego Pana i publicznym wyznawaniu spo\u0142ecznego kr\u00f3lowania Jezusa Chrystusa. To wyznawanie nie mo\u017ce ogranicza\u0107 si\u0119 jedynie do deklaracji teoretycznej, lecz musi kierowa\u0107 i spaja\u0107 zr\u00f3\u017cnicowane cia\u0142a spo\u0142eczne. Wiara ta musi by\u0107 form\u0105 struktury spo\u0142ecznej konkretnego spo\u0142ecze\u0144stwa historycznego na okre\u015blonym terytorium, staj\u0105c si\u0119 kultur\u0105\u201d (<em>La Tradici\u00f3n<\/em><em> como deber de vivirla y transmitirla<\/em>, \u201eVerbo\u201d 2014, n\u00c3\u00bams. 525-526, ss. 359-360).<\/p>\r\n<p>Mia\u0142em zaszczyt i przyjemno\u015b\u0107 pozna\u0107 osobi\u015bcie Jego Wielebno\u015b\u0107 podczas Kongresu \u201eUna revisi\u00f3n de la Tradici\u00f3n pol\u00c3\u00adtica hisp\u00e1nica. A los 175 a\u00c3\u00b1os del Carlismo\u201d, zorganizowanego przez Consejo de Estudios Hisp\u00e1nicos Felipe II w dniach 27-28 wrze\u015bnia 2008 r. w Madrycie. Tak si\u0119 z\u0142o\u017cy\u0142o, \u017ce ks. dr Barreiro przewodniczy\u0142 sesji, podczas kt\u00f3rej wyg\u0142asza\u0142em referat pt. <em>El Carlismo visto desde Polonia<\/em>. Ponownie spotkali\u015bmy si\u0119 sze\u015b\u0107 lat p\u00f3\u017aniej, w listopadzie 2014 r., podczas kolejnego kongresu \u201eMaestros del tradicionalismo hisp\u00e1nico de la segunda mitad del siglo XX\u201d, r\u00f3wnie\u017c w Madrycie. By\u0142 cz\u0142owiekiem, kt\u00f3ry od pierwszego zetkni\u0119cia sprawia\u0142 niezapomniane wra\u017cenie, emanuj\u0105c b\u0142yszcz\u0105c\u0105 inteligencj\u0105, witalno\u015bci\u0105, jowialnym humorem i dobroci\u0105. Pali\u0142 papierosy jak smok. Mia\u0142 spor\u0105 wiedz\u0119 o historii Polski.<\/p>\r\n<p>Doczesne szcz\u0105tki \u015bp. ks. Barreiro spocz\u0119\u0142y we Wtorek Wielkanocny 18 kwietnia 2017 r. na cmentarzu \u015bw. Jana i \u015bw. Marii w Norwalk (Connecticut). Pogrzeb poprzedzi\u0142o odprawienie uroczystej Mszy \u017ca\u0142obnej w ko\u015bciele \u015bw. Marii, podczas kt\u00f3rej wykonywano hiszpa\u0144sk\u0105 muzyk\u0119 sakraln\u0105 oraz karlistowski hymn <em>Oriamendi<\/em>.<\/p>\r\n<p><em><strong>Jacek Bartyzel<\/strong><\/em><\/p>","protected":false},"excerpt":{"rendered":"W Wielki Czwartek o godzinie drugiej nad ranem, 13 kwietnia 2017 r., po d\u0142ugiej, trwaj\u0105cej pi\u0119\u0107 lat, walce z rakiem zmar\u0142 w szpitalu w Hawthorne (Connecticut, USA) Wielebny Ksi\u0105dz Doktor \u015awi\u0119tej Teologii, don Ignacio Barreiro Car\u00e1mbula. Swoj\u0105 ziemsk\u0105 pielgrzymk\u0119 zako\u0144czy\u0142 w 70 roku \u017cycia. Ignacio Barreiro pochodzi\u0142 z Urugwaju. Urodzi\u0142 si\u0119 22 pa\u017adziernika 1947 r. [&hellip;]","protected":false},"author":1,"featured_media":0,"comment_status":"closed","ping_status":"closed","sticky":false,"template":"","format":"standard","meta":{"_acf_changed":false,"_monsterinsights_skip_tracking":false,"_monsterinsights_sitenote_active":false,"_monsterinsights_sitenote_note":"","_monsterinsights_sitenote_category":0,"ngg_post_thumbnail":0,"footnotes":"","_wp_rev_ctl_limit":""},"categories":[3],"tags":[35,158,184,216,221],"acf":[],"_links":{"self":[{"href":"https:\/\/www.bibula.com\/index.php?rest_route=\/wp\/v2\/posts\/95241"}],"collection":[{"href":"https:\/\/www.bibula.com\/index.php?rest_route=\/wp\/v2\/posts"}],"about":[{"href":"https:\/\/www.bibula.com\/index.php?rest_route=\/wp\/v2\/types\/post"}],"author":[{"embeddable":true,"href":"https:\/\/www.bibula.com\/index.php?rest_route=\/wp\/v2\/users\/1"}],"replies":[{"embeddable":true,"href":"https:\/\/www.bibula.com\/index.php?rest_route=%2Fwp%2Fv2%2Fcomments&post=95241"}],"version-history":[{"count":2,"href":"https:\/\/www.bibula.com\/index.php?rest_route=\/wp\/v2\/posts\/95241\/revisions"}],"predecessor-version":[{"id":136126,"href":"https:\/\/www.bibula.com\/index.php?rest_route=\/wp\/v2\/posts\/95241\/revisions\/136126"}],"wp:attachment":[{"href":"https:\/\/www.bibula.com\/index.php?rest_route=%2Fwp%2Fv2%2Fmedia&parent=95241"}],"wp:term":[{"taxonomy":"category","embeddable":true,"href":"https:\/\/www.bibula.com\/index.php?rest_route=%2Fwp%2Fv2%2Fcategories&post=95241"},{"taxonomy":"post_tag","embeddable":true,"href":"https:\/\/www.bibula.com\/index.php?rest_route=%2Fwp%2Fv2%2Ftags&post=95241"}],"curies":[{"name":"wp","href":"https:\/\/api.w.org\/{rel}","templated":true}]}}