{"id":95182,"date":"2017-04-18T13:27:08","date_gmt":"2017-04-18T17:27:08","guid":{"rendered":"http:\/\/www.bibula.com\/?p=95182"},"modified":"2017-04-18T13:28:43","modified_gmt":"2017-04-18T17:28:43","slug":"rosja-lawrow-odznaczony-przez-cyryla-za-walke-z-terroryzmem-i-chrystianofobia","status":"publish","type":"post","link":"https:\/\/www.bibula.com\/?p=95182","title":{"rendered":"Rosja: \u0141awrow odznaczony przez Cyryla za walk\u0119 z terroryzmem i chrystianofobi\u0105"},"content":{"rendered":"<p><strong>Minister spraw zagranicznych Rosji Sergiej \u0141awrow otrzyma\u0142 nagrod\u0119 \u015awiatowego Rosyjskiego Soboru Narodowego.<\/strong><\/p>\r\n<p>Podczas uroczysto\u015bci zorganizowanej z&nbsp;okazji Wielkanocy, Patriarcha Moskwy i&nbsp;Wszechrusi Cyryl wr\u0119czy\u0142 Sergiejowi \u0141awrowowi okoliczno\u015bciowy dyplom dedykowany laureatowi nagrody. Rosyjski Patriarcha podkre\u015bli\u0142, \u017ce wp\u0142yw dzia\u0142alno\u015bci szefa rosyjskiej dyplomacji na&nbsp;<em>\u015bwiadomo\u015b\u0107 narodu, pa\u0144stwa i&nbsp;opinii<\/em> (publicznej &#8211; red.).<\/p>\r\n<p><em>&#8211; Pa\u0144ska&nbsp;praca zosta\u0142a dostrze\u017cona i&nbsp;doceniona przez \u015bwiatow\u0105 Katedr\u0119 Rosyjsk\u0105<\/em> &#8211; m\u00f3wi\u0142 Cyryl.<\/p>\r\n<p>Z kolei minister \u0141awrow, z&nbsp;okazji \u015bwi\u0105t wielkanocnych, odznaczy\u0142 rosyjskiego hierarch\u0119 medalem im. Jewgienija Primakowa.<\/p>\r\n<p>Patriarcha wr\u0119czy\u0142 tak\u017ce Order \u015awi\u0119tego Serafina z&nbsp;Sarowa drugiego stopnia wiceministrowi sprawa zagranicznych Michai\u0142 Bogdanowowi <em>w uznaniu za wysi\u0142ki na&nbsp;rzecz pokoju mi\u0119dzy narodami i&nbsp;obron\u0119 chrze\u015bcijan na&nbsp;Bliskim Wschodzie i&nbsp;w&nbsp;Afryce P\u00f3\u0142nocnej<\/em>.<\/p>\r\n<p>W uroczysto\u015bci wzi\u0119li udzia\u0142 hierarchowie Rosyjskiej Cerkwi Prawos\u0142awnej, przedstawicieli innych wyzna\u0144 uznanych w&nbsp;Rosji, osobisto\u015bci \u017cycia publicznego i&nbsp;korpus\u00f3w dyplomatycznych.<\/p>\r\n<p>Rosyjskie Sobory Narodowe organizowane s\u0105 od 1993 z&nbsp;inicjatywy patriarchy Cyryla.<\/p>\r\n<p><iframe src=\"https:\/\/www.youtube.com\/embed\/EgQBmj3rlPk?feature=oembed&amp;wmode=opaque\" allowfullscreen=\"allowfullscreen\" data-mce-fragment=\"1\" frameborder=\"0\" height=\"450\" width=\"600\"><\/iframe><\/p>\r\n<ul>\r\n\t<li><strong>Czytaj r\u00f3wnie\u017c: <a href=\"http:\/\/kresy.pl\/wydarzenia\/patriarcha-cyryl-za-calkowitym-zakazem-aborcji\/\">Patriarcha Cyryl za ca\u0142kowitym zakazem aborcji<\/a><\/strong><\/li>\r\n<\/ul>\r\n<p>kresy.pl\/ chelorg.com\/ youtube.com<\/p>","protected":false},"excerpt":{"rendered":"Minister spraw zagranicznych Rosji Sergiej \u0141awrow otrzyma\u0142 nagrod\u0119 \u015awiatowego Rosyjskiego Soboru Narodowego. Podczas uroczysto\u015bci zorganizowanej z&nbsp;okazji Wielkanocy, Patriarcha Moskwy i&nbsp;Wszechrusi Cyryl wr\u0119czy\u0142 Sergiejowi \u0141awrowowi okoliczno\u015bciowy dyplom dedykowany laureatowi nagrody. Rosyjski Patriarcha podkre\u015bli\u0142, \u017ce wp\u0142yw dzia\u0142alno\u015bci szefa rosyjskiej dyplomacji na&nbsp;\u015bwiadomo\u015b\u0107 narodu, pa\u0144stwa i&nbsp;opinii (publicznej &#8211; red.). &#8211; Pa\u0144ska&nbsp;praca zosta\u0142a dostrze\u017cona i&nbsp;doceniona przez \u015bwiatow\u0105 Katedr\u0119 Rosyjsk\u0105 &#8211; [&hellip;]","protected":false},"author":1,"featured_media":0,"comment_status":"closed","ping_status":"closed","sticky":false,"template":"","format":"standard","meta":{"_acf_changed":false,"_monsterinsights_skip_tracking":false,"_monsterinsights_sitenote_active":false,"_monsterinsights_sitenote_note":"","_monsterinsights_sitenote_category":0,"ngg_post_thumbnail":0,"footnotes":"","_wp_rev_ctl_limit":""},"categories":[6],"tags":[141],"acf":[],"_links":{"self":[{"href":"https:\/\/www.bibula.com\/index.php?rest_route=\/wp\/v2\/posts\/95182"}],"collection":[{"href":"https:\/\/www.bibula.com\/index.php?rest_route=\/wp\/v2\/posts"}],"about":[{"href":"https:\/\/www.bibula.com\/index.php?rest_route=\/wp\/v2\/types\/post"}],"author":[{"embeddable":true,"href":"https:\/\/www.bibula.com\/index.php?rest_route=\/wp\/v2\/users\/1"}],"replies":[{"embeddable":true,"href":"https:\/\/www.bibula.com\/index.php?rest_route=%2Fwp%2Fv2%2Fcomments&post=95182"}],"version-history":[{"count":0,"href":"https:\/\/www.bibula.com\/index.php?rest_route=\/wp\/v2\/posts\/95182\/revisions"}],"wp:attachment":[{"href":"https:\/\/www.bibula.com\/index.php?rest_route=%2Fwp%2Fv2%2Fmedia&parent=95182"}],"wp:term":[{"taxonomy":"category","embeddable":true,"href":"https:\/\/www.bibula.com\/index.php?rest_route=%2Fwp%2Fv2%2Fcategories&post=95182"},{"taxonomy":"post_tag","embeddable":true,"href":"https:\/\/www.bibula.com\/index.php?rest_route=%2Fwp%2Fv2%2Ftags&post=95182"}],"curies":[{"name":"wp","href":"https:\/\/api.w.org\/{rel}","templated":true}]}}