{"id":95152,"date":"2017-04-18T10:37:33","date_gmt":"2017-04-18T14:37:33","guid":{"rendered":"http:\/\/www.bibula.com\/?p=95152"},"modified":"2017-04-18T10:37:33","modified_gmt":"2017-04-18T14:37:33","slug":"kardynal-christoph-schonborn-proponuje-nowe-koscielne-urzedy-dla-kobiet","status":"publish","type":"post","link":"https:\/\/www.bibula.com\/?p=95152","title":{"rendered":"Kardyna\u0142 Christoph Schonborn proponuje nowe ko\u015bcielne urz\u0119dy dla kobiet"},"content":{"rendered":"<p><strong>Ko\u015bci\u00f3\u0142 katolicki jest za bardzo zmaskulinizowany &#8211; uwa\u017ca wiede\u0144ski kardyna\u0142 Christoph Sch\u00f6nborn przekonuj\u0105c, \u017ce trzeba stworzy\u0107 nowe urz\u0119dy dla kobiet. W sprawie \u017ce\u0144skiego diakonatu nie ma jeszcze rozstrzygni\u0119\u0107, ale istnienie diakonis w Ko\u015bciele staro\u017cytnym powinno \u201eda\u0107 do my\u015blenia\u201d &#8211; przekonuje purpurat. <br>\r\n <\/strong><\/p>\r\n<p>&#8211; <em>Niew\u0105tpliwie potrzeba wi\u0119cej kobiet na urz\u0119dach ko\u015bcielnych i pozostaje tu szerokie pole do dzia\u0142ania<\/em> &#8211; uwa\u017ca arcybiskup Wiednia.<\/p>\r\n<p>Purpurat, kt\u00f3ry przewodzi austriackiemu episkopatowi i cieszy si\u0119 zaufaniem Ojca \u015awi\u0119tego, w rozmowie z \u201eWiener Zeitung\u201d stwierdzi\u0142, \u017ce powstaje dzi\u015b wra\u017cenie Ko\u015bcio\u0142a jako \u201edru\u017cyny m\u0119\u017cczyzn\u201d. Jako przyk\u0142ad poda\u0142 cho\u0107by koncelebrowanie Mszy \u015awi\u0119tej przez wielu ksi\u0119\u017cy. Reformy liturgiczne wprowadzone po II Soborze Watyka\u0144skim stwarzaj\u0105 pewne niebezpiecze\u0144stwo przekszta\u0142cania si\u0119 kap\u0142ana w \u201emoderatora\u201d liturgii &#8211; uzna\u0142 kardyna\u0142 Christoph Sch\u00f6nborn.<\/p>\r\n<p>Pytany, czy rozwi\u0105zaniem tego \u201eproblemu\u201d mog\u0142oby by\u0107 otwarcie dla kobiet diakonatu, arcybiskup Wiednia zaj\u0105\u0142 ostro\u017cne stanowisko. Jego zdaniem dyskusja na ten temat \u201ejeszcze nie dojrza\u0142a\u201d i dzi\u015b nie mo\u017cna niczego rozstrzygn\u0105\u0107. W ka\u017cdym razie fakt istnienia diakonis w Ko\u015bciele staro\u017cytno\u015bci oraz we wsp\u00f3\u0142czesnych Ko\u015bcio\u0142ach wschodnich \u201epowinien da\u0107 nam w Ko\u015bciele \u0142aci\u0144skim do my\u015blenia\u201d &#8211; stwierdzi\u0142.<\/p>\r\n<p>Purpurat m\u00f3wi\u0142 te\u017c o przysz\u0142o\u015bci celibatu. Przyzna\u0142, \u017ce \u017cycie w samotno\u015bci jest dla wielu ksi\u0119\u017cy pewnym problemem. Nie oznacza to jednak, \u017ce nale\u017cy znosi\u0107 zasad\u0119 bez\u017cenno\u015bci kap\u0142an\u00f3w. W poszczeg\u00f3lnych diecezjach nale\u017cy raczej k\u0142a\u015b\u0107 nacisk na \u017cycie wsp\u00f3lnotowe, tak, by kap\u0142ani mogli mieszka\u0107 razem. &#8211; <em>Ksi\u0105dz \u017cyj\u0105cy samotnie na swojej parafii nie jest na pewno idea\u0142em przysz\u0142o\u015bci<\/em> &#8211; stwierdzi\u0142.<\/p>\r\n<p>\u0179r\u00f3d\u0142o: kathpress.co.at<\/p>\r\n<p>Pach<\/p>","protected":false},"excerpt":{"rendered":"Ko\u015bci\u00f3\u0142 katolicki jest za bardzo zmaskulinizowany &#8211; uwa\u017ca wiede\u0144ski kardyna\u0142 Christoph Sch\u00f6nborn przekonuj\u0105c, \u017ce trzeba stworzy\u0107 nowe urz\u0119dy dla kobiet. W sprawie \u017ce\u0144skiego diakonatu nie ma jeszcze rozstrzygni\u0119\u0107, ale istnienie diakonis w Ko\u015bciele staro\u017cytnym powinno \u201eda\u0107 do my\u015blenia\u201d &#8211; przekonuje purpurat. &#8211; Niew\u0105tpliwie potrzeba wi\u0119cej kobiet na urz\u0119dach ko\u015bcielnych i pozostaje tu szerokie pole do [&hellip;]","protected":false},"author":1,"featured_media":0,"comment_status":"closed","ping_status":"closed","sticky":false,"template":"","format":"standard","meta":{"_acf_changed":false,"_monsterinsights_skip_tracking":false,"_monsterinsights_sitenote_active":false,"_monsterinsights_sitenote_note":"","_monsterinsights_sitenote_category":0,"ngg_post_thumbnail":0,"footnotes":"","_wp_rev_ctl_limit":""},"categories":[3],"tags":[166,33],"acf":[],"_links":{"self":[{"href":"https:\/\/www.bibula.com\/index.php?rest_route=\/wp\/v2\/posts\/95152"}],"collection":[{"href":"https:\/\/www.bibula.com\/index.php?rest_route=\/wp\/v2\/posts"}],"about":[{"href":"https:\/\/www.bibula.com\/index.php?rest_route=\/wp\/v2\/types\/post"}],"author":[{"embeddable":true,"href":"https:\/\/www.bibula.com\/index.php?rest_route=\/wp\/v2\/users\/1"}],"replies":[{"embeddable":true,"href":"https:\/\/www.bibula.com\/index.php?rest_route=%2Fwp%2Fv2%2Fcomments&post=95152"}],"version-history":[{"count":0,"href":"https:\/\/www.bibula.com\/index.php?rest_route=\/wp\/v2\/posts\/95152\/revisions"}],"wp:attachment":[{"href":"https:\/\/www.bibula.com\/index.php?rest_route=%2Fwp%2Fv2%2Fmedia&parent=95152"}],"wp:term":[{"taxonomy":"category","embeddable":true,"href":"https:\/\/www.bibula.com\/index.php?rest_route=%2Fwp%2Fv2%2Fcategories&post=95152"},{"taxonomy":"post_tag","embeddable":true,"href":"https:\/\/www.bibula.com\/index.php?rest_route=%2Fwp%2Fv2%2Ftags&post=95152"}],"curies":[{"name":"wp","href":"https:\/\/api.w.org\/{rel}","templated":true}]}}