{"id":95108,"date":"2017-04-13T12:00:34","date_gmt":"2017-04-13T16:00:34","guid":{"rendered":"http:\/\/www.bibula.com\/?p=95108"},"modified":"2017-04-13T12:00:34","modified_gmt":"2017-04-13T16:00:34","slug":"tworcy-wolynia-protestuja-u-szefa-msz-ws-odwolania-projekcji-filmu-na-wegrzech","status":"publish","type":"post","link":"https:\/\/www.bibula.com\/?p=95108","title":{"rendered":"Tw\u00f3rcy \u201eWo\u0142ynia&#8221; protestuj\u0105 u szefa MSZ ws. odwo\u0142ania projekcji filmu na W\u0119grzech"},"content":{"rendered":"<p><strong>Witoldowi Waszczykowskiemu podlega Instytut Polski w&nbsp;Budapeszcie, kt\u00f3ry odwo\u0142a\u0142 pokazy filmu.<\/strong><\/p>\r\n<p>Re\u017cyser filmu \u201eWo\u0142y\u0144\u201d Wojciech Smarzowski, producenci filmu Dariusz Pietrykowski, Andrzej Po\u0142e\u0107 i&nbsp;Feliks Pastusiak oraz konsultant filmu, znany historyk prof. Grzegorz Motyka, zaprotestowali przeciwko odwo\u0142aniu dw\u00f3ch pokaz\u00f3w filmu na&nbsp;W\u0119grzech. Protesty zosta\u0142y wys\u0142ane do szefa Ministerstwa Spraw Zagranicznych Witolda Waszczykowskiego, kt\u00f3remu podlega Instytut Polski w&nbsp;Budapeszcie, kt\u00f3ry odwo\u0142a\u0142 pokazy.<\/p>\r\n<p><a href=\"http:\/\/nowe.kresy.pl\/wydarzenia\/wegrzech-odwolano-pokazy-filmu-wolyn\/\">Jak informowali\u015bmy dwa dni temu<\/a>, odwo\u0142ane pokazy mia\u0142y odby\u0107 si\u0119 23. i&nbsp;24. kwietnia w&nbsp;ramach 23. Polskiej Wiosny Filmowej. Oficjalnym powodem skasowania projekcji by\u0142 brak mo\u017cliwo\u015bci przeprowadzenia przed pokazami dyskusji panelowej z&nbsp;udzia\u0142em prof. Grzegorza Motyki.<\/p>\r\n<p><strong><em>Jeste\u015bmy zdziwieni, \u017ce planowane od kilku miesi\u0119cy i&nbsp;b\u0119d\u0105ce ju\u017c w&nbsp;programie pokazy filmu zosta\u0142y nagle odwo\u0142ane.<\/em><\/strong> &#8211; napisali producenci filmu wraz z&nbsp;re\u017cyserem.<\/p>\r\n<p>Zdaniem tw\u00f3rc\u00f3w \u201eWo\u0142ynia\u201d takie post\u0119powanie nosi znamiona ograniczania swobody wypowiedzi artystycznej. Ich zdziwienie budzi uzale\u017cnianie prezentacji filmu od konieczno\u015bci przeprowadzenia dyskusji z&nbsp;historykiem. Zaapelowali do szefa MSZ o&nbsp;jak najszybsze zaj\u0119cie stanowiska w&nbsp;tej sprawie.<\/p>\r\n<p>Do listu producent\u00f3w i&nbsp;re\u017cysera do\u0142\u0105czono tak\u017ce protest prof. Grzegorza Motyki. Historyk wyrazi\u0142 \u201eg\u0142\u0119boki niesmak i&nbsp;sprzeciw\u201d z&nbsp;powodu pos\u0142u\u017cenia si\u0119 jego nazwiskiem dla odwo\u0142ania pokaz\u00f3w filmu na&nbsp;W\u0119grzech.<\/p>\r\n<p>Poni\u017cej zamieszczamy skany obu o\u015bwiadcze\u0144.<\/p>\r\n<div class=\"avia-image-container  av-styling-   avia-builder-el-0  el_before_av_image  avia-builder-el-first   avia-align-center \">\r\n<div class=\"avia-image-container-inner\"><img fetchpriority=\"high\" decoding=\"async\" class=\"avia_image  aligncenter\" title=\"protest-filmit\" src=\"http:\/\/nowe.kresy.pl\/wp-content\/uploads\/2017\/04\/protest-filmit-1.jpg\" alt=\"\" height=\"875\" width=\"598\"><\/div>\r\n<\/div>\r\n<div class=\"avia-image-container  av-styling-   avia-builder-el-1  el_after_av_image  avia-builder-el-last   avia-align-center \">\r\n<div class=\"avia-image-container-inner\"><img decoding=\"async\" class=\"avia_image  aligncenter\" title=\"protest-motyki\" src=\"http:\/\/nowe.kresy.pl\/wp-content\/uploads\/2017\/04\/protest-motyki.jpg\" alt=\"\" height=\"471\" width=\"600\">\r\n<p>Kresy.pl<\/p>\r\n<p class=\"zrodlo\">Za: <a href=\"http:\/\/nowe.kresy.pl\/wydarzenia\/tworcy-wolynia-protestuja-u-szefa-msz-ws-odwolania-projekcji-filmu-wegrzech\/\">Nowe.Kresy.pl (<span class=\"post-meta-infos\">11 kwietnia 2017<\/span>)<\/a><\/p>\r\n<h4>&nbsp;<\/h4>\r\n<hr style=\"background-color: #000000; border-width: 0; color: #000000; height: 2px; line-height: 0; text-align: center; width: 100%;\">\r\n<h4>&nbsp;<\/h4>\r\n<h2>Kolejny zakaz dla filmu &#8222;Wo\u0142y\u0144&#8221;<\/h2>\r\n<p>Najpierw na Ukrainie, teraz na W\u0119grzech. Nie z winy naszych bratank\u00f3w, lecz MSZ RP. Efekt polityki \u201ena kolanach\u201d Wiktora Waszczykowskiego wobec ukrai\u0144skich oligarch\u00f3w i banderowc\u00f3w. A p\u00f3\u017aniej PiS si\u0119 dziwi, \u017ce lec\u0105 mu sonda\u017ce.<\/p>\r\n<p><strong><em>Ks. Tadeusz Isakowicz-Zaleski<\/em><\/strong><\/p>\r\n<p class=\"zrodlo\">Za: <a href=\"http:\/\/isakowicz.pl\/kolejny-zakaz-dla-filmu-wolyn\/\">isakowicz.pl (13 kwietnia 2017)<\/a><\/p>\r\n<h4>&nbsp;<\/h4>\r\n<hr style=\"background-color: #000000; border-width: 0; color: #000000; height: 2px; line-height: 0; text-align: center; width: 100%;\">\r\n<h4>&nbsp;<\/h4>\r\n<\/div>\r\n<\/div>","protected":false},"excerpt":{"rendered":"Witoldowi Waszczykowskiemu podlega Instytut Polski w&nbsp;Budapeszcie, kt\u00f3ry odwo\u0142a\u0142 pokazy filmu. Re\u017cyser filmu \u201eWo\u0142y\u0144\u201d Wojciech Smarzowski, producenci filmu Dariusz Pietrykowski, Andrzej Po\u0142e\u0107 i&nbsp;Feliks Pastusiak oraz konsultant filmu, znany historyk prof. Grzegorz Motyka, zaprotestowali przeciwko odwo\u0142aniu dw\u00f3ch pokaz\u00f3w filmu na&nbsp;W\u0119grzech. Protesty zosta\u0142y wys\u0142ane do szefa Ministerstwa Spraw Zagranicznych Witolda Waszczykowskiego, kt\u00f3remu podlega Instytut Polski w&nbsp;Budapeszcie, kt\u00f3ry odwo\u0142a\u0142 [&hellip;]","protected":false},"author":1,"featured_media":0,"comment_status":"closed","ping_status":"closed","sticky":false,"template":"","format":"standard","meta":{"_acf_changed":false,"_monsterinsights_skip_tracking":false,"_monsterinsights_sitenote_active":false,"_monsterinsights_sitenote_note":"","_monsterinsights_sitenote_category":0,"ngg_post_thumbnail":0,"footnotes":"","_wp_rev_ctl_limit":""},"categories":[8],"tags":[65,16,98,179,159,167,17],"acf":[],"_links":{"self":[{"href":"https:\/\/www.bibula.com\/index.php?rest_route=\/wp\/v2\/posts\/95108"}],"collection":[{"href":"https:\/\/www.bibula.com\/index.php?rest_route=\/wp\/v2\/posts"}],"about":[{"href":"https:\/\/www.bibula.com\/index.php?rest_route=\/wp\/v2\/types\/post"}],"author":[{"embeddable":true,"href":"https:\/\/www.bibula.com\/index.php?rest_route=\/wp\/v2\/users\/1"}],"replies":[{"embeddable":true,"href":"https:\/\/www.bibula.com\/index.php?rest_route=%2Fwp%2Fv2%2Fcomments&post=95108"}],"version-history":[{"count":0,"href":"https:\/\/www.bibula.com\/index.php?rest_route=\/wp\/v2\/posts\/95108\/revisions"}],"wp:attachment":[{"href":"https:\/\/www.bibula.com\/index.php?rest_route=%2Fwp%2Fv2%2Fmedia&parent=95108"}],"wp:term":[{"taxonomy":"category","embeddable":true,"href":"https:\/\/www.bibula.com\/index.php?rest_route=%2Fwp%2Fv2%2Fcategories&post=95108"},{"taxonomy":"post_tag","embeddable":true,"href":"https:\/\/www.bibula.com\/index.php?rest_route=%2Fwp%2Fv2%2Ftags&post=95108"}],"curies":[{"name":"wp","href":"https:\/\/api.w.org\/{rel}","templated":true}]}}