{"id":95061,"date":"2017-04-12T09:52:47","date_gmt":"2017-04-12T13:52:47","guid":{"rendered":"http:\/\/www.bibula.com\/?p=95061"},"modified":"2017-04-12T10:00:41","modified_gmt":"2017-04-12T14:00:41","slug":"po-latach-badan-w-koncu-wiadomo-gdzie-znajdowal-sie-niemiecki-kl-warschau","status":"publish","type":"post","link":"https:\/\/www.bibula.com\/?p=95061","title":{"rendered":"Po latach bada\u0144 w ko\u0144cu wiadomo, gdzie znajdowa\u0142 si\u0119 niemiecki KL Warschau!"},"content":{"rendered":"<p><strong>Tunel w pobli\u017cu ul. Bema nieopodal dworca Warszawa Zachodnia? Fort Bema? Lasek na Kole? Nie! Fotografik i varsavianista Zygmunt Walkowski udowodni\u0142, \u017ce niemiecki ob\u00f3z koncentracyjny Warschau znajdowa\u0142 si\u0119 w okolicach ul. G\u0119siej (dzi\u015b Anielewicza) w Warszawie.<\/strong><\/p>\r\n<p><img decoding=\"async\" class=\"aligncenter\" src=\"http:\/\/www.pch24.pl\/images\/min_mid_big\/mid_50868.jpg\" alt=\" Po latach bada\u0144 w ko\u0144cu wiadomo, gdzie znajdowa\u0142 si\u0119 niemiecki KL Warschau! \"><\/p>\r\n<p style=\"text-align: center;\"><em>Zabudowania KL Warschau. Zdj\u0119cie z ksi\u0105\u017cki &#8222;Pami\u0119tniki \u017co\u0142nierzy batalionu &#8222;Zo\u015bka&#8221;<\/em><\/p>\r\n<p>Chocia\u017c &#8211; jak informuje \u201eRzeczpospolita &#8211; w KL Warschau okupanci wybudowali krematorium, to wci\u0105\u017c nie wiadomo, ile os\u00f3b by\u0142o tam wi\u0119zionych, a ile zamordowano.<\/p>\r\n<p>Z ustale\u0144 Instytutu Pami\u0119ci Narodowej wynika, \u017ce Niemcy za\u0142o\u017cyli KL w Warszawie latem roku 1943. Wi\u0119zili tam \u017byd\u00f3w z getta, a potem tak\u017ce \u017byd\u00f3w zza granicy oraz Polak\u00f3w. Niemcy dokonywali w KL Warschau masowych egzekucji m.in. wi\u0119\u017ani\u00f3w Pawiaka. Jeszcze przed wybuchem powstania warszawskiego przeprowadzono ewakuacj\u0119 obozu.<\/p>\r\n<p>W trakcie zrywu powsta\u0144czego Batalion \u201eZo\u015bka\u201d AK uwolni\u0142 348 wi\u0119\u017ani\u00f3w. Po zako\u0144czeniu II Wojny \u015awiatowej przeprowadzono w tym rejonie ekshumacje. W ten spos\u00f3b odnaleziono 2 tony ludzkich proch\u00f3w. Nie doko\u0144czono prac, gdy\u017c teren zosta\u0142 zaadaptowany przez nowych okupant\u00f3w. Na miejscu KL Warschau obozy dla je\u0144c\u00f3w wojennych stworzyli Sowieci i polskoj\u0119zyczna bezpieka.<\/p>\r\n<p>Zygmunt Walkowski ustali\u0142 lokalizacj\u0119 KL Warschau w oparciu o tysi\u0105ce skan\u00f3w zdj\u0119\u0107 lotniczych przywiezionych z USA oraz odtajnione przez by\u0142ego szefa MON Tomasza Siemoniaka zdj\u0119cia lotnicze Warszawy. Fotografik swoje prace prowadzi\u0142 przez 6,5 roku.<\/p>\r\n<p>Wcze\u015bniej historycy nie mieli pewno\u015bci co do lokalizacji obozu. Wskazywano chocia\u017cby na okolice dworca Warszawa Zachodnia, Fort Bema i Lasek na Kole. Teraz jednak nie ma w\u0105tpliwo\u015bci. KL Warschau mie\u015bci\u0142 si\u0119 mi\u0119dzy ulic\u0105 G\u0119si\u0105 (dzi\u015b Anielewicza), Zamenhofa, Karmelick\u0105 i Lewartowskiego. Krematorium znajdowa\u0142o si\u0119 tam, gdzie dzisiaj stoi blok przy Karmelickiej 17a. Nazwa obozu &#8211; G\u0119si\u00f3wka &#8211; pochodzi w\u0142a\u015bnie od ulicy G\u0119siej.<\/p>\r\n<p>\u015aledczy IPB ustalili dane s\u0142u\u017c\u0105cych w obozie oprawc\u00f3w. S\u0105 w\u015br\u00f3d nich Niemcy oraz folksdojcze z teren\u00f3w Polski, W\u0119gier, Rumunii, Chorwacji i S\u0142owacji.<\/p>\r\n<p>IPN wnioskowa\u0142 do Centralnego Krajowego Zarz\u0105du Wymiaru Sprawiedliwo\u015bci do Badania Zbrodni Nazistowskich w Ludwigsburgu o udzielenie informacji dotycz\u0105cych 208 oprawc\u00f3w z KL Warschau. Niemcy odm\u00f3wili wsparcia z powodu \u201eproblem\u00f3w kadrowych\u201d.<\/p>\r\n<p>\u0179r\u00f3d\u0142o: rp.pl<\/p>\r\n<p>MW\u0142<\/p>\r\n<p class=\"zrodlo\">Za: <a href=\"http:\/\/www.pch24.pl\/-po-latach-badan-w-koncu-wiadomo--gdzie-znajdowal-sie-niemiecki-kl-warschau--,50868,i.html\">PoloniaChristiana &#8211; pch24.pl (2017-04-12)<\/a><\/p>\r\n<h4>&nbsp;<\/h4>\r\n<hr style=\"background-color: #000000; border-width: 0; color: #000000; height: 2px; line-height: 0; text-align: center; width: 100%;\">\r\n<h4>&nbsp;<\/h4>\r\n<blockquote>\r\n<p><strong>KOMENTARZ <em>BIBU\u0141Y<\/em><\/strong>: Dobrze, \u017ce powraca temat KL Warschau, obozu prowadzonego przez niemieckiego nazistowskiego hitlerowskiego okupanta (<em>chyba ja\u015bniej nie mo\u017cna<\/em>), a po wojnie przez okupuj\u0105c\u0105 Polsk\u0119 band\u0119 komunistyczno-syjonistyczn\u0105. Dobrze, \u017ce ustalane s\u0105 nowe fakty, jednak szkoda, \u017ce dalej w powszechnej \u015bwiadomo\u015bci funkcjonuje wytworzony przez \u015b.p. s\u0119dzin\u0119 Mari\u0119 Trzci\u0144sk\u0105 obraz tego obozu z &#8222;komorami gazowymi&#8221; i ob\u0142\u0119dnie wielk\u0105 liczb\u0105 ofiar. Podkre\u015blmy, \u017ce ten skrzywiony i w wi\u0119kszo\u015bci nieprawdziwy obraz funkcjonuje g\u0142\u00f3wnie dzi\u0119ki wsparciu Radia Maryja, kt\u00f3ra to rozg\u0142o\u015bnia (wraz z <em>Naszym Dziennikiem<\/em>) przez wiele lat propagowa\u0142a brednie i fantasmagorie pani s\u0119dziny.<br>\r\nWi\u0119cej &#8211; czytaj w naszym <span style=\"text-decoration: underline;\"><a href=\"http:\/\/www.bibula.com\/?p=17201\">KOMENTARZU<\/a><\/span> sprzed 7 lat.<\/p>\r\n<\/blockquote>\r\n<h4>&nbsp;<\/h4>\r\n<hr style=\"background-color: #000000; border-width: 0; color: #000000; height: 2px; line-height: 0; text-align: center; width: 100%;\">\r\n<h4>&nbsp;<\/h4>","protected":false},"excerpt":{"rendered":"Tunel w pobli\u017cu ul. Bema nieopodal dworca Warszawa Zachodnia? Fort Bema? Lasek na Kole? Nie! Fotografik i varsavianista Zygmunt Walkowski udowodni\u0142, \u017ce niemiecki ob\u00f3z koncentracyjny Warschau znajdowa\u0142 si\u0119 w okolicach ul. G\u0119siej (dzi\u015b Anielewicza) w Warszawie. Zabudowania KL Warschau. Zdj\u0119cie z ksi\u0105\u017cki &#8222;Pami\u0119tniki \u017co\u0142nierzy batalionu &#8222;Zo\u015bka&#8221; Chocia\u017c &#8211; jak informuje \u201eRzeczpospolita &#8211; w KL Warschau [&hellip;]","protected":false},"author":1,"featured_media":0,"comment_status":"closed","ping_status":"closed","sticky":false,"template":"","format":"standard","meta":{"_acf_changed":false,"_monsterinsights_skip_tracking":false,"_monsterinsights_sitenote_active":false,"_monsterinsights_sitenote_note":"","_monsterinsights_sitenote_category":0,"ngg_post_thumbnail":0,"footnotes":"","_wp_rev_ctl_limit":""},"categories":[8],"tags":[22,98,83,59],"acf":[],"_links":{"self":[{"href":"https:\/\/www.bibula.com\/index.php?rest_route=\/wp\/v2\/posts\/95061"}],"collection":[{"href":"https:\/\/www.bibula.com\/index.php?rest_route=\/wp\/v2\/posts"}],"about":[{"href":"https:\/\/www.bibula.com\/index.php?rest_route=\/wp\/v2\/types\/post"}],"author":[{"embeddable":true,"href":"https:\/\/www.bibula.com\/index.php?rest_route=\/wp\/v2\/users\/1"}],"replies":[{"embeddable":true,"href":"https:\/\/www.bibula.com\/index.php?rest_route=%2Fwp%2Fv2%2Fcomments&post=95061"}],"version-history":[{"count":0,"href":"https:\/\/www.bibula.com\/index.php?rest_route=\/wp\/v2\/posts\/95061\/revisions"}],"wp:attachment":[{"href":"https:\/\/www.bibula.com\/index.php?rest_route=%2Fwp%2Fv2%2Fmedia&parent=95061"}],"wp:term":[{"taxonomy":"category","embeddable":true,"href":"https:\/\/www.bibula.com\/index.php?rest_route=%2Fwp%2Fv2%2Fcategories&post=95061"},{"taxonomy":"post_tag","embeddable":true,"href":"https:\/\/www.bibula.com\/index.php?rest_route=%2Fwp%2Fv2%2Ftags&post=95061"}],"curies":[{"name":"wp","href":"https:\/\/api.w.org\/{rel}","templated":true}]}}