{"id":95057,"date":"2017-04-12T09:22:47","date_gmt":"2017-04-12T13:22:47","guid":{"rendered":"http:\/\/www.bibula.com\/?p=95057"},"modified":"2017-04-12T09:22:47","modified_gmt":"2017-04-12T13:22:47","slug":"polska-i-ukraina-o-mapie-drogowej-pojednania-rozwiazaniem-bedzie-gruba-kreska","status":"publish","type":"post","link":"https:\/\/www.bibula.com\/?p=95057","title":{"rendered":"Polska i Ukraina o \u201emapie drogowej&#8221; pojednania. Rozwi\u0105zaniem b\u0119dzie \u201egruba kreska&#8221;?"},"content":{"rendered":"<p><strong>Strony polska i ukrai\u0144ska przygotuj\u0105 wsp\u00f3lny dokument na temat konstruktywnego dialogu i wspierania procesu porozumienia mi\u0119dzy narodami. W bilateralnych stosunkach ma by\u0107 mniej \u201epolityzacji problem\u00f3w historycznej przesz\u0142o\u015bci dw\u00f3ch narod\u00f3w\u201d. <\/strong><\/p>\r\n<p>O przygotowaniu projektu \u201emapy drogowej\u201d pojednania polsko-ukrai\u0144skiego rozmawiali w Kijowie szef gabinetu prezydenta Andrzeja Dudy Krzysztof Szczerski oraz wiceszef administracji prezydenta Petra Poroszenki ds. polityki zagranicznej Kostiantyn Jelisiejew. Spotkanie odby\u0142o si\u0119 w ramach XXVI posiedzenia Komitetu Konsultacyjnego Prezydent\u00f3w Rzeczypospolitej Polskiej i Ukrainy.<\/p>\r\n<p>Szczerski i Jelisiejew zgodzili si\u0119, \u017ce strony dialogu przygotuj\u0105 \u201ew najbli\u017cszym czasie\u201d stosowny dokument, kt\u00f3ry zostanie dostarczony prezydentom Polski i Ukrainy do podpisu &#8211; wynika z&nbsp;informacji Biura Spraw Zagranicznych Kancelarii Prezydenta.<\/p>\r\n<p>Podstawowym celem dokumentu jest \u201ezapewnienie konstruktywnego charakteru dialogu oraz wspieranie procesu porozumienia mi\u0119dzy narodami w celu dalszego wzmocnienia partnerstwa strategicznego mi\u0119dzy Polsk\u0105 i Ukrain\u0105\u201d.<\/p>\r\n<p>Budowane b\u0119dzie tak\u017ce Polsko-Ukrai\u0144skie Centrum Dobros\u0105siedztwa. Co wa\u017cne, strony podkre\u015bli\u0142y \u201eznaczenie unikania polityzacji problem\u00f3w historycznej przesz\u0142o\u015bci dw\u00f3ch narod\u00f3w\u201d oraz wskaza\u0142y na istotn\u0105 rol\u0119 propagowania w obydwu spo\u0142ecze\u0144stwach \u201epozytywnych przyk\u0142ad\u00f3w w historii stosunk\u00f3w polsko-ukrai\u0144skich\u201d.<\/p>\r\n<p>\u0179r\u00f3d\u0142o: radiomaryja.pl<\/p>\r\n<p>MA<\/p>","protected":false},"excerpt":{"rendered":"Strony polska i ukrai\u0144ska przygotuj\u0105 wsp\u00f3lny dokument na temat konstruktywnego dialogu i wspierania procesu porozumienia mi\u0119dzy narodami. W bilateralnych stosunkach ma by\u0107 mniej \u201epolityzacji problem\u00f3w historycznej przesz\u0142o\u015bci dw\u00f3ch narod\u00f3w\u201d. O przygotowaniu projektu \u201emapy drogowej\u201d pojednania polsko-ukrai\u0144skiego rozmawiali w Kijowie szef gabinetu prezydenta Andrzeja Dudy Krzysztof Szczerski oraz wiceszef administracji prezydenta Petra Poroszenki ds. polityki zagranicznej [&hellip;]","protected":false},"author":1,"featured_media":0,"comment_status":"closed","ping_status":"closed","sticky":false,"template":"","format":"standard","meta":{"_acf_changed":false,"_monsterinsights_skip_tracking":false,"_monsterinsights_sitenote_active":false,"_monsterinsights_sitenote_note":"","_monsterinsights_sitenote_category":0,"ngg_post_thumbnail":0,"footnotes":"","_wp_rev_ctl_limit":""},"categories":[8],"tags":[98,20,167,17],"acf":[],"_links":{"self":[{"href":"https:\/\/www.bibula.com\/index.php?rest_route=\/wp\/v2\/posts\/95057"}],"collection":[{"href":"https:\/\/www.bibula.com\/index.php?rest_route=\/wp\/v2\/posts"}],"about":[{"href":"https:\/\/www.bibula.com\/index.php?rest_route=\/wp\/v2\/types\/post"}],"author":[{"embeddable":true,"href":"https:\/\/www.bibula.com\/index.php?rest_route=\/wp\/v2\/users\/1"}],"replies":[{"embeddable":true,"href":"https:\/\/www.bibula.com\/index.php?rest_route=%2Fwp%2Fv2%2Fcomments&post=95057"}],"version-history":[{"count":0,"href":"https:\/\/www.bibula.com\/index.php?rest_route=\/wp\/v2\/posts\/95057\/revisions"}],"wp:attachment":[{"href":"https:\/\/www.bibula.com\/index.php?rest_route=%2Fwp%2Fv2%2Fmedia&parent=95057"}],"wp:term":[{"taxonomy":"category","embeddable":true,"href":"https:\/\/www.bibula.com\/index.php?rest_route=%2Fwp%2Fv2%2Fcategories&post=95057"},{"taxonomy":"post_tag","embeddable":true,"href":"https:\/\/www.bibula.com\/index.php?rest_route=%2Fwp%2Fv2%2Ftags&post=95057"}],"curies":[{"name":"wp","href":"https:\/\/api.w.org\/{rel}","templated":true}]}}