{"id":9505,"date":"2009-05-25T10:10:01","date_gmt":"2009-05-25T15:10:01","guid":{"rendered":"http:\/\/www.bibula.com\/?p=9505"},"modified":"2009-05-25T10:10:01","modified_gmt":"2009-05-25T15:10:01","slug":"historyk-za-panstwowe-pieniadze-szkaluje-polakow","status":"publish","type":"post","link":"https:\/\/www.bibula.com\/?p=9505","title":{"rendered":"Historyk za pa\u0144stwowe pieni\u0105dze szkaluje Polak\u00f3w"},"content":{"rendered":"<p>Dr Alina Ca\u0142a, pracownik naukowy \u017bydowskiego Instytutu Historycznego w wywiadzie dla &#8222;Rzeczpospolitej&#8221;, za niepodwa\u017caln\u0105 uwa\u017ca tez\u0119, \u017ce Polacy jako nar\u00f3d nie zdali egzaminu, a wszystkiemu winien przedwojenny polski antysemityzm, kt\u00f3rego korzenie tkwi\u0105 w obozie narodowym i ko\u015bciele katolickim.<\/p>\r\n\r\n<p style=\"margin-bottom: 0cm;\">Je\u015bli fakty m\u00f3wi\u0105 inaczej to tym gorzej dla fakt\u00f3w. &#8211; Zag\u0142ada zosta\u0142 sfinansowana z maj\u0105tk\u00f3w zrabowanych \u017bydom. Oenerowcy i klerykalni antysemici domagali si\u0119 tworzenia otoczonych murem gett. Ich \u017cyczenia spe\u0142nili okupanci &#8211; twierdz dr Ca\u0142a.<\/p>\r\n\r\n<p style=\"margin-bottom: 0cm;\">Ob\u00f3z narodowy i ko\u015bci\u00f3\u0142 katolicki to w mniemaniu dr. Ca\u0142ej spiritus movens polskiego antysemityzmu, a rozpowszechnianie antysemityzmu zarzuca nawet \u201eMa\u0142emu Dziennikowi\u201d o. Maksymiliana Kolbe . Nie przyjmuje ona do wiadomo\u015bci sugestii, \u017ce to katolicyzm m\u00f3g\u0142 popycha\u0107 wielu Polak\u00f3w do ratowania \u017byd\u00f3w.<\/p>\r\n\r\n<p style=\"margin-bottom: 0cm;\">Katolicy nie mogli broni\u0107 \u017byd\u00f3w, bo polski katolicyzm wed\u0142ug dr. Ca\u0142ej by\u0142 i jest powierzchowny, a przykazanie \u201emi\u0142uj bli\u017aniego jak siebie samego by\u0142o zwyk\u0142ym, pustym frazesem\u201d &#8211; Do ludzi du\u017co bardziej przemawia\u0142a g\u0142oszona z ambony propaganda nienawi\u015bci &#8211; m\u00f3wi Ca\u0142a.<\/p>\r\n\r\n<p style=\"margin-bottom: 0cm;\">Prowadz\u0105cy rozmow\u0119 Piotr Zychowicz m\u00f3wi, \u017ce w\u015br\u00f3d Sprawiedliwych w\u015br\u00f3d Narod\u00f3w \u015awiata jest najwi\u0119cej Polak\u00f3w. Dla historyczki to kwestia zwyk\u0142ej demografii. W Polsce by\u0142a zag\u0142ada, byli \u017bydzi to jest i najwi\u0119cej Sprawiedliwych. W opinii dr. Ca\u0142ej nie mamy si\u0119 czym chwali\u0107 jako nar\u00f3d. &#8211; Polak, kt\u00f3ry przed wojn\u0105 by\u0142 bombardowany ko\u015bcieln\u0105 i endeck\u0105 agitacj\u0105, musia\u0142 mie\u0107 rozterki czy ratowanie \u017byd\u00f3w jest moralne &#8211; m\u00f3wi \u201eRzeczpospolitej\u201d.<\/p>\r\n\r\n<p style=\"margin-bottom: 0cm;\">Dr Ca\u0142a nie podejmuje \u017cadnej dyskusji je\u015bli chodzi o pogromy \u017byd\u00f3w. Na argument, \u017ce przyczyn\u0105 wydarze\u0144 z Jedwabnego mog\u0142a by\u0107 kolaboracja sporej cz\u0119\u015bci \u017byd\u00f3w z w\u0142adz\u0105 sowieck\u0105 w latach 1939 &#8211; 1941, odpowiada niezmienn\u0105 melodi\u0105, \u017ce to tak\u017ce \u201eelement antysemickiej agitacji &#8211; uto\u017csamianie ka\u017cdego \u017byda z komunizmem\u201d.<\/p>\r\n\r\n<p style=\"margin-bottom: 0cm;\">Zdaniem dr. Aliny Ca\u0142ej aktualne pr\u00f3by stworzenia &#8211; przez niemieckie media jak np. tygodnik \u201eSpiegel\u201d &#8211; z holocaustu \u201eprojektu europejskiego\u201d, nie jest rozmywaniem winy. &#8211; To XX-wieczny antysemityzm zdemobilizowa\u0142 okupowane spo\u0142ecze\u0144stwa i spowodowa\u0142, \u017ce nie pomaga\u0142y \u017cydowskim wsp\u00f3\u0142obywatelom &#8211; uwa\u017ca dr Ca\u0142a.<\/p>\r\n\r\n<p>Alina Ca\u0142a pr\u00f3by polemizowania z tez\u0105, \u017ce Polacy s\u0105 odpowiedzialni za holokaust, ucina stwierdzeniem, \u017ce jest to wra\u017cliwo\u015b\u0107 nacjonalistyczna. Swoj\u0105 za\u015b postaw\u0119 i lekce sobie wa\u017cenie fakt\u00f3w historycznych uwa\u017ca za \u201ewra\u017cliwo\u015b\u0107 na prawd\u0119\u201d.<\/p>\r\n\r\n\r\n<blockquote><p><strong>Alina Ca\u0142a<\/strong> (ur. 1953) &#8211; polska historyk, pracownik naukowy \u017bydowskiego Instytutu Historycznego, zajmuj\u0105ca si\u0119 histori\u0105 antysemityzmu, stereotypami narodowo\u015bciowymi, ruchami ideologicznymi w\u015br\u00f3d \u017byd\u00f3w i histori\u0105 \u017cyd\u00f3w po 1945 roku. Po 1989 dzia\u0142aczka feministyczna, protestuj\u0105ca przeciw zakazowi aborcji i nadmiernemu wp\u0142ywowi Ko\u015bcio\u0142a katolickiego na \u017cycie spo\u0142eczne w Polsce. W 2006 roku protestowa\u0142a przeciw postawieniu w Warszawie pomnika Romana Dmowskiego. Tak\u017ce w 2006 roku kandydowa\u0142a w wyborach samorz\u0105dowych do warszawskiej rady miasta z listy partii Zielonych 2004.<\/p><\/blockquote>\r\n\r\n\r\n<p>MM\/MaRo\/Rz<\/p>\r\n\r\n<p><br class=\"spacer_\" \/><\/p>\r\n\r\n<p>Za: <a href=\"http:\/\/fronda.pl\/news\/czytaj\/historyk_za_panstwowe_pieniadze_szkaluje_polakow\" target=\"_blank\">Fronda.pl<\/a><\/p>\r\n\r\n<p style=\"margin-bottom: 0cm;\"><strong><br \/>\r\n <\/strong><\/p>","protected":false},"excerpt":{"rendered":"Dr Alina Ca\u0142a, pracownik naukowy \u017bydowskiego Instytutu Historycznego w wywiadzie dla &#8222;Rzeczpospolitej&#8221;, za niepodwa\u017caln\u0105 uwa\u017ca tez\u0119, \u017ce Polacy jako nar\u00f3d nie zdali egzaminu, a wszystkiemu winien przedwojenny polski antysemityzm, kt\u00f3rego korzenie tkwi\u0105 w obozie narodowym i ko\u015bciele katolickim. Je\u015bli fakty m\u00f3wi\u0105 inaczej to tym gorzej dla fakt\u00f3w. &#8211; Zag\u0142ada zosta\u0142 sfinansowana z maj\u0105tk\u00f3w zrabowanych \u017bydom. [&hellip;]","protected":false},"author":1,"featured_media":0,"comment_status":"closed","ping_status":"closed","sticky":false,"template":"","format":"standard","meta":{"_acf_changed":false,"_monsterinsights_skip_tracking":false,"_monsterinsights_sitenote_active":false,"_monsterinsights_sitenote_note":"","_monsterinsights_sitenote_category":0,"ngg_post_thumbnail":0,"footnotes":"","_wp_rev_ctl_limit":""},"categories":[8],"tags":[65],"acf":[],"_links":{"self":[{"href":"https:\/\/www.bibula.com\/index.php?rest_route=\/wp\/v2\/posts\/9505"}],"collection":[{"href":"https:\/\/www.bibula.com\/index.php?rest_route=\/wp\/v2\/posts"}],"about":[{"href":"https:\/\/www.bibula.com\/index.php?rest_route=\/wp\/v2\/types\/post"}],"author":[{"embeddable":true,"href":"https:\/\/www.bibula.com\/index.php?rest_route=\/wp\/v2\/users\/1"}],"replies":[{"embeddable":true,"href":"https:\/\/www.bibula.com\/index.php?rest_route=%2Fwp%2Fv2%2Fcomments&post=9505"}],"version-history":[{"count":0,"href":"https:\/\/www.bibula.com\/index.php?rest_route=\/wp\/v2\/posts\/9505\/revisions"}],"wp:attachment":[{"href":"https:\/\/www.bibula.com\/index.php?rest_route=%2Fwp%2Fv2%2Fmedia&parent=9505"}],"wp:term":[{"taxonomy":"category","embeddable":true,"href":"https:\/\/www.bibula.com\/index.php?rest_route=%2Fwp%2Fv2%2Fcategories&post=9505"},{"taxonomy":"post_tag","embeddable":true,"href":"https:\/\/www.bibula.com\/index.php?rest_route=%2Fwp%2Fv2%2Ftags&post=9505"}],"curies":[{"name":"wp","href":"https:\/\/api.w.org\/{rel}","templated":true}]}}