{"id":95049,"date":"2017-04-11T13:30:46","date_gmt":"2017-04-11T17:30:46","guid":{"rendered":"http:\/\/www.bibula.com\/?p=95049"},"modified":"2017-04-11T13:30:46","modified_gmt":"2017-04-11T17:30:46","slug":"wkrotce-konsystorz-o-kanonizacji-dzieci-z-fatimy-i-33-meczennikow","status":"publish","type":"post","link":"https:\/\/www.bibula.com\/?p=95049","title":{"rendered":"Wkr\u00f3tce konsystorz o kanonizacji dzieci z Fatimy i 33 m\u0119czennik\u00f3w"},"content":{"rendered":"<p>W przysz\u0142ym tygodniu , w czwartek 20 kwietnia, Papie\u017c razem z kardyna\u0142ami zebranymi na zwyczajnym konsystorzu publicznym podejmie decyzje w sprawie kolejnych kanonizacji. Zostan\u0105 zatwierdzone i podane do wiadomo\u015bci daty wpisania w poczet \u015bwi\u0119tych 37 b\u0142ogos\u0142awionych.<\/p>\r\n<p>Najm\u0142odszymi z nich, jednak zarazem najbardziej znanymi, s\u0105 Franciszek i Hiacynta Marto. Tych dwoje portugalskich dzieci, zmar\u0142ych w 11. i 10. roku \u017cycia w latach 1919 i 1920, przed stu laty mia\u0142o w Fatimie objawienia Matki Bo\u017cej. Beatyfikowa\u0142 je w 2000 r. Jan Pawe\u0142 II.<\/p>\r\n<p>Zapowiedziany konsystorz zadecyduje tak\u017ce o kanonizacji trzech m\u0142odych, nastoletnich Indian meksyka\u0144skich, kt\u00f3rzy oddali \u017cycie za Chrystusa na pocz\u0105tku XVI wieku, i 30 brazylijskich m\u0119czennik\u00f3w z XVII wieku, w\u015br\u00f3d kt\u00f3rych s\u0105 ksi\u0119\u017ca i wierni \u015bwieccy. Ponadto om\u00f3wi si\u0119 na nim zaliczenie do \u015bwi\u0119tych dw\u00f3ch kap\u0142an\u00f3w zakonnych: XVIII-wiecznego w\u0142oskiego kapucyna Anio\u0142a z Acri, obro\u0144cy ubogich, i zmar\u0142ego na pocz\u0105tku ubieg\u0142ego wieku Faustino Migueza, Hiszpana z zakonu pijar\u00f3w, za\u0142o\u017cyciela \u017ce\u0144skiego zgromadzenia zakonnego.<\/p>\r\n<p>ak\/ rv<\/p>","protected":false},"excerpt":{"rendered":"W przysz\u0142ym tygodniu , w czwartek 20 kwietnia, Papie\u017c razem z kardyna\u0142ami zebranymi na zwyczajnym konsystorzu publicznym podejmie decyzje w sprawie kolejnych kanonizacji. Zostan\u0105 zatwierdzone i podane do wiadomo\u015bci daty wpisania w poczet \u015bwi\u0119tych 37 b\u0142ogos\u0142awionych. Najm\u0142odszymi z nich, jednak zarazem najbardziej znanymi, s\u0105 Franciszek i Hiacynta Marto. Tych dwoje portugalskich dzieci, zmar\u0142ych w 11. [&hellip;]","protected":false},"author":1,"featured_media":0,"comment_status":"closed","ping_status":"closed","sticky":false,"template":"","format":"standard","meta":{"_acf_changed":false,"_monsterinsights_skip_tracking":false,"_monsterinsights_sitenote_active":false,"_monsterinsights_sitenote_note":"","_monsterinsights_sitenote_category":0,"ngg_post_thumbnail":0,"footnotes":"","_wp_rev_ctl_limit":""},"categories":[3],"tags":[82,301,41],"acf":[],"_links":{"self":[{"href":"https:\/\/www.bibula.com\/index.php?rest_route=\/wp\/v2\/posts\/95049"}],"collection":[{"href":"https:\/\/www.bibula.com\/index.php?rest_route=\/wp\/v2\/posts"}],"about":[{"href":"https:\/\/www.bibula.com\/index.php?rest_route=\/wp\/v2\/types\/post"}],"author":[{"embeddable":true,"href":"https:\/\/www.bibula.com\/index.php?rest_route=\/wp\/v2\/users\/1"}],"replies":[{"embeddable":true,"href":"https:\/\/www.bibula.com\/index.php?rest_route=%2Fwp%2Fv2%2Fcomments&post=95049"}],"version-history":[{"count":0,"href":"https:\/\/www.bibula.com\/index.php?rest_route=\/wp\/v2\/posts\/95049\/revisions"}],"wp:attachment":[{"href":"https:\/\/www.bibula.com\/index.php?rest_route=%2Fwp%2Fv2%2Fmedia&parent=95049"}],"wp:term":[{"taxonomy":"category","embeddable":true,"href":"https:\/\/www.bibula.com\/index.php?rest_route=%2Fwp%2Fv2%2Fcategories&post=95049"},{"taxonomy":"post_tag","embeddable":true,"href":"https:\/\/www.bibula.com\/index.php?rest_route=%2Fwp%2Fv2%2Ftags&post=95049"}],"curies":[{"name":"wp","href":"https:\/\/api.w.org\/{rel}","templated":true}]}}