{"id":94938,"date":"2017-04-06T09:40:34","date_gmt":"2017-04-06T13:40:34","guid":{"rendered":"http:\/\/www.bibula.com\/?p=94938"},"modified":"2017-04-06T09:40:34","modified_gmt":"2017-04-06T13:40:34","slug":"trzeba-ustalic-gdzie-ue-ma-granice-zewnetrzne-europosel-marusik-o-decyzji-pe-ws-wiz-dla-ukraincow","status":"publish","type":"post","link":"https:\/\/www.bibula.com\/?p=94938","title":{"rendered":"Trzeba ustali\u0107, gdzie UE ma granice zewn\u0119trzne &#8211; europose\u0142 Marusik o decyzji PE ws. wiz dla Ukrai\u0144c\u00f3w"},"content":{"rendered":"<p><strong>Albo jest si\u0119 w Unii, albo poza ni\u0105. Nie mo\u017ce by\u0107 tak, \u017ce jaki\u015b kraj stoi okrakiem nad granic\u0105 &#8211; m\u00f3wi w rozmowie z Kresami.pl Micha\u0142 Marusik, kt\u00f3ry jako jedyny polski europose\u0142 g\u0142osowa\u0142 przeciwko zniesieniu wiz UE dla Ukrai\u0144c\u00f3w.<\/strong><\/p>\r\n<p>Jak informowali\u015bmy, <a href=\"http:\/\/www.kresy.pl\/wydarzenia,europa-zachodnia?zobacz\/parlament-europejski-za-zniesieniem-wiz-dla-ukraincow\">dzi\u015b Parlament Europejski opowiedzia\u0142 si\u0119 zdecydowan\u0105 wi\u0119kszo\u015bci\u0105 g\u0142os\u00f3w za zniesieniem wiz dla obywateli Ukrainy<\/a>. Zniesienie wiz poparli niemal wszyscy polscy eurodeputowani, w tym r\u00f3wnie\u017c wybrani z list Kongresu Nowej Prawicy (Stanis\u0142aw \u0179\u00f3\u0142tek, a tak\u017ce Janusz Korwin-Mikke i Robert Iwaszkiewicz z partii Wolno\u015b\u0107, wcze\u015bniej KORWiN). Jedynie Micha\u0142 Marusik (frakcja Europa Narod\u00f3w i Wolno\u015bci) zag\u0142osowa\u0142 przeciw.<\/p>\r\n<p>W rozmowie z Kresami.pl europose\u0142 Micha\u0142 Marusik zwr\u00f3ci\u0142 uwag\u0119 na dwie nier\u00f3wno\u015bci prawne zwi\u0105zane ustaw\u0105, w ramach kt\u00f3rej PE opowiedzia\u0142 si\u0119 za zniesieniem wiz dla Ukrai\u0144c\u00f3w. Pierwsza, mniejszego znaczenia, polega na tym, \u017ce tylko niekt\u00f3rym obywatelom Ukrainy pozwolono na bezwizowy wjazd do UE &#8211; chodzi o posiadaczy paszport\u00f3w biometrycznych.<\/p>\r\n<p><strong><em>&#8211; Rezolucja nie dotyczy\u0142a tego, czy pozwoli\u0107 im na ruch bezwizowy, czy nie &#8211; chodzi\u0142o o to, czy kto\u015b posiada paszport biometryczny. A dlaczego wywiera\u0107 presj\u0119 na posiadanie takiego dokumentu? To jest pewnego rodzaju szanta\u017c i nacisk, \u017ceby si\u0119 ludzi \u201eczipowali\u201d &#8211;<\/em><\/strong> m\u00f3wi Marusik. Jego zdaniem, w ten spos\u00f3b pozornie daje si\u0119 ludziom wi\u0119cej wolno\u015bci, jednocze\u015bnie zwi\u0119kszaj\u0105c nad nimi kontrol\u0119.<\/p>\r\n<p>Druga nier\u00f3wno\u015b\u0107 dotyczy tego, \u017ce trzeba ustali\u0107, w kt\u00f3rym miejscu UE ma granice zewn\u0119trzne. <strong><em>&#8211; Dla wszystkich granic zewn\u0119trznych powinien by\u0107 utrzymany ten sam standard. A nie jest tak, \u017ce jedna granica zewn\u0119trzna ma taki status, inna inny, a jeszcze inna &#8211; jeszcze inny. Albo s\u0105 to granice zewn\u0119trzne, albo nie &#8211;<\/em><\/strong> podkre\u015bla europose\u0142. Zaznacza, \u017ce je\u015bli w ramach strefy Schengen nie ma kontroli na granicach wewn\u0119trznych, to na rzecz uszczelnienia granic zewn\u0119trznych &#8211; dla kt\u00f3rych jest jeden standard. <strong><em>&#8211; Trzeba ustali\u0107, w kt\u00f3rym miejscu jest granica UE &#8211; czy na wschodzie, czy na zachodzie Ukrainy &#8211;<\/em><\/strong> podkre\u015bla, opowiadaj\u0105c si\u0119 za drug\u0105 opcj\u0105.<\/p>\r\n<p>Marusik zaznacza, \u017ce nie jest za tym, \u017ceby zabrania\u0107 Ukrai\u0144com wjazdu do Polski.<strong><em> &#8211; Jako libera\u0142 uwa\u017cam, \u017ce granice powinny by\u0107 maksymalnie otwarte. Ale je\u017celi Unia ma tylko jeden standard, w kt\u00f3rym kto\u015b albo jest jej cz\u0142onkiem, albo nie, to granica UE jest w konkretnym miejscu &#8211; <\/em><\/strong>m\u00f3wi europose\u0142, kt\u00f3ry mocno zwraca uwag\u0119 na kwestie formalne w tym wzgl\u0119dzie. <strong><em>&#8211; Niech Unia przyjmie Ukrain\u0119, niech dopilnuje, \u017ce b\u0119d\u0105 tam odpowiednie standardy &#8211; \u017ce \u017cadne sitwy i gangi nie b\u0119d\u0105 zarz\u0105dza\u0107, &nbsp;tylko jaka\u015b normalna w\u0142adza &#8211; i wtedy granica zewn\u0119trzna UE b\u0119dzie przebiega\u0107 na wschodzie Ukrainy.<\/em><\/strong><\/p>\r\n<p><strong><em>&#8211; Albo jest si\u0119 w Unii, albo poza ni\u0105. Nie mo\u017ce by\u0107 tak, \u017ce jaki\u015b kraj stoi okrakiem nad granic\u0105, bo w ten spos\u00f3b przechodziliby wszyscy, kt\u00f3rzy by chcieli &#8211; <\/em><\/strong>zaznacza.<\/p>\r\n<p>Zdaniem Marusika, Ukraina powinna by\u0107 krajem przyjaznym Polsce i nie nale\u017cy si\u0119 do niego \u017ale odnosi\u0107. <em>&#8211; Mimo wszelkich zasz\u0142o\u015bci, kt\u00f3re powinny by\u0107 wyja\u015bnione &#8211; <\/em>zaznacza.<\/p>\r\n<p>Ustawa wejdzie w \u017cycie w 20 dni po jej oficjalnym opublikowaniu. Porozumienie w tej sprawie musi jeszcze zosta\u0107 formalnie zatwierdzone przez Rad\u0119 UE.<\/p>\r\n<p>Czytaj r\u00f3wnie\u017c:<\/p>\r\n<ul>\r\n\t<li><a href=\"http:\/\/www.kresy.pl\/wydarzenia,spoleczenstwo?zobacz\/zniesie-przez-ue-wiz-moze-wplynac-na-sytuacje-na-polskim-rynku-pracy\"><strong>Zniesie przez UE wiz dla Ukrai\u0144c\u00f3w mo\u017ce wp\u0142yn\u0105\u0107 na sytuacj\u0119 na polskim rynku pracy?<\/strong><\/a><\/li>\r\n\t<li><strong><a href=\"http:\/\/www.kresy.pl\/wydarzenia,europa-zachodnia?zobacz\/zpp-lamentuje-niemcy-i-francuzi-wyprowadza-nam-z-polski-pracownikow-z-ukrainy\">ZPP niezadowolony: Niemcy i Francuzi wyprowadz\u0105 nam z Polski pracownik\u00f3w z Ukrainy!<\/a><\/strong><\/li>\r\n<\/ul>\r\n<p>PE opowiedzia\u0142 si\u0119 na umo\u017cliwienie wjazdu do UE Ukrai\u0144com, b\u0119d\u0105cycm w posiadaniu paszportu \u201ebiometrycznego\u201d. Daje on im mo\u017cliwo\u015b\u0107 wjazdu do UE w celach biznesowych, turystycznych i odwiedzin rodzinnych, przy czym okres pobytu w strefie Schengen wynosi 90 dni w ci\u0105gu 180 dni kalendarzowych. Poza UE, zmiany b\u0119d\u0105 te\u017c obowi\u0105zywa\u0107 w Liechtensteinie, Norwegii, Szwajcarii i na Islandii.<\/p>\r\n<p>Zaznacza si\u0119 przy tym, \u017ce przyj\u0119ta ustawa nie zezwala na swobodne podejmowanie pracy przez obywateli Ukrainy w pa\u0144stwach strefy Schengen. Ponadto, prawo do ruchu bezwizowego mo\u017ce zosta\u0107 zawieszone wsp\u00f3lnie przez wszystkie pa\u0144stwa UE razem, a tak\u017ce przez konkretne kraje, je\u015bli uznaj\u0105, \u017ce zagra\u017ca to ich gospodarce lub bezpiecze\u0144stwu. Zniesienie wiz nie dotyczy r\u00f3wnie\u017c Wielkiej Brytanii i Irlandii.<\/p>\r\n<p>Kresy.pl \/ mt<\/p>","protected":false},"excerpt":{"rendered":"Albo jest si\u0119 w Unii, albo poza ni\u0105. Nie mo\u017ce by\u0107 tak, \u017ce jaki\u015b kraj stoi okrakiem nad granic\u0105 &#8211; m\u00f3wi w rozmowie z Kresami.pl Micha\u0142 Marusik, kt\u00f3ry jako jedyny polski europose\u0142 g\u0142osowa\u0142 przeciwko zniesieniu wiz UE dla Ukrai\u0144c\u00f3w. Jak informowali\u015bmy, dzi\u015b Parlament Europejski opowiedzia\u0142 si\u0119 zdecydowan\u0105 wi\u0119kszo\u015bci\u0105 g\u0142os\u00f3w za zniesieniem wiz dla obywateli Ukrainy. [&hellip;]","protected":false},"author":1,"featured_media":0,"comment_status":"closed","ping_status":"closed","sticky":false,"template":"","format":"standard","meta":{"_acf_changed":false,"_monsterinsights_skip_tracking":false,"_monsterinsights_sitenote_active":false,"_monsterinsights_sitenote_note":"","_monsterinsights_sitenote_category":0,"ngg_post_thumbnail":0,"footnotes":"","_wp_rev_ctl_limit":""},"categories":[6],"tags":[23,76,98,77,167],"acf":[],"_links":{"self":[{"href":"https:\/\/www.bibula.com\/index.php?rest_route=\/wp\/v2\/posts\/94938"}],"collection":[{"href":"https:\/\/www.bibula.com\/index.php?rest_route=\/wp\/v2\/posts"}],"about":[{"href":"https:\/\/www.bibula.com\/index.php?rest_route=\/wp\/v2\/types\/post"}],"author":[{"embeddable":true,"href":"https:\/\/www.bibula.com\/index.php?rest_route=\/wp\/v2\/users\/1"}],"replies":[{"embeddable":true,"href":"https:\/\/www.bibula.com\/index.php?rest_route=%2Fwp%2Fv2%2Fcomments&post=94938"}],"version-history":[{"count":0,"href":"https:\/\/www.bibula.com\/index.php?rest_route=\/wp\/v2\/posts\/94938\/revisions"}],"wp:attachment":[{"href":"https:\/\/www.bibula.com\/index.php?rest_route=%2Fwp%2Fv2%2Fmedia&parent=94938"}],"wp:term":[{"taxonomy":"category","embeddable":true,"href":"https:\/\/www.bibula.com\/index.php?rest_route=%2Fwp%2Fv2%2Fcategories&post=94938"},{"taxonomy":"post_tag","embeddable":true,"href":"https:\/\/www.bibula.com\/index.php?rest_route=%2Fwp%2Fv2%2Ftags&post=94938"}],"curies":[{"name":"wp","href":"https:\/\/api.w.org\/{rel}","templated":true}]}}