{"id":94916,"date":"2017-04-05T11:24:47","date_gmt":"2017-04-05T15:24:47","guid":{"rendered":"http:\/\/www.bibula.com\/?p=94916"},"modified":"2017-04-05T11:24:47","modified_gmt":"2017-04-05T15:24:47","slug":"miedzynarodowa-lewica-wsciekla-wegry-blyskawicznie-przyjely-prawo-o-zagranicznych-uczelniach","status":"publish","type":"post","link":"https:\/\/www.bibula.com\/?p=94916","title":{"rendered":"Mi\u0119dzynarodowa lewica w\u015bciek\u0142a. W\u0119gry b\u0142yskawicznie przyj\u0119\u0142y prawo o zagranicznych uczelniach"},"content":{"rendered":"<p><strong>W\u0119gierski parlament przyj\u0105\u0142 ustaw\u0119 dotycz\u0105c\u0105 funkcjonowania uczelni spoza Unii Europejskiej na W\u0119grzech. Uderza ona przede wszystkim w Uniwersytet \u015arodkowoeuropejski (CEU), za\u0142o\u017cony przez finansist\u0119 Georga Sorosa, kt\u00f3ry promowa\u0142 polityk\u0119 \u201eotwartych drzwi\u201d wobec imigrant\u00f3w nap\u0142ywaj\u0105cych do Europy z Afryki i Bliskiego Wschodu. <br>\r\n<\/strong><\/p>\r\n<p>Ustawa przesz\u0142a przez parlament w ekspresowym tempie. W zesz\u0142ym tygodniu Zolt\u00e1n Balog, minister ds. zasob\u00f3w ludzkich przedstawi\u0142 projekt nowego prawa, twierdz\u0105c, \u017ce w trakcie kontroli ministerstwa wykryto nieprawid\u0142owo\u015bci w funkcjonowaniu zagranicznych uniwersytet\u00f3w.<\/p>\r\n<p>Ustawa zmusza uczelni\u0119 Sorosa do otwarcia kampusu w Nowym Jorku (gdzie jest akredytowana) i zmiany nazwy. Prawo do wyk\u0142adania na CEU strac\u0105 pracownicy akademiccy spoza UE. B\u0119d\u0105 musieli wystara\u0107 si\u0119 o zezwolenie na prac\u0119.<\/p>\r\n<p>Przedstawiciele CEU czuj\u0105 si\u0119 pokrzywdzeni. M\u00f3wi\u0105, \u017ce ustawa ma na celu zniszczenie uniwersytetu i mo\u017ce faktycznie doprowadzi\u0107 do wyprowadzenia si\u0119 uczelni z W\u0119gier w og\u00f3le. W minion\u0105 niedziel\u0119, a tak\u017ce we wtorek odby\u0142y si\u0119 w Budapeszcie demonstracje student\u00f3w w obronie CEU.<\/p>\r\n<p>Za projektem rz\u0105dowym zag\u0142osowa\u0142o 123 pos\u0142\u00f3w. 38 os\u00f3b by\u0142o przeciw i tyle samo wstrzyma\u0142o si\u0119 od g\u0142osu. Na obradach zabrak\u0142o 8 deputowanych z rz\u0105dz\u0105cej koalicji Fideszu i KDNP. Ca\u0142y blok Jobbik wstrzyma\u0142 si\u0119 od g\u0142osowania. \u201ePrzeciw\u201d by\u0142a opozycja i kilku niezale\u017cnych parlamentarzyst\u00f3w. Koalicja Demokratyczna (DK) zbojkotowa\u0142a g\u0142osowanie w ca\u0142o\u015bci.<\/p>\r\n<p>Ustawa musi jeszcze zosta\u0107 podpisana przez prezydenta J\u00e1nosa \u00c3\u0081dera. Mo\u017ce on jednak skierowa\u0107 j\u0105 do Trybuna\u0142u Konstytucyjnego, ewentualnie odes\u0142a\u0107 do parlamentu w celu wprowadzenia poprawek. Prezydent ma pi\u0119\u0107 dni na podj\u0119cie decyzji.<\/p>\r\n<p>Politycy, instytucje akademickie i naukowcy z ca\u0142ego \u015bwiata wyrazili poparcie dla CEU, pot\u0119piaj\u0105c dzia\u0142ania rz\u0105du. Ostro zareagowa\u0142a Bruksela. W Parlamencie Europejskim prezydent Niemiec, Frank-Walter Steinmeier wezwa\u0142 decydent\u00f3w z UE do reakcji.<\/p>\r\n<p><em>&#8211; Je\u015bli chcemy by\u0107 latarni\u0105 morsk\u0105 na rzecz praworz\u0105dno\u015bci i praw cz\u0142owieka, to nie mo\u017cemy ignorowa\u0107 sytuacji, gdy fundamenty Europy s\u0105 wstrz\u0105sane w samym jej \u015brodku. Europa nie mo\u017ce milcze\u0107, gdy spo\u0142ecze\u0144stwo obywatelskie, a nawet uniwersytety &#8211; jak teraz Uniwersytet \u015arodkowoeuropejski w Budapeszcie &#8211; s\u0105 pozbawiane powietrza niezb\u0119dnego do oddychania<\/em> &#8211; m\u00f3wi\u0142 Niemiec.<\/p>\r\n<p>W\u0119gierscy opozycjoni\u015bci zapowiedzieli, \u017ce b\u0119d\u0105 kwestionowa\u0107 legalno\u015b\u0107 prawodawstwa w s\u0105dzie i w razie potrzeby p\u00f3jd\u0105 do Europejskiego Trybuna\u0142u Praw Cz\u0142owieka. Jednak, jak podkre\u015bla w\u0119gierska gazeta \u201eMagyar Nemzet\u201d, taka procedura prawna mo\u017ce potrwa\u0107 wiele lat. Oznacza&nbsp; to, \u017ce ustawa i tak b\u0119dzie obowi\u0105zywa\u0142a, chocia\u017c b\u0119dzie toczy\u0142o si\u0119 post\u0119powanie przed s\u0105dami.<\/p>\r\n<p>Premier W\u0119gier Viktor Orb\u00e1n uzasadnia\u0142 projekt ustawy zwanej \u201eLex CEU\u201d, twierdz\u0105c, \u017ce uczelnia Georga Sorosa naruszy\u0142a przepisy w\u0119gierskie i cieszy si\u0119 uprzywilejowan\u0105 pozycj\u0105 w stosunku do rodzimych uniwersytet\u00f3w na W\u0119grzech. Wydaje bowiem dwa dyplomy: ameryka\u0144ski i w\u0119gierski, chocia\u017c nie prowadzi dzia\u0142alno\u015bci w USA.<\/p>\r\n<p>Lewica europejska wzywa KE do interwencji. Adam Balcer, politolog z lewicowego think tanku Wise Europe apeluje, by podj\u0105\u0107 natychmiastowe dzia\u0142ania zmierzaj\u0105ce do powstrzymania \u201epopulist\u00f3w\u201d naruszaj\u0105cych \u201eeuropejsk\u0105 to\u017csamo\u015b\u0107\u201d.<\/p>\r\n<p>Balcer twierdzi, \u017ce Polska i W\u0119gry s\u0105 wyj\u0105tkowymi przypadkami w Europie, poniewa\u017c rz\u0105dz\u0105 tam partie \u201emi\u0119kkich\u201d narodowych populist\u00f3w. Po siedmiu latach rz\u0105d\u00f3w Orb\u00e1na W\u0119gry &#8211; wedle politologa &#8211; znajduj\u0105 si\u0119 w przestrzeni pomi\u0119dzy \u201ewolnym\u201d i \u201ecz\u0119\u015bciowo wolnym\u201d krajem. Je\u015bli W\u0119gry wejd\u0105 w kategori\u0119 \u201ecz\u0119\u015bciowo wolny\u201d, b\u0119dzie to pierwsza taka sprawa w historii UE.<\/p>\r\n<p>Balcer uwa\u017ca, \u017ce Bruksela powinna wyci\u0105gn\u0105\u0107 wnioski z wydarze\u0144 na W\u0119grzech i w Polsce, poniewa\u017c zwyci\u0119stwo podobnych si\u0142 politycznych w innych krajach europejskich \u201epowa\u017cnie zagrozi to\u017csamo\u015bci europejskiej\u201d.<\/p>\r\n<p>Politolog wykszta\u0142cony na ideach \u201espo\u0142ecze\u0144stwa otwartego\u201d Sorosa wysuwa tezy, jakoby Fidesz i PiS prowadzi\u0142y \u201epolityk\u0119 narodow\u0105\u201d, zmierzaj\u0105c\u0105 do utworzenia \u201ehomogenicznych\u201d struktur, nie akceptuj\u0105cych \u201er\u00f3\u017cnorodno\u015bci spo\u0142ecznej i kulturowej wsp\u00f3\u0142czesnych pa\u0144stw\u201d i przez to post\u0119puj\u0105cych \u201eniedemokratycznie\u201d.<\/p>\r\n<p>Doda\u0142, \u017ce \u201enacjonalizm narodowy\u201d narusza zasad\u0119 prawa, stanowi\u0105c\u0105 podstaw\u0119 projektu UE i demokracji. Z kolei odwo\u0142ywanie si\u0119 do historii i wspania\u0142ej przesz\u0142o\u015bci narod\u00f3w s\u0142u\u017cy legitymizacji bie\u017c\u0105cej polityki i prowadzi do narastania \u201eksenofobii\u201d. Balcer uwa\u017ca ponadto, \u017ce ju\u017c samo istnienie pa\u0144stw narodowych stanowi zagro\u017cenie dla innych kraj\u00f3w europejskich i jest niezgodne z \u201eidea\u0142em europejskim\u201d jako takim. Wedle lewicowego politologa \u201eprzyj\u0119cie g\u0142\u00f3wnych propozycji narodowych populist\u00f3w w odniesieniu do definicji narodu b\u0119dzie oznacza\u0142o pocz\u0105tek ko\u0144ca UE\u201d.<\/p>\r\n<p>\u0179r\u00f3d\u0142o: hungarytoday.hu, eeuractiv.com<\/p>\r\n<p>AS<\/p>","protected":false},"excerpt":{"rendered":"W\u0119gierski parlament przyj\u0105\u0142 ustaw\u0119 dotycz\u0105c\u0105 funkcjonowania uczelni spoza Unii Europejskiej na W\u0119grzech. Uderza ona przede wszystkim w Uniwersytet \u015arodkowoeuropejski (CEU), za\u0142o\u017cony przez finansist\u0119 Georga Sorosa, kt\u00f3ry promowa\u0142 polityk\u0119 \u201eotwartych drzwi\u201d wobec imigrant\u00f3w nap\u0142ywaj\u0105cych do Europy z Afryki i Bliskiego Wschodu. Ustawa przesz\u0142a przez parlament w ekspresowym tempie. W zesz\u0142ym tygodniu Zolt\u00e1n Balog, minister ds. zasob\u00f3w [&hellip;]","protected":false},"author":1,"featured_media":0,"comment_status":"closed","ping_status":"closed","sticky":false,"template":"","format":"standard","meta":{"_acf_changed":false,"_monsterinsights_skip_tracking":false,"_monsterinsights_sitenote_active":false,"_monsterinsights_sitenote_note":"","_monsterinsights_sitenote_category":0,"ngg_post_thumbnail":0,"footnotes":"","_wp_rev_ctl_limit":""},"categories":[6],"tags":[76,53,179],"acf":[],"_links":{"self":[{"href":"https:\/\/www.bibula.com\/index.php?rest_route=\/wp\/v2\/posts\/94916"}],"collection":[{"href":"https:\/\/www.bibula.com\/index.php?rest_route=\/wp\/v2\/posts"}],"about":[{"href":"https:\/\/www.bibula.com\/index.php?rest_route=\/wp\/v2\/types\/post"}],"author":[{"embeddable":true,"href":"https:\/\/www.bibula.com\/index.php?rest_route=\/wp\/v2\/users\/1"}],"replies":[{"embeddable":true,"href":"https:\/\/www.bibula.com\/index.php?rest_route=%2Fwp%2Fv2%2Fcomments&post=94916"}],"version-history":[{"count":0,"href":"https:\/\/www.bibula.com\/index.php?rest_route=\/wp\/v2\/posts\/94916\/revisions"}],"wp:attachment":[{"href":"https:\/\/www.bibula.com\/index.php?rest_route=%2Fwp%2Fv2%2Fmedia&parent=94916"}],"wp:term":[{"taxonomy":"category","embeddable":true,"href":"https:\/\/www.bibula.com\/index.php?rest_route=%2Fwp%2Fv2%2Fcategories&post=94916"},{"taxonomy":"post_tag","embeddable":true,"href":"https:\/\/www.bibula.com\/index.php?rest_route=%2Fwp%2Fv2%2Ftags&post=94916"}],"curies":[{"name":"wp","href":"https:\/\/api.w.org\/{rel}","templated":true}]}}