{"id":94858,"date":"2017-04-01T18:05:54","date_gmt":"2017-04-01T22:05:54","guid":{"rendered":"http:\/\/www.bibula.com\/?p=94858"},"modified":"2017-04-01T18:05:54","modified_gmt":"2017-04-01T22:05:54","slug":"dr-kawecki-jezeli-ukraina-nie-wykryje-sprawcow-ataku-w-lucku-to-moze-to-moze-to-oznaczac-ze-mamy-do-czynienia-z-panstwem-upadlym","status":"publish","type":"post","link":"https:\/\/www.bibula.com\/?p=94858","title":{"rendered":"Dr Kaw\u0119cki: je\u017celi Ukraina nie wykryje sprawc\u00f3w ataku w \u0141ucku to mo\u017ce to mo\u017ce to oznacza\u0107, \u017ce mamy do czynienia z pa\u0144stwem upad\u0142ym"},"content":{"rendered":"<p><strong>Ci\u0105g\u0142e m\u00f3wienie, \u017ce za atakami i prowokacjami stoi Rosja jest dawaniem alibi dla nieudolno\u015bci pa\u0144stwa ukrai\u0144skiego &#8211; o\u015bwiadczy\u0142 dr Krzysztof Kaw\u0119cki.<\/strong><\/p>\r\n<p>Wiceprezes Prawicy RP przypomnia\u0142,&nbsp;\u017ce:<strong><em> pierwszy atak na polsk\u0105 plac\u00f3wk\u0119 dyplomatyczn\u0105 by\u0142 w pa\u017adzierniku 2015 r., kiedy dosz\u0142o do pot\u0119\u017cnej eksplozji \u0142adunku wybuchowego. W\u00f3wczas &#8211; jak m\u00f3wi\u0105 \u015bwiadkowie &#8211; szyby zacz\u0119\u0142y si\u0119 trz\u0105\u015b\u0107 i w\u0142\u0105czy\u0142y si\u0119 systemy alarmowe w samochodach. \u00d3wczesny minister spraw zagranicznych Grzegorz Schetyna powiedzia\u0142, \u017ce nic strasznego si\u0119 nie sta\u0142o, bo nie ma \u017cadnych strat i kontekstu politycznego. Milicja ukrai\u0144ska zachowa\u0142a si\u0119 podobnie, wykluczy\u0142a trop terrorystyczny i przyj\u0119\u0142a, \u017ce by\u0142o to dzia\u0142anie chuliga\u0144skie.<\/em><\/strong><\/p>\r\n<p>Zdaniem polityka ataki na polskie plac\u00f3wki i miejsca historyczne staj\u0105 si\u0119 coraz silniejsze z uwagi na brak g\u0142\u0119bszej refleksji r\u00f3wnie\u017c ze strony polskiej dyplomacji.&nbsp;<em><strong>M\u00f3wienie o tym, \u017ce w ka\u017cdym przypadku jest to prowokacja ze strony rosyjskiej i wyg\u0142aszanie ju\u017c wcze\u015bniej wyroku, jest dawaniem alibi dla nieudolno\u015bci dzia\u0142a\u0144 pa\u0144stwa ukrai\u0144skiego<\/strong>. By\u0107 mo\u017ce mamy do czynienia z prowokacj\u0105 ze strony rosyjskiej. Nie mo\u017cemy tego wykluczy\u0107. [\u2026] Ale <strong>strona polska powinna za\u017c\u0105da\u0107 od w\u0142adz Ukrainy skutecznych dzia\u0142a\u0144, bo do tej pory w \u017cadnym z przypadk\u00f3w agresji nie znaleziono cho\u0107by jednego sprawcy<\/strong><\/em> &#8211; oceni\u0142 Kaw\u0119cki.<\/p>\r\n<ul>\r\n\t<li><strong>CZYTAJ R\u00d3WNIE\u017b:<\/strong><br>\r\n <strong><a href=\"http:\/\/www.kresy.pl\/wydarzenia,polityka?zobacz\/targalski-atak-na-polski-konsulat-w-lucku-to-prowokacja-putina\">Targalski: Atak na polski konsulat w \u0141ucku to prowokacja Putina<\/a><br>\r\n <a href=\"http:\/\/www.kresy.pl\/wydarzenia,bezpieczenstwo-i-obrona?zobacz\/atak-granatnikiem-na-polski-konsulat-w-lucku-jest-czescia-szerszego-zjawiska-na-ukrainie-foto\">Atak granatnikiem na polski konsulat w \u0141ucku nie by\u0142 pierwszym tego typu zdarzeniem na Ukrainie<\/a><br>\r\n <a href=\"http:\/\/www.kresy.pl\/wydarzenia,bezpieczenstwo-i-obrona?zobacz\/ambasador-rp-w-kijowie-martwi-sie-ze-atak-na-konsulat-rp-moze-zaszkodzic-wizerunkowi-ukrainy\">Ambasador RP w Kijowie martwi si\u0119, \u017ce atak na konsulat RP mo\u017ce zaszkodzi\u0107 wizerunkowi Ukrainy<\/a><\/strong><\/li>\r\n<\/ul>\r\n<p><em><strong>Je\u015bli w\u0142adze ukrai\u0144skie nie radz\u0105 sobie z wychwytywaniem sprawc\u00f3w, to mo\u017ce to \u015bwiadczy\u0107, i\u017c mamy do czynienia z upad\u0142ym pa\u0144stwem, kt\u00f3re nie potrafi nie tylko broni\u0107 polskich dyplomat\u00f3w czy siedzib zagranicznych, ale po prostu generalnie sobie nie radzi.<\/strong>&nbsp;<\/em>[&#8230;] <em>Obecnie mamy do czynienia z sytuacj\u0105, \u017ce Ukraina nie potrafi znale\u017a\u0107 sprawc\u00f3w. Wiemy o dzia\u0142aniu r\u00f3\u017cnych grup przest\u0119pczych czy te\u017c szowinistycznych, kt\u00f3re tak naprawd\u0119 s\u0105 ju\u017c w du\u017cym stopniu poza kontrol\u0105 pa\u0144stwa ukrai\u0144skiego. M\u00f3wi si\u0119 tam ju\u017c nawet o kolejnym Majdanie, kt\u00f3ry te \u015brodowiska mog\u0142yby wywo\u0142a\u0107<\/em> &#8211; oceni\u0142 polityk.<\/p>\r\n<p><strong><em>Atak na konsulat RP w \u0141ucku jest dowodem na to, \u017ce nie mamy ju\u017c do czynienia z atakiem wymierzonym w polsk\u0105 godno\u015b\u0107 i pami\u0119\u0107 historyczn\u0105, ale ju\u017c w samo pa\u0144stwo polskie<\/em><\/strong> &#8211; stwierdzi\u0142 dr Kaw\u0119cki.<\/p>\r\n<p>kresy.pl \/ radiomaryja.pl<\/p>\r\n<p class=\"zrodlo\">Za: <a href=\"http:\/\/www.kresy.pl\/wydarzenia,polityka?zobacz\/dr-kawecki-jezeli-ukraina-nie-wykryje-sprawcow-ataku-w-lucku-to-moze-byc-panstwem-upadlym\">Kresy.pl (31 marca 2017)<\/a><\/p>","protected":false},"excerpt":{"rendered":"Ci\u0105g\u0142e m\u00f3wienie, \u017ce za atakami i prowokacjami stoi Rosja jest dawaniem alibi dla nieudolno\u015bci pa\u0144stwa ukrai\u0144skiego &#8211; o\u015bwiadczy\u0142 dr Krzysztof Kaw\u0119cki. Wiceprezes Prawicy RP przypomnia\u0142,&nbsp;\u017ce: pierwszy atak na polsk\u0105 plac\u00f3wk\u0119 dyplomatyczn\u0105 by\u0142 w pa\u017adzierniku 2015 r., kiedy dosz\u0142o do pot\u0119\u017cnej eksplozji \u0142adunku wybuchowego. W\u00f3wczas &#8211; jak m\u00f3wi\u0105 \u015bwiadkowie &#8211; szyby zacz\u0119\u0142y si\u0119 trz\u0105\u015b\u0107 i w\u0142\u0105czy\u0142y [&hellip;]","protected":false},"author":1,"featured_media":0,"comment_status":"closed","ping_status":"closed","sticky":false,"template":"","format":"standard","meta":{"_acf_changed":false,"_monsterinsights_skip_tracking":false,"_monsterinsights_sitenote_active":false,"_monsterinsights_sitenote_note":"","_monsterinsights_sitenote_category":0,"ngg_post_thumbnail":0,"footnotes":"","_wp_rev_ctl_limit":""},"categories":[6],"tags":[65,98,141,167,17],"acf":[],"_links":{"self":[{"href":"https:\/\/www.bibula.com\/index.php?rest_route=\/wp\/v2\/posts\/94858"}],"collection":[{"href":"https:\/\/www.bibula.com\/index.php?rest_route=\/wp\/v2\/posts"}],"about":[{"href":"https:\/\/www.bibula.com\/index.php?rest_route=\/wp\/v2\/types\/post"}],"author":[{"embeddable":true,"href":"https:\/\/www.bibula.com\/index.php?rest_route=\/wp\/v2\/users\/1"}],"replies":[{"embeddable":true,"href":"https:\/\/www.bibula.com\/index.php?rest_route=%2Fwp%2Fv2%2Fcomments&post=94858"}],"version-history":[{"count":0,"href":"https:\/\/www.bibula.com\/index.php?rest_route=\/wp\/v2\/posts\/94858\/revisions"}],"wp:attachment":[{"href":"https:\/\/www.bibula.com\/index.php?rest_route=%2Fwp%2Fv2%2Fmedia&parent=94858"}],"wp:term":[{"taxonomy":"category","embeddable":true,"href":"https:\/\/www.bibula.com\/index.php?rest_route=%2Fwp%2Fv2%2Fcategories&post=94858"},{"taxonomy":"post_tag","embeddable":true,"href":"https:\/\/www.bibula.com\/index.php?rest_route=%2Fwp%2Fv2%2Ftags&post=94858"}],"curies":[{"name":"wp","href":"https:\/\/api.w.org\/{rel}","templated":true}]}}