{"id":94852,"date":"2017-04-01T18:05:25","date_gmt":"2017-04-01T22:05:25","guid":{"rendered":"http:\/\/www.bibula.com\/?p=94852"},"modified":"2017-04-01T18:05:25","modified_gmt":"2017-04-01T22:05:25","slug":"filipiny-uroczystosc-niepokalanego-poczecia-najswietszej-maryi-panny-swietem-narodowym","status":"publish","type":"post","link":"https:\/\/www.bibula.com\/?p=94852","title":{"rendered":"Filipiny: uroczysto\u015b\u0107 Niepokalanego Pocz\u0119cia Naj\u015bwi\u0119tszej Maryi Panny \u015bwi\u0119tem narodowym"},"content":{"rendered":"<p><strong>Uroczysto\u015b\u0107 Niepokalanego Pocz\u0119cia Naj\u015bwi\u0119tszej Maryi Panny, przypadaj\u0105ca 8 grudnia, b\u0119dzie od tego roku \u015bwi\u0119tem narodowym na Filipinach, b\u0119d\u0105cych najbardziej katolickim pa\u0144stwem Azji. Izba Ni\u017csza tamtejszego parlamentu przeg\u0142osowa\u0142a na wniosek pos\u0142a Rodolfo Farinasa, odpowiedni\u0105 uchwa\u0142\u0119 w tej sprawie.<\/strong><\/p>\r\n<p>Pose\u0142 Rodolfo Farinas uzasadni\u0142 sw\u0105 propozycj\u0119 tym, \u017ce wspomniana uroczysto\u015b\u0107 jest jednym z najwa\u017cniejszych i najbardziej szanowanych \u015bwi\u0105t na Filipinach i 8 grudnia ka\u017cdego roku, ulice Manili przemierza wielka procesja, kt\u00f3rej uczestnicy nios\u0105 liczne wizerunki Matki Bo\u017cej.<\/p>\r\n<p>Farinas zwr\u00f3ci\u0142 r\u00f3wnie\u017c uwag\u0119, \u017ce jeden z trzech statk\u00f3w, kt\u00f3rymi przyp\u0142yn\u0119li na wyspy pierwsi Europejczycy, ku czci Niepokalanego Pocz\u0119cia nosi\u0142 nazw\u0119 \u201eConcepci\u00f3n\u201d. &#8211; Zanim jeszcze nasz kraj zosta\u0142 nazwany Filipinami, a nawet jeszcze przed rozpocz\u0119ciem g\u0142oszenia imienia Chrystusa na tych ziemiach, zetkni\u0119to si\u0119 ju\u017c tutaj z imieniem Maryi w postaci Jej tytu\u0142u Niepokalanie Pocz\u0119tej &#8211; o\u015bwiadczy\u0142 parlamentarzysta.&nbsp;<\/p>\r\n<p>Dzie\u0144 8 grudnia og\u0142osi\u0142 jako \u015bwi\u0119to obowi\u0105zkowe dla katolik\u00f3w na ca\u0142ym \u015bwiecie papie\u017c Klemens XI w 1708 dla uczczenia \u201e\u015bwi\u0119to\u015bci i czysto\u015bci Naj\u015bwi\u0119tszej Maryi Panny\u201d. Z kolei papie\u017c Pius XII listem apostolskim \u201eImpositi Nobis\u201d z 12 wrze\u015bnia 1942 og\u0142osi\u0142 Maryj\u0119 Pann\u0119 Niepokalanie Pocz\u0119t\u0105 jak \u201eg\u0142\u00f3wn\u0105 Patronk\u0119 Filipin\u201d.<\/p>\r\n<p>\u0179r\u00f3d\u0142o: KAI<\/p>\r\n<p>WMa<\/p>","protected":false},"excerpt":{"rendered":"Uroczysto\u015b\u0107 Niepokalanego Pocz\u0119cia Naj\u015bwi\u0119tszej Maryi Panny, przypadaj\u0105ca 8 grudnia, b\u0119dzie od tego roku \u015bwi\u0119tem narodowym na Filipinach, b\u0119d\u0105cych najbardziej katolickim pa\u0144stwem Azji. Izba Ni\u017csza tamtejszego parlamentu przeg\u0142osowa\u0142a na wniosek pos\u0142a Rodolfo Farinasa, odpowiedni\u0105 uchwa\u0142\u0119 w tej sprawie. Pose\u0142 Rodolfo Farinas uzasadni\u0142 sw\u0105 propozycj\u0119 tym, \u017ce wspomniana uroczysto\u015b\u0107 jest jednym z najwa\u017cniejszych i najbardziej szanowanych \u015bwi\u0105t [&hellip;]","protected":false},"author":1,"featured_media":0,"comment_status":"closed","ping_status":"closed","sticky":false,"template":"","format":"standard","meta":{"_acf_changed":false,"_monsterinsights_skip_tracking":false,"_monsterinsights_sitenote_active":false,"_monsterinsights_sitenote_note":"","_monsterinsights_sitenote_category":0,"ngg_post_thumbnail":0,"footnotes":"","_wp_rev_ctl_limit":""},"categories":[6],"tags":[333,119],"acf":[],"_links":{"self":[{"href":"https:\/\/www.bibula.com\/index.php?rest_route=\/wp\/v2\/posts\/94852"}],"collection":[{"href":"https:\/\/www.bibula.com\/index.php?rest_route=\/wp\/v2\/posts"}],"about":[{"href":"https:\/\/www.bibula.com\/index.php?rest_route=\/wp\/v2\/types\/post"}],"author":[{"embeddable":true,"href":"https:\/\/www.bibula.com\/index.php?rest_route=\/wp\/v2\/users\/1"}],"replies":[{"embeddable":true,"href":"https:\/\/www.bibula.com\/index.php?rest_route=%2Fwp%2Fv2%2Fcomments&post=94852"}],"version-history":[{"count":0,"href":"https:\/\/www.bibula.com\/index.php?rest_route=\/wp\/v2\/posts\/94852\/revisions"}],"wp:attachment":[{"href":"https:\/\/www.bibula.com\/index.php?rest_route=%2Fwp%2Fv2%2Fmedia&parent=94852"}],"wp:term":[{"taxonomy":"category","embeddable":true,"href":"https:\/\/www.bibula.com\/index.php?rest_route=%2Fwp%2Fv2%2Fcategories&post=94852"},{"taxonomy":"post_tag","embeddable":true,"href":"https:\/\/www.bibula.com\/index.php?rest_route=%2Fwp%2Fv2%2Ftags&post=94852"}],"curies":[{"name":"wp","href":"https:\/\/api.w.org\/{rel}","templated":true}]}}