{"id":94639,"date":"2017-03-23T09:35:57","date_gmt":"2017-03-23T13:35:57","guid":{"rendered":"http:\/\/www.bibula.com\/?p=94639"},"modified":"2017-03-23T09:35:57","modified_gmt":"2017-03-23T13:35:57","slug":"general-jezuitow-odniosl-sie-do-boga-jako-matki-8-marca-w-watykanie","status":"publish","type":"post","link":"https:\/\/www.bibula.com\/?p=94639","title":{"rendered":"Genera\u0142 Jezuit\u00f3w odni\u00f3s\u0142 si\u0119 do Boga JAKO MATKI. 8 marca, w Watykanie!"},"content":{"rendered":"<p><strong><em>Feministyczne rz\u0105dy w Watykanie ?<\/em><\/strong><\/p>\r\n<p><strong>Watykan sponsoruje te\u017c feministyczn\u0105 platform\u0119. <br>\r\n <\/strong><\/p>\r\n<p>W dniu 8 marca 2017 roku, pod patronatem szefunia Papieskiej Akademii Nauk, niejakiego bp Marcelo S\u00e1nchez Sorondo, Watykan pozwoli\u0142 na urz\u0105dzenie spotkania, zwanego \u201eG\u0142osy Wiary\u201d, w swych budynkach. Na tym feministycznym zlocie, &nbsp;kobiety si\u0119&nbsp;zbieraj\u0105, nawi\u0105zuj\u0105c do <strong>Mi\u0119dzynarodowego Dnia Kobiet<\/strong> promowanego przez ONZ. &nbsp;Jest to ju\u017c czwarty rok, jak Watykan go\u015bci\u0142 ten zlot, kt\u00f3ry rozpocz\u0105\u0142 Franciszek, uznawany oficjalnie za papie\u017ca.<\/p>\r\n<p>W\u015br\u00f3d gadaj\u0105cych by\u0142a niejaka S. Simone Campbell, ameryka\u0144ska niby-zakonnica, <strong>ZWOLENNICZKA ABORCJI<\/strong>, znana r\u00f3wnie\u017c&nbsp; ze swoich innych sympatii pro-lewicowych, kt\u00f3re, m.in. obejmuj\u0105: <strong><em>wspieranie wy\u015bwiecania kobiet do kap\u0142a\u0144stwa; proponowanie pe\u0142nej r\u00f3wno\u015bci ekonomicznej wszystkich klas spo\u0142ecznych<\/em><\/strong>, sprzeciw wobec jakiejkolwiek wy\u017cszo\u015bci m\u0119\u017cczyzn nad kobietami (<em>okre\u015blany, jako patriarchalizm<\/em>); sprzeciw wobec jakiejkolwiek wojnie.<\/p>\r\n<p>Ta kobieta jest te\u017c zwolenniczk\u0105 wielu innych lewicowych propozycji og\u0142aszanych w grupie: <strong>\u201eZakonnice w autobusie\u201d. <\/strong><em>[w&nbsp; oryginale &#8211; zdj\u0119cia MD] <\/em><\/p>\r\n<p>Innym honorowym g\u0142osem owego zlotu by niejaki <strong>Arturo Sosa<\/strong>, prze\u0142o\u017cony generalny jezuit\u00f3w. [<strong>Arturo Sosa Abascal SJ<\/strong>&#8211; wenezuelski duchowny, <strong>Genera\u0142 Jezuit\u00f3w<\/strong>, wybrany 14 pa\u017adziernika 2016 &#8211; z viki]<\/p>\r\n<p>W swoim wyst\u0105pieniu <strong>odni\u00f3s\u0142 si\u0119 do Boga JAKO MATKI<\/strong>, i zach\u0119ci\u0142 feministyczn\u0105 walk\u0119 o \u201d\u0161wy\u015bwiecanie kobiet\u2019 od stwierdzenia, \u017ce <em>\u201d\u2039\u201d\u2039<\/em><em>Franciszek stworzy\u0142 komisj\u0119 do zbadania mo\u017cliwo\u015bci kobiet &#8211; diakon\u00f3w.<\/em><\/p>\r\n<p>Sosa skrytykowa\u0142 r\u00f3wnie\u017c <strong><em>ksenofobi\u0119<\/em><\/strong> odnosz\u0105c si\u0119 do ochrony warto\u015bci danego kraju przeciw zagranicznym wp\u0142ywom &#8211; by\u0142o to &nbsp;po\u015brednie odniesienie do Brexitu &nbsp;i Trumpa &#8211; oraz stwierdzi\u0142 fakt, \u017ce kobiety zarabiaj\u0105 mniej kasy ni\u017c m\u0119\u017cczy\u017ani.<\/p>\r\n<p>Nie trzeba czyta\u0107 Marksa, Lenina czy Trockiego i post\u0119powa\u0107 zgodnie z inicjatywami Komunistycznej Partii, \u017ceby wiedzie\u0107, jak idea\u0142y komunizmu dzi\u015b wygrywaj\u0105.<\/p>\r\n<p>Wystarczy czyta\u0107 dokumenty Watykanu, przem\u00f3wienia ich szef\u00f3w i obserwowa\u0107 to, co Stolica Apostolska robi.<\/p>\r\n<p><a href=\"http:\/\/www.traditioninaction.org\/RevolutionPhotos\/A721-Simone.htm\">http:\/\/www.traditioninaction.org\/RevolutionPhotos\/A721-Simone.htm<\/a><\/p>\r\n<p><em>T\u0142um. Renata<\/em><\/p>\r\n<p><blockquote class=\"wp-embedded-content\" data-secret=\"qZpBBR0mAr\"><a href=\"https:\/\/wolna-polska.pl\/wiadomosci\/feministyczne-rzady-watykanie-2017-03\">Feministyczne rz\u0105dy w Watykanie<\/a><\/blockquote><iframe class=\"wp-embedded-content\" sandbox=\"allow-scripts\" security=\"restricted\" style=\"position: absolute; clip: rect(1px, 1px, 1px, 1px);\" title=\"&#8222;Feministyczne rz\u0105dy w Watykanie&#8221; &#8212; Wolna Polska - Wiadomo\u015bci\" src=\"https:\/\/wolna-polska.pl\/wiadomosci\/feministyczne-rzady-watykanie-2017-03\/embed#?secret=qZpBBR0mAr\" data-secret=\"qZpBBR0mAr\" width=\"600\" height=\"338\" frameborder=\"0\" marginwidth=\"0\" marginheight=\"0\" scrolling=\"no\"><\/iframe><\/p>\r\n<p class=\"zrodlo\">Za: <a href=\"http:\/\/dakowski.pl\/index.php?option=com_content&amp;task=view&amp;id=19888&amp;Itemid=46\">Strona prof. Miros\u0142awa Dakowskiego (22.03.2017)<\/a><\/p>\r\n<hr style=\"background-color: #000000; border-width: 0; color: #000000; height: 2px; line-height: 0; text-align: center; width: 100%;\">","protected":false},"excerpt":{"rendered":"Feministyczne rz\u0105dy w Watykanie ? Watykan sponsoruje te\u017c feministyczn\u0105 platform\u0119. W dniu 8 marca 2017 roku, pod patronatem szefunia Papieskiej Akademii Nauk, niejakiego bp Marcelo S\u00e1nchez Sorondo, Watykan pozwoli\u0142 na urz\u0105dzenie spotkania, zwanego \u201eG\u0142osy Wiary\u201d, w swych budynkach. Na tym feministycznym zlocie, &nbsp;kobiety si\u0119&nbsp;zbieraj\u0105, nawi\u0105zuj\u0105c do Mi\u0119dzynarodowego Dnia Kobiet promowanego przez ONZ. &nbsp;Jest to ju\u017c [&hellip;]","protected":false},"author":1,"featured_media":0,"comment_status":"closed","ping_status":"closed","sticky":false,"template":"","format":"standard","meta":{"_acf_changed":false,"_monsterinsights_skip_tracking":false,"_monsterinsights_sitenote_active":false,"_monsterinsights_sitenote_note":"","_monsterinsights_sitenote_category":0,"ngg_post_thumbnail":0,"footnotes":"","_wp_rev_ctl_limit":""},"categories":[3],"tags":[369,41,33],"acf":[],"_links":{"self":[{"href":"https:\/\/www.bibula.com\/index.php?rest_route=\/wp\/v2\/posts\/94639"}],"collection":[{"href":"https:\/\/www.bibula.com\/index.php?rest_route=\/wp\/v2\/posts"}],"about":[{"href":"https:\/\/www.bibula.com\/index.php?rest_route=\/wp\/v2\/types\/post"}],"author":[{"embeddable":true,"href":"https:\/\/www.bibula.com\/index.php?rest_route=\/wp\/v2\/users\/1"}],"replies":[{"embeddable":true,"href":"https:\/\/www.bibula.com\/index.php?rest_route=%2Fwp%2Fv2%2Fcomments&post=94639"}],"version-history":[{"count":0,"href":"https:\/\/www.bibula.com\/index.php?rest_route=\/wp\/v2\/posts\/94639\/revisions"}],"wp:attachment":[{"href":"https:\/\/www.bibula.com\/index.php?rest_route=%2Fwp%2Fv2%2Fmedia&parent=94639"}],"wp:term":[{"taxonomy":"category","embeddable":true,"href":"https:\/\/www.bibula.com\/index.php?rest_route=%2Fwp%2Fv2%2Fcategories&post=94639"},{"taxonomy":"post_tag","embeddable":true,"href":"https:\/\/www.bibula.com\/index.php?rest_route=%2Fwp%2Fv2%2Ftags&post=94639"}],"curies":[{"name":"wp","href":"https:\/\/api.w.org\/{rel}","templated":true}]}}