{"id":94514,"date":"2017-03-16T11:53:57","date_gmt":"2017-03-16T15:53:57","guid":{"rendered":"http:\/\/www.bibula.com\/?p=94514"},"modified":"2017-03-16T11:54:16","modified_gmt":"2017-03-16T15:54:16","slug":"cenzura-na-internet-berlin-zacheca-ke-do-walki-tresciami-ksenofobicznymi-i-rasistowskimi","status":"publish","type":"post","link":"https:\/\/www.bibula.com\/?p=94514","title":{"rendered":"Cenzura na internet. Berlin zach\u0119ca KE do walki tre\u015bciami \u201eksenofobicznymi&#8221; i \u201erasistowskimi&#8221;"},"content":{"rendered":"<p><strong>Niemiecki minister sprawiedliwo\u015bci Heiko Maas zaproponowa\u0142 projekt ustawy, kt\u00f3ra przewiduje kary do 50 mln euro dla sieci spo\u0142eczno\u015bciowych takich jak np. Facebook, je\u015bli w por\u0119 nie usun\u0105 ze swoich stron tzw. mowy nienawi\u015bci. Berlin naciska tak\u017ce na Komisj\u0119 Europejsk\u0105, by przyj\u0119\u0142a jednolite normy dotycz\u0105ce walki z tre\u015bciami \u201eksenofobicznymi\u201d i \u201erasistowskimi\u201d. &nbsp; <br>\r\n <\/strong><\/p>\r\n<p>Minister Maas jest szczeg\u00f3lnie krytyczny wobec Facebooka za nieusuwanie w por\u0119 &nbsp;\u201erasistowskich\u201d i \u201eksenofobicznych\u201d wpis\u00f3w oraz komentarzy. Zapowiedzia\u0142, \u017ce nowe prawo pozwoli na obci\u0105\u017canie karami do 50 mln euro takie sieci jak Facebook, a pojedyncze osoby zatrudnione w tych platformach mog\u0105 otrzyma\u0107 kary do 5 mln euro.<\/p>\r\n<p>Mass narzeka\u0142, \u017ce media spo\u0142eczno\u015bciowe albo wcale tego nie robi\u0105, albo za wolno usuwaj\u0105 niedozwolone tre\u015bci. Projekt ustawy musi by\u0107 najpierw zaakceptowany przez gabinet kanclerz Angeli Merkel, a nast\u0119pnie parlament.<\/p>\r\n<p>Facebook i inni giganci internetowi zobowi\u0105zali si\u0119 w 2015 roku do badania i usuni\u0119cia w ci\u0105gu 24 godzin wszelkich nienawistnych komentarzy, w szczeg\u00f3lno\u015bci odnosz\u0105cych si\u0119 do imigrant\u00f3w i uchod\u017ac\u00f3w. <em>&#8211; Jednak<\/em> &#8211; m\u00f3wi\u0142 Maas &#8211;<em> sieci nie traktuj\u0105 skarg swoich u\u017cytkownik\u00f3w wystarczaj\u0105co powa\u017cnie<\/em>. Powiedzia\u0142, \u017ce wskutek skarg u\u017cytkownik\u00f3w Twitter usun\u0105\u0142 zaledwie 1 procent \u201enienawistnych wpis\u00f3w\u201d, a Facebook &#8211; 39 procent. Platformy YouTube i Google radzi\u0142y sobie lepiej. Usuni\u0119to w sumie oko\u0142o 90 proc. wpis\u00f3w nienawistnych. Tak wynika z danych jugendschutz.net cytowanych przez ministra.<\/p>\r\n<p>Projekt ustawy przewiduje, \u017ce sieci spo\u0142eczno\u015bciowe musz\u0105 zaoferowa\u0107 u\u017cytkownikom klarowne i dost\u0119pne \u015brodki do sk\u0142adania reklamacji. Musz\u0105 tak\u017ce szybko przegl\u0105da\u0107 tre\u015bci rzekomo \u201enienawistne\u201d i usuwa\u0107 ra\u017c\u0105co niedozwolone posty w ci\u0105gu 24 godzin. W przypadkach \u201emniej oczywistych\u201d tre\u015bci mia\u0142yby by\u0107 usuwane w ci\u0105gu siedmiu dniu od zg\u0142oszenia skargi. Firmy b\u0119d\u0105 r\u00f3wnie\u017c zobowi\u0105zane do sk\u0142adania kwartalnych sprawozda\u0144 ze swojej \u201ecenzuralnej\u201d dzia\u0142alno\u015bci.<\/p>\r\n<p>Z projektu zadowolona jest Centralna Rada \u017byd\u00f3w w Niemczech. Ostre \u015brodki przeciwko \u201epod\u017ceganiu do nienawi\u015bci rasowej, gloryfikacji narodowego socjalizmu i negacji Holokaustu w mediach spo\u0142eczno\u015bciowych\u201d &#8211; zdaniem jej cz\u0142onk\u00f3w &#8211; s\u0105 \u201epiln\u0105 potrzeb\u0105\u201d. W celu roz\u0142adowania rosn\u0105cych napi\u0119\u0107, Facebook ju\u017c w ub. roku zatrudni\u0142 dodatkowych pracownik\u00f3w w Niemczech do rozpatrywania skarg swoich u\u017cytkownik\u00f3w.<\/p>\r\n<p>W projekcie znalaz\u0142y si\u0119 ma\u0142o precyzyjne terminy: \u201eoczywistej mowy nienawi\u015bci\u201d i \u201emniej oczywistej mowy nienawi\u015bci.\u201d O tym, czym jest \u201eoczywista\u201d i \u201emniej oczywista\u201d mowa nienawi\u015bci b\u0119dzie mia\u0142 rozstrzyga\u0107 s\u0105d.<\/p>\r\n<p>Cze\u015b\u0107 komisarzy z Komisji Europejskiej opowiada si\u0119 za wprowadzeniem podobnego surowego prawa w ca\u0142ej UE. W maju ub. roku unijna komisarz sprawiedliwo\u015bci V\u00c4\u203ara Jourov\u00e1, przyjmuj\u0105c tzw. mi\u0119kkie podej\u015bcie zawar\u0142a dobrowoln\u0105 umow\u0119 z Google, YouTube, Facebook, Twitter i Microsoft, kt\u00f3re zgodzi\u0142y si\u0119 w ci\u0105gu 24 godzin usuwa\u0107 \u201enienawistne posty\u201d w celu \u201ezwalczania ekstremizmu\u201d w sieci. \u201eEkstremistami\u201d wed\u0142ug unijnych polityk\u00f3w s\u0105 wszyscy ci, kt\u00f3rzy negatywnie wypowiadaj\u0105 si\u0119 na temat imigrant\u00f3w, islamu, homoseksualizmu itp.<\/p>\r\n<p>W maju nast\u0105pi przegl\u0105d umowy zawartej z gigantami internetowymi i jak stwierdzi\u0142 rzecznik KE Christian Wigand, cierpliwo\u015b\u0107 europejskich prawodawc\u00f3w nie jest nieograniczona. W zwi\u0105zku z tym \u201eprzegl\u0105d mo\u017ce okaza\u0107 si\u0119 wa\u017cnym impulsem do dalszej dyskusji i wa\u017cnym momentem dotycz\u0105cym podj\u0119cia decyzji w sprawie dalszych dzia\u0142a\u0144 przeciwko mowie nienawi\u015bci\u201d.<\/p>\r\n<p>Niemiecka minister gospodarki Brigitte Zypries zwr\u00f3ci\u0142a si\u0119 do komisarza UE Andrus Ansipa odpowiedzialnego za nowe technologie cyfrowe, by zaproponowa\u0142 projekt, kt\u00f3ry sprecyzuje dok\u0142adnie, jakiego typu tre\u015bci firmy dzia\u0142aj\u0105ce w sieci b\u0119d\u0105 musia\u0142y niezw\u0142ocznie usuwa\u0107. W swoim li\u015bcie Zypries skrytykowa\u0142a dobrowolne porozumienie Komisji z platformami spo\u0142eczno\u015bciowymi.<\/p>\r\n<p>W Strasburgu Ansip i sze\u015bciu innych komisarzy UE wst\u0119pnie zgodzi\u0142o si\u0119, \u017ce Komisja powinna rozwa\u017cy\u0107 nowe \u015brodki, wprowadzaj\u0105ce cenzur\u0119 w sieci. Na razie nie wiadomo jednak, jak wielkie by\u0142yby to ograniczenia.<\/p>\r\n<p>\u0179r\u00f3d\u0142o: thelocal.de, euractiv.com<\/p>\r\n<p>AS<\/p>","protected":false},"excerpt":{"rendered":"Niemiecki minister sprawiedliwo\u015bci Heiko Maas zaproponowa\u0142 projekt ustawy, kt\u00f3ra przewiduje kary do 50 mln euro dla sieci spo\u0142eczno\u015bciowych takich jak np. Facebook, je\u015bli w por\u0119 nie usun\u0105 ze swoich stron tzw. mowy nienawi\u015bci. Berlin naciska tak\u017ce na Komisj\u0119 Europejsk\u0105, by przyj\u0119\u0142a jednolite normy dotycz\u0105ce walki z tre\u015bciami \u201eksenofobicznymi\u201d i \u201erasistowskimi\u201d. &nbsp; Minister Maas jest szczeg\u00f3lnie [&hellip;]","protected":false},"author":1,"featured_media":0,"comment_status":"closed","ping_status":"closed","sticky":false,"template":"","format":"standard","meta":{"_acf_changed":false,"_monsterinsights_skip_tracking":false,"_monsterinsights_sitenote_active":false,"_monsterinsights_sitenote_note":"","_monsterinsights_sitenote_category":0,"ngg_post_thumbnail":0,"footnotes":"","_wp_rev_ctl_limit":""},"categories":[12],"tags":[16,155,166,23],"acf":[],"_links":{"self":[{"href":"https:\/\/www.bibula.com\/index.php?rest_route=\/wp\/v2\/posts\/94514"}],"collection":[{"href":"https:\/\/www.bibula.com\/index.php?rest_route=\/wp\/v2\/posts"}],"about":[{"href":"https:\/\/www.bibula.com\/index.php?rest_route=\/wp\/v2\/types\/post"}],"author":[{"embeddable":true,"href":"https:\/\/www.bibula.com\/index.php?rest_route=\/wp\/v2\/users\/1"}],"replies":[{"embeddable":true,"href":"https:\/\/www.bibula.com\/index.php?rest_route=%2Fwp%2Fv2%2Fcomments&post=94514"}],"version-history":[{"count":0,"href":"https:\/\/www.bibula.com\/index.php?rest_route=\/wp\/v2\/posts\/94514\/revisions"}],"wp:attachment":[{"href":"https:\/\/www.bibula.com\/index.php?rest_route=%2Fwp%2Fv2%2Fmedia&parent=94514"}],"wp:term":[{"taxonomy":"category","embeddable":true,"href":"https:\/\/www.bibula.com\/index.php?rest_route=%2Fwp%2Fv2%2Fcategories&post=94514"},{"taxonomy":"post_tag","embeddable":true,"href":"https:\/\/www.bibula.com\/index.php?rest_route=%2Fwp%2Fv2%2Ftags&post=94514"}],"curies":[{"name":"wp","href":"https:\/\/api.w.org\/{rel}","templated":true}]}}