{"id":94498,"date":"2017-03-15T14:34:27","date_gmt":"2017-03-15T18:34:27","guid":{"rendered":"http:\/\/www.bibula.com\/?p=94498"},"modified":"2017-03-15T14:34:27","modified_gmt":"2017-03-15T18:34:27","slug":"afryka-wstawia-sie-za-radiem-watykanskim","status":"publish","type":"post","link":"https:\/\/www.bibula.com\/?p=94498","title":{"rendered":"Afryka wstawia si\u0119 za Radiem Watyka\u0144skim"},"content":{"rendered":"<p><strong>Afryka upomina si\u0119 o Radio Watyka\u0144skie. Zaprzestanie nadawania program\u00f3w na falach kr\u00f3tkich zosta\u0142o przyj\u0119te z konsternacj\u0105 przez afryka\u0144skich biskup\u00f3w. W przes\u0142anym do Watykanu li\u015bcie potwierdzaj\u0105 oni, \u017ce oczywi\u015bcie przej\u015bcie z eteru do internetu jest s\u0142usznym kierunkiem rozwoju, problem polega jednak na tym, \u017ce katolicy w Afryce nie dysponuj\u0105 odpowiednim sprz\u0119tem.<\/strong><\/p>\r\n<p>W podobnym tonie wyra\u017caj\u0105 si\u0119 r\u00f3wnie\u017c \u201eszeregowi s\u0142uchacze\u201d, kt\u00f3rzy pisz\u0105 i dzwoni\u0105 do afryka\u0144skich redakcji Radia. Niepokoj\u0105 si\u0119 oni ponadto o zachowanie niezale\u017cno\u015bci papieskiej rozg\u0142o\u015bni od zmiennych nurt\u00f3w polityki &#8211; m\u00f3wi Albert Mianzoukouta z redakcji francuskoj\u0119zycznej.<\/p>\r\n<p>\u201eRadio Watyka\u0144skie dba\u0142o o zapewnienie \u015brodk\u00f3w chroni\u0105cych jego niezale\u017cno\u015b\u0107, by swobodnie g\u0142osi\u0107 s\u0142owa Papie\u017ca, bez \u017cadnych przeszk\u00f3d czy to natury technicznej, czy te\u017c politycznej. Wszystkie programy Radia Watyka\u0144skiego dociera\u0142y bowiem do Afryki bezpo\u015brednio z podrzymskiego centrum nadawczego Santa Maria di Galeria, bez po\u015brednictwa jakiekolwiek kraju, kt\u00f3ry m\u00f3g\u0142by nas kr\u0119powa\u0107, bo jak wiadomo relacje polityczne s\u0105 zmienne, zale\u017cne od kaprys\u00f3w danej chwili. Do tej pory Radio Watyka\u0144skie potrafi\u0142o si\u0119 uchroni\u0107 przed tym potencjalnym zagro\u017ceniem ze strony r\u00f3\u017cnych re\u017cim\u00f3w, kt\u00f3re mog\u0142yby blokowa\u0107 nasz sygna\u0142. Teraz przeciwnie, powszechnie narasta niepok\u00f3j, czy te nowe technologie i nowe kana\u0142y przekazu do Afryki nie umo\u017cliwi\u0105 zablokowania naszych program\u00f3w. No i czy ludzie nie zostan\u0105 odci\u0119ci od Radia Watyka\u0144skiego, bo radio cyfrowe napotyka jeszcze wiele problem\u00f3w w Afryce, a nawet ci, kt\u00f3rzy maj\u0105 komputer nie zawsze maj\u0105 pr\u0105d. O to pytaj\u0105 nas s\u0142uchacze\u201d powiedzia\u0142 Albert Mianzoukouta.<\/p>\r\n<p>kb\/ rv<\/p>\r\n<p class=\"zrodlo\">Za: <a href=\"http:\/\/pl.radiovaticana.va\/news\/2017\/03\/14\/afryka_wstawia_si%C4%99_za_radiem_watyka%C5%84skim\/1298670\">Radio Watyka\u0144skie (14\/03\/2017)<\/a><\/p>\r\n<ul>\r\n\t<li>CZYTAJ: <strong><a title=\" Wielka reorganizacja watyka\u0144skich medi\u00f3w\" href=\"http:\/\/www.bibula.com\/?p=90944\" rel=\"bookmark\">Wielka reorganizacja watyka\u0144skich medi\u00f3w<\/a><\/strong><\/li>\r\n<\/ul>","protected":false},"excerpt":{"rendered":"Afryka upomina si\u0119 o Radio Watyka\u0144skie. Zaprzestanie nadawania program\u00f3w na falach kr\u00f3tkich zosta\u0142o przyj\u0119te z konsternacj\u0105 przez afryka\u0144skich biskup\u00f3w. W przes\u0142anym do Watykanu li\u015bcie potwierdzaj\u0105 oni, \u017ce oczywi\u015bcie przej\u015bcie z eteru do internetu jest s\u0142usznym kierunkiem rozwoju, problem polega jednak na tym, \u017ce katolicy w Afryce nie dysponuj\u0105 odpowiednim sprz\u0119tem. W podobnym tonie wyra\u017caj\u0105 si\u0119 [&hellip;]","protected":false},"author":1,"featured_media":0,"comment_status":"closed","ping_status":"closed","sticky":false,"template":"","format":"standard","meta":{"_acf_changed":false,"_monsterinsights_skip_tracking":false,"_monsterinsights_sitenote_active":false,"_monsterinsights_sitenote_note":"","_monsterinsights_sitenote_category":0,"ngg_post_thumbnail":0,"footnotes":"","_wp_rev_ctl_limit":""},"categories":[3],"tags":[165,159,41],"acf":[],"_links":{"self":[{"href":"https:\/\/www.bibula.com\/index.php?rest_route=\/wp\/v2\/posts\/94498"}],"collection":[{"href":"https:\/\/www.bibula.com\/index.php?rest_route=\/wp\/v2\/posts"}],"about":[{"href":"https:\/\/www.bibula.com\/index.php?rest_route=\/wp\/v2\/types\/post"}],"author":[{"embeddable":true,"href":"https:\/\/www.bibula.com\/index.php?rest_route=\/wp\/v2\/users\/1"}],"replies":[{"embeddable":true,"href":"https:\/\/www.bibula.com\/index.php?rest_route=%2Fwp%2Fv2%2Fcomments&post=94498"}],"version-history":[{"count":0,"href":"https:\/\/www.bibula.com\/index.php?rest_route=\/wp\/v2\/posts\/94498\/revisions"}],"wp:attachment":[{"href":"https:\/\/www.bibula.com\/index.php?rest_route=%2Fwp%2Fv2%2Fmedia&parent=94498"}],"wp:term":[{"taxonomy":"category","embeddable":true,"href":"https:\/\/www.bibula.com\/index.php?rest_route=%2Fwp%2Fv2%2Fcategories&post=94498"},{"taxonomy":"post_tag","embeddable":true,"href":"https:\/\/www.bibula.com\/index.php?rest_route=%2Fwp%2Fv2%2Ftags&post=94498"}],"curies":[{"name":"wp","href":"https:\/\/api.w.org\/{rel}","templated":true}]}}