{"id":94490,"date":"2017-03-15T12:43:31","date_gmt":"2017-03-15T16:43:31","guid":{"rendered":"http:\/\/www.bibula.com\/?p=94490"},"modified":"2017-03-15T12:43:31","modified_gmt":"2017-03-15T16:43:31","slug":"kukiz15-pis-blokuje-ustawe-ws-penalizacji-banderyzmu-w-polsce","status":"publish","type":"post","link":"https:\/\/www.bibula.com\/?p=94490","title":{"rendered":"Kukiz&#8217;15: PiS blokuje ustaw\u0119 ws. penalizacji banderyzmu w Polsce"},"content":{"rendered":"<p><strong>Pose\u0142 Bartosz J\u00f3zwiak pyta po kt\u00f3rej stronie stoi PiS: &#8222;Po stronie OUN-UPA czy po stronie polskich ofiar tych organizacji?&#8221;<\/strong><\/p>\r\n<p>Dzisaj pos\u0142owie rucju Kukiz&#8217; 15 Bartosz J\u00f3zwiak i Tomasz Rzymkowski przypomnieli dziennikarzom o projekcie ustawy z\u0142o\u017conym przez ich klub, a kt\u00f3ry zak\u0142da penalizacj\u0119 banderyzmu w Polsce. Projekt nwoego prawa zosta\u0142 z\u0142o\u017c\u00f3ny w czerwcu 2016r. i zak\u0142ada zmian\u0119 ustawy o IPN, dzi\u0119ki czemu propagowanie banderyzmu i podwa\u017canie zbrodni ludob\u00f3jstwa na Wo\u0142yniu by\u0142oby w Polsce karane. Jak stwiedzili pos\u0142owie, PiS pozowli\u0142 na dwa czytania sejmowe, jednak od listopada projekt zmiany prawa le\u017cy w zamra\u017carce sejmowej. Marsza\u0142ek Marek Kuchi\u0144ski, nie dopuszcza do trzeciego ostatniego czytania.<\/p>\r\n<ul>\r\n\t<li><strong>CZYTAJ TAK\u0179E:<br>\r\n <a href=\"http:\/\/www.kresy.pl\/wydarzenia,spoleczenstwo?zobacz\/sejm-zajmie-sie-projektem-ustawy-penalizujacej-klamstwo-wolynskie-i-propagowanie-banderyzmu\">Sejm zajmie si\u0119 projektem ustawy penalizuj\u0105cej k\u0142amstwo wo\u0142y\u0144skie i propagowanie banderyzmu<\/a><\/strong><\/li>\r\n<\/ul>\r\n<p>Pose\u0142 Bartosz J\u00f3zwiak pyta, po kt\u00f3rej stronie stoi partia rz\u0105dz\u0105ca: <em>Po stronie OUN-UPA czy po stronie polskich ofiar tych organizacji?! Dopu\u015b\u0107cie wreszcie nasz projekt pod obrady Sejmu!<\/em><\/p>\r\n<p>Z kollei pose\u0142 Tomasz Rzymkowski zaznacza: <strong><em>Pa\u0144stwo polskie musi jednoznacznie powiedzie\u0107, \u017ce gloryfikacja banderyzmu jest nie do zaakceptowania. Zamiast tego PiS trzyma nasz projekt w zamra\u017carce. Apelujemy do wszystkich Obywateli, by wsp\u00f3lnie z nami wywierali presj\u0119 na PiS w tej sprawie!<\/em><\/strong><\/p>\r\n<p><iframe src=\"https:\/\/www.facebook.com\/plugins\/video.php?href=https%3A%2F%2Fwww.facebook.com%2FKlubPoselskiKukiz15%2Fvideos%2F604845196384402%2F&amp;show_text=0&amp;width=560\" scrolling=\"no\" allowfullscreen=\"allowfullscreen\" data-mce-fragment=\"1\" frameborder=\"0\" height=\"315\" width=\"560\"><\/iframe><\/p>\r\n<p>kresy.pl<\/p>","protected":false},"excerpt":{"rendered":"Pose\u0142 Bartosz J\u00f3zwiak pyta po kt\u00f3rej stronie stoi PiS: &#8222;Po stronie OUN-UPA czy po stronie polskich ofiar tych organizacji?&#8221; Dzisaj pos\u0142owie rucju Kukiz&#8217; 15 Bartosz J\u00f3zwiak i Tomasz Rzymkowski przypomnieli dziennikarzom o projekcie ustawy z\u0142o\u017conym przez ich klub, a kt\u00f3ry zak\u0142da penalizacj\u0119 banderyzmu w Polsce. Projekt nwoego prawa zosta\u0142 z\u0142o\u017c\u00f3ny w czerwcu 2016r. i zak\u0142ada [&hellip;]","protected":false},"author":1,"featured_media":0,"comment_status":"closed","ping_status":"closed","sticky":false,"template":"","format":"standard","meta":{"_acf_changed":false,"_monsterinsights_skip_tracking":false,"_monsterinsights_sitenote_active":false,"_monsterinsights_sitenote_note":"","_monsterinsights_sitenote_category":0,"ngg_post_thumbnail":0,"footnotes":"","_wp_rev_ctl_limit":""},"categories":[8],"tags":[98,167,17],"acf":[],"_links":{"self":[{"href":"https:\/\/www.bibula.com\/index.php?rest_route=\/wp\/v2\/posts\/94490"}],"collection":[{"href":"https:\/\/www.bibula.com\/index.php?rest_route=\/wp\/v2\/posts"}],"about":[{"href":"https:\/\/www.bibula.com\/index.php?rest_route=\/wp\/v2\/types\/post"}],"author":[{"embeddable":true,"href":"https:\/\/www.bibula.com\/index.php?rest_route=\/wp\/v2\/users\/1"}],"replies":[{"embeddable":true,"href":"https:\/\/www.bibula.com\/index.php?rest_route=%2Fwp%2Fv2%2Fcomments&post=94490"}],"version-history":[{"count":0,"href":"https:\/\/www.bibula.com\/index.php?rest_route=\/wp\/v2\/posts\/94490\/revisions"}],"wp:attachment":[{"href":"https:\/\/www.bibula.com\/index.php?rest_route=%2Fwp%2Fv2%2Fmedia&parent=94490"}],"wp:term":[{"taxonomy":"category","embeddable":true,"href":"https:\/\/www.bibula.com\/index.php?rest_route=%2Fwp%2Fv2%2Fcategories&post=94490"},{"taxonomy":"post_tag","embeddable":true,"href":"https:\/\/www.bibula.com\/index.php?rest_route=%2Fwp%2Fv2%2Ftags&post=94490"}],"curies":[{"name":"wp","href":"https:\/\/api.w.org\/{rel}","templated":true}]}}