{"id":94456,"date":"2017-03-13T14:28:50","date_gmt":"2017-03-13T18:28:50","guid":{"rendered":"http:\/\/www.bibula.com\/?p=94456"},"modified":"2017-03-13T14:30:50","modified_gmt":"2017-03-13T18:30:50","slug":"ekumeniczne-starania-o-przywrocenie-kolumny-maryjnej-w-centrum-pragi","status":"publish","type":"post","link":"https:\/\/www.bibula.com\/?p=94456","title":{"rendered":"Ekumeniczne starania o przywr\u00f3cenie Kolumny Maryjnej w centrum Pragi"},"content":{"rendered":"<p>Chrze\u015bcijanie w Pradze zabiegaj\u0105 o przywr\u00f3cenie na plac staromiejski monumentalnej kolumny z figur\u0105 Niepokalanej. Postawiono j\u0105 w samym centrum Starego Miasta w 1653 r. jako wyraz wdzi\u0119czno\u015bci za obron\u0119 przed szwedzk\u0105 inwazj\u0105. Zosta\u0142a zburzona po I wojnie \u015bwiatowej na skutek b\u0142\u0119dnej interpretacji. Uwa\u017cano bowiem, \u017ce kolumna maryjna by\u0142a znakiem triumfu Habsburg\u00f3w nad czeskimi protestantami.<\/p>\r\n<p>Zdaniem kard. Dominika Duki przywr\u00f3cenie kolumny by\u0142oby naprawieniem b\u0142\u0119d\u00f3w przesz\u0142o\u015bci. Podkre\u015bla on, \u017ce w historycznym sercu Pragi jest miejsce na symbole r\u00f3\u017cnych tradycji narodu czeskiego: &nbsp;na pomnik Jana Husa, na z\u0142oty kielich husyt\u00f3w, a tak\u017ce na katolick\u0105 kolumn\u0119 Maryi.<\/p>\r\n<p>Staraniom o odbudow\u0119 kolumny po\u015bwi\u0119cony jest najnowszy numer miesi\u0119cznika archidiecezji praskiej Zpravodaj prazske archidieceze. Inicjatyw\u0119 t\u0119 popiera m.in. prof. Zde\u00c5\u02c6ek Ku\u00c4\u008dera, wyk\u0142adowca teologii dogmatycznej na husyckim wydziale teologicznym uniwersytetu Karola. Podkre\u015bla on, \u017ce Ko\u015bci\u00f3\u0142 husycki nie sprzeciwia si\u0119 oddawaniu czci Matce Bo\u017cej, je\u015bli zachowane s\u0105 przy tym nale\u017cyte proporcje. Dlatego jego zdaniem odbudowa kolumny wraz z przywr\u00f3ceniem husyckiego kielicha na fasadzie pobliskiego ko\u015bcio\u0142a Matki Bo\u017cej przed Tynem by\u0142oby \u015bwiadectwem pojednania chrze\u015bcijan w Czechach.<\/p>\r\n<p>Decyzja w sprawie odbudowy kolumny jeszcze nie zapad\u0142a. Gotowa jest natomiast kopia figury Niepokalanej. Czeski rze\u017abiarz Peter V\u00e1\u00c5\u02c6a pracuje nad ni\u0105 od niemal 20 lat.<\/p>\r\n<p>Kard. Dominik Duka przygotowuj\u0105c wiernych do odnowienia kultu maryjnego na placu staromiejskim przypomina genez\u0119 kultu Matki Bo\u017cej na kolumnie. Wywodzi si\u0119 on z Hiszpanii. To tam, w tej w\u0142a\u015bnie postaci jako Madona del Pilar mia\u0142a si\u0119 objawi\u0107 Maryja \u015bw. Jakubowi aposto\u0142owi. Przypomnia\u0142a mu pytanie, kt\u00f3re jemu i jego bratu Janowi zada\u0142 Jezus, pytaj\u0105c, czy mog\u0105 pi\u0107 Jego kielich. To sk\u0142oni\u0142o Jakuba do powrotu do Jerozolimy i zgody na m\u0119cze\u0144stwo. W Hiszpanii kult Matki Bo\u017cej na kolumnie sta\u0142 si\u0119 symbolem rekonkwisty, czyli wyzwolenia mieszka\u0144c\u00f3w P\u00f3\u0142wyspu Iberyjskiego spod islamskiej niewoli &#8211; przypomina arcybiskup Pragi.<\/p>\r\n<p>kb\/ rv<\/p>\r\n<p class=\"zrodlo\">Za: <a href=\"http:\/\/pl.radiovaticana.va\/news\/2017\/03\/13\/ekumeniczne_starania_o_przywr%C3%B3cenie_kolumny_maryjnej_w_centr\/1298369\">Radio Watyka\u0144skie (13\/03\/2017)<\/a><\/p>\r\n<blockquote>\r\n<p><strong>KOMENTARZ <em>BIBU\u0141Y<\/em><\/strong>: Oczywi\u015bcie przywr\u00f3cenie Kolumny Maryjnej jest <strong>w pe\u0142ni s\u0142uszne i konieczne<\/strong>, natomiast uzasadnianie tego aktu ekumenicznymi bredniami jest niebezpieczne, tak z teologicznego, historycznego, jak i duszpasterskiego aspektu.<\/p>\r\n<p>Id\u0105c tropem rozumowania ekumaniak\u00f3w, nale\u017ca\u0142oby przywr\u00f3ci\u0107 szacunek dla ka\u017cdego buntowniczego ruchu z przesz\u0142o\u015bci, specjalizuj\u0105cego si\u0119 w walce ze \u015awi\u0119tym Ko\u015bcio\u0142em katolickim, i zupe\u0142nie niewa\u017cne s\u0105 dzisiaj ofiary, zar\u00f3wno te miliony ofiar fizycznych rzezi protestanckich buntownik\u00f3w, jak i jeszcze wi\u0119ksza liczba straconych dusz. Wobec takiej postawy dzisiejszych hierarch\u00f3w zupe\u0142nie traci sens walka i przelana przez m\u0119czennik\u00f3w krew w obronie Wiary i \u015awi\u0119tego Ko\u015bcio\u0142a katolickiego, walcz\u0105cych z rewolucjonistami zainfekowanymi judaizmem.<\/p>\r\n<p>Id\u0105c jeszcze dalej rozumowaniem ekumaniak\u00f3w, nale\u017ca\u0142oby obok pomnik\u00f3w z\u0142oczy\u0144cy Jana Husa, zara\u017conego wirusem antykatolicyzmu Wycliffe&#8217;a, nastawia\u0107 pomniki Lucyfera i jego praktycznych wyznawc\u00f3w, w postaci Hitlera czy Heydricha.<\/p>\r\n<\/blockquote>\r\n<h4>&nbsp;<\/h4>\r\n<hr style=\"background-color: #000000; border-width: 0; color: #000000; height: 2px; line-height: 0; text-align: center; width: 100%;\">\r\n<h4>&nbsp;<\/h4>","protected":false},"excerpt":{"rendered":"Chrze\u015bcijanie w Pradze zabiegaj\u0105 o przywr\u00f3cenie na plac staromiejski monumentalnej kolumny z figur\u0105 Niepokalanej. Postawiono j\u0105 w samym centrum Starego Miasta w 1653 r. jako wyraz wdzi\u0119czno\u015bci za obron\u0119 przed szwedzk\u0105 inwazj\u0105. Zosta\u0142a zburzona po I wojnie \u015bwiatowej na skutek b\u0142\u0119dnej interpretacji. Uwa\u017cano bowiem, \u017ce kolumna maryjna by\u0142a znakiem triumfu Habsburg\u00f3w nad czeskimi protestantami. Zdaniem [&hellip;]","protected":false},"author":1,"featured_media":0,"comment_status":"closed","ping_status":"closed","sticky":false,"template":"","format":"standard","meta":{"_acf_changed":false,"_monsterinsights_skip_tracking":false,"_monsterinsights_sitenote_active":false,"_monsterinsights_sitenote_note":"","_monsterinsights_sitenote_category":0,"ngg_post_thumbnail":0,"footnotes":"","_wp_rev_ctl_limit":""},"categories":[3],"tags":[227,357,238,33],"acf":[],"_links":{"self":[{"href":"https:\/\/www.bibula.com\/index.php?rest_route=\/wp\/v2\/posts\/94456"}],"collection":[{"href":"https:\/\/www.bibula.com\/index.php?rest_route=\/wp\/v2\/posts"}],"about":[{"href":"https:\/\/www.bibula.com\/index.php?rest_route=\/wp\/v2\/types\/post"}],"author":[{"embeddable":true,"href":"https:\/\/www.bibula.com\/index.php?rest_route=\/wp\/v2\/users\/1"}],"replies":[{"embeddable":true,"href":"https:\/\/www.bibula.com\/index.php?rest_route=%2Fwp%2Fv2%2Fcomments&post=94456"}],"version-history":[{"count":0,"href":"https:\/\/www.bibula.com\/index.php?rest_route=\/wp\/v2\/posts\/94456\/revisions"}],"wp:attachment":[{"href":"https:\/\/www.bibula.com\/index.php?rest_route=%2Fwp%2Fv2%2Fmedia&parent=94456"}],"wp:term":[{"taxonomy":"category","embeddable":true,"href":"https:\/\/www.bibula.com\/index.php?rest_route=%2Fwp%2Fv2%2Fcategories&post=94456"},{"taxonomy":"post_tag","embeddable":true,"href":"https:\/\/www.bibula.com\/index.php?rest_route=%2Fwp%2Fv2%2Ftags&post=94456"}],"curies":[{"name":"wp","href":"https:\/\/api.w.org\/{rel}","templated":true}]}}