{"id":94434,"date":"2017-03-13T09:55:16","date_gmt":"2017-03-13T13:55:16","guid":{"rendered":"http:\/\/www.bibula.com\/?p=94434"},"modified":"2017-03-13T09:57:26","modified_gmt":"2017-03-13T13:57:26","slug":"ukraina-sprofanowano-polskie-pomniki-we-lwowie-i-podkamieniu","status":"publish","type":"post","link":"https:\/\/www.bibula.com\/?p=94434","title":{"rendered":"Ukraina: Sprofanowano polskie pomniki we Lwowie i Podkamieniu"},"content":{"rendered":"<p><strong>Na Ukrainie nieznani sprawcy sprofanowali polskie pomniki, ku czci zamordowanych profesor\u00f3w we Lwowie oraz pomordowanych przez UPA w Podkamieniu. Na obu upami\u0119tnieniach umieszczono napisy \u201e\u015bmier\u0107 Lachom\u201d (Polakom) oraz oblano je czerwon\u0105 farb\u0105.<\/strong><\/p>\r\n<p>Jak podaje portal Zaxid.net, w pi\u0105tek 10 marca br. na Wzg\u00f3rzach Wuleckich we Lwowie pomnik zamordowanych profesor\u00f3w lwowskich oblano czerwon\u0105 farb\u0105 i napisano \u201e\u015bmier\u0107 Lachom\u201d.<\/p>\r\n<p>\u201ePolicja dowiedzia\u0142a si\u0119 o tym z medi\u00f3w spo\u0142eczno\u015bciowych, a konkretnie z grupy \u201eWarta-1\u201d. Teraz na miejscu pracuje grupa \u015bledczo-dochodzeniowa. Ale, na ile mi wiadomo, wszystkie napisy ju\u017c starto\u201d &#8211; portal cytuje urz\u0119dniczk\u0119 lwowskiej policji Swit\u0142an\u0119 Dobrowolsk\u0105.<\/p>\r\n<p>Informacj\u0119 o usuni\u0119ciu napis\u00f3w podano te\u017c na grupie \u201e<a href=\"https:\/\/vk.com\/wall-66210801_1143924\">Warta-1<\/a>\u201d.<\/p>\r\n<p><img fetchpriority=\"high\" decoding=\"async\" src=\"https:\/\/s10.postimg.org\/dsnqgaq21\/image.jpg\" alt=\"\" height=\"443\" width=\"598\"><\/p>\r\n<p><img decoding=\"async\" src=\"https:\/\/s10.postimg.org\/4ma16ra7d\/image.jpg\" alt=\"\" height=\"443\" width=\"598\"><\/p>\r\n<p><img decoding=\"async\" src=\"https:\/\/s10.postimg.org\/ih8bp84mh\/image.jpg\" alt=\"\" height=\"443\" width=\"598\"><\/p>\r\n<p>Dzisiaj na tej samie grupie \u201e<a href=\"https:\/\/www.facebook.com\/groups\/govarta1\/permalink\/630091783851107\/\">Warta-1<\/a>\u201d na portalu Facebook pojawi\u0142a si\u0119 informacja o sprofanowaniu kolejnego polskiego pomnika na Ukrainie, tym razem w Podkamieniu, na upami\u0119tnieniu ofiar mordu dokonanego przez UPA na Polakach w Podkamieniu (obw\u00f3d lwowski). On tak\u017ce zosta\u0142 oblany czerwon\u0105 farb\u0105, napisano te\u017c \u201e\u015bmier\u0107 Lachom\u201d oraz umieszczono swastyk\u0119.<\/p>\r\n<p><img decoding=\"async\" src=\"https:\/\/s7.postimg.org\/ta5rqk10r\/image.jpg\" alt=\"\"><\/p>\r\n<p><img loading=\"lazy\" decoding=\"async\" class=\"\" src=\"https:\/\/s7.postimg.org\/r6vciw17v\/image.jpg\" alt=\"\" height=\"443\" width=\"598\"><\/p>\r\n<p><img loading=\"lazy\" decoding=\"async\" src=\"https:\/\/s7.postimg.org\/5lq9va4h7\/image.jpg\" alt=\"\" height=\"443\" width=\"598\"><\/p>\r\n<p><img loading=\"lazy\" decoding=\"async\" src=\"https:\/\/s7.postimg.org\/t1870mo8b\/image.jpg\" alt=\"\" height=\"443\" width=\"598\"><\/p>\r\n<p><img loading=\"lazy\" decoding=\"async\" src=\"https:\/\/s7.postimg.org\/d4e0hnl7v\/image.jpg\" alt=\"\" height=\"443\" width=\"598\"><\/p>\r\n<p><img loading=\"lazy\" decoding=\"async\" src=\"https:\/\/s7.postimg.org\/o595modgr\/image.jpg\" alt=\"\" height=\"443\" width=\"598\"><\/p>\r\n<p><img loading=\"lazy\" decoding=\"async\" src=\"https:\/\/s7.postimg.org\/chf3s4obv\/image.jpg\" alt=\"\" height=\"443\" width=\"598\"><\/p>\r\n<p>To kolejna ju\u017c profanacja pomnika ku czci pomordowanych profesor\u00f3w lwowskich, do podobnej dosz\u0142o w maju 2009 roku, w\u00f3wczas r\u00f3wnie\u017c pojawi\u0142 si\u0119 napis &#8222;\u015bmier\u0107 Lachom&#8221;.<\/p>\r\n<ul>\r\n\t<li><strong>Zobacz: <a href=\"http:\/\/www.kresy.pl\/wydarzenia?zobacz\/profanacja-pomnika-profesorow\">Profanacja pomnika profesor\u00f3w &#8211; artyku\u0142 z 13 maja 2009 roku<\/a><\/strong><\/li>\r\n<\/ul>\r\n<p>Co warte podkre\u015blenia, profanacji upami\u0119tnienia w Podkamieniu dokonano w rocznic\u0119 bestialskiej napa\u015bci na klasztor dominika\u0144ski w Podkamieniu przez kure\u0144 UPA i oddzia\u0142 4. Galicyjskiego Pu\u0142ku Ochotniczego SS Dywizji SS-Galizien, kt\u00f3ra mia\u0142a miejsce 12 marca 1944 roku. Zamordowano w\u00f3wczas od 400 do 600 Polak\u00f3w. Ustalono nazwiska 122 ofiar.<\/p>\r\n<ul>\r\n\t<li><strong>Zobacz: <a href=\"http:\/\/www.kresy.pl\/kresopedia,historia,ii-wojna-swiatowa?zobacz\/polska-apokalipsa-w-podkamieniu\">Polska apokalipsa w Podkamieniu<\/a><\/strong><\/li>\r\n<\/ul>\r\n<p>Zaxid.net \/ Warta-1 \/ Kresy.pl<\/p>\r\n<p class=\"zrodlo\">Za: <a href=\"http:\/\/www.kresy.pl\/wydarzenia,polityka?zobacz%2Fukraina-sprofanowano-polskie-pomniki-we-lwowie-i-podkamieniu\">Kresy.pl (<span class=\"date\">12 marca 2017<\/span>)<\/a><\/p>\r\n<h4>&nbsp;<\/h4>\r\n<hr style=\"background-color: #000000; border-width: 0; color: #000000; height: 2px; line-height: 0; text-align: center; width: 100%;\">\r\n<h4>&nbsp;<\/h4>\r\n<h2>Zniszczone pomniki s\u0105 kolejn\u0105 krzywd\u0105 wyrz\u0105dzon\u0105 rodzinom ofiar UPA i SS Galizien<\/h2>\r\n<p>Jaka b\u0119dzie reakcja szefa MSZ Witolda Waszczykowskiego i ambasadora Jana Piek\u0142o? Taka jak ostatnio, czyli nijaka? Czy prezydent RP Andrzej Duda wreszcie zareaguje? Bo prezydent Izraela, gdy tak post\u0105piono z pomnikami ofiar Holokaustu \u017byd\u00f3w, z pewno\u015bci\u0105 zareagowa\u0142by.<\/p>\r\n<p>W tym wypadku brak reakcji lub chwiejna postawa b\u0119dzie tylko zach\u0119t\u0105 dla dalszych akt\u00f3w wandalizmu. Cierpi\u0105 na tym rodzin ofiar, cierpi tak\u017ce honor Rzeczypospolitej.<\/p>\r\n<p>A wszystko jasno pokazuje, \u017ce \u201enieznani sprawcy\u201d mog\u0105 na Ukrainie robi\u0107, co tylko chc\u0105.<\/p>\r\n<p>Do\u015b\u0107 tego!<\/p>\r\n<p><strong><em>Ks. Tadeusz Isakowicz-Zaleski<\/em><\/strong><\/p>\r\n<p class=\"zrodlo\">Za: <a href=\"http:\/\/isakowicz.pl\/zniszczone-pomniki-sa-kolejna-krzywda-wyrzadzona-rodzinom-ofiar-upa-i-ss-galizien\/\">isakowicz.pl (13 marca 2017)<\/a><\/p>\r\n<h4>&nbsp;<\/h4>\r\n<hr style=\"background-color: #000000; border-width: 0; color: #000000; height: 2px; line-height: 0; text-align: center; width: 100%;\">\r\n<h4>&nbsp;<\/h4>","protected":false},"excerpt":{"rendered":"Na Ukrainie nieznani sprawcy sprofanowali polskie pomniki, ku czci zamordowanych profesor\u00f3w we Lwowie oraz pomordowanych przez UPA w Podkamieniu. Na obu upami\u0119tnieniach umieszczono napisy \u201e\u015bmier\u0107 Lachom\u201d (Polakom) oraz oblano je czerwon\u0105 farb\u0105. Jak podaje portal Zaxid.net, w pi\u0105tek 10 marca br. na Wzg\u00f3rzach Wuleckich we Lwowie pomnik zamordowanych profesor\u00f3w lwowskich oblano czerwon\u0105 farb\u0105 i napisano [&hellip;]","protected":false},"author":1,"featured_media":0,"comment_status":"closed","ping_status":"closed","sticky":false,"template":"","format":"standard","meta":{"_acf_changed":false,"_monsterinsights_skip_tracking":false,"_monsterinsights_sitenote_active":false,"_monsterinsights_sitenote_note":"","_monsterinsights_sitenote_category":0,"ngg_post_thumbnail":0,"footnotes":"","_wp_rev_ctl_limit":""},"categories":[215],"tags":[65,188,167,17],"acf":[],"_links":{"self":[{"href":"https:\/\/www.bibula.com\/index.php?rest_route=\/wp\/v2\/posts\/94434"}],"collection":[{"href":"https:\/\/www.bibula.com\/index.php?rest_route=\/wp\/v2\/posts"}],"about":[{"href":"https:\/\/www.bibula.com\/index.php?rest_route=\/wp\/v2\/types\/post"}],"author":[{"embeddable":true,"href":"https:\/\/www.bibula.com\/index.php?rest_route=\/wp\/v2\/users\/1"}],"replies":[{"embeddable":true,"href":"https:\/\/www.bibula.com\/index.php?rest_route=%2Fwp%2Fv2%2Fcomments&post=94434"}],"version-history":[{"count":0,"href":"https:\/\/www.bibula.com\/index.php?rest_route=\/wp\/v2\/posts\/94434\/revisions"}],"wp:attachment":[{"href":"https:\/\/www.bibula.com\/index.php?rest_route=%2Fwp%2Fv2%2Fmedia&parent=94434"}],"wp:term":[{"taxonomy":"category","embeddable":true,"href":"https:\/\/www.bibula.com\/index.php?rest_route=%2Fwp%2Fv2%2Fcategories&post=94434"},{"taxonomy":"post_tag","embeddable":true,"href":"https:\/\/www.bibula.com\/index.php?rest_route=%2Fwp%2Fv2%2Ftags&post=94434"}],"curies":[{"name":"wp","href":"https:\/\/api.w.org\/{rel}","templated":true}]}}