{"id":94428,"date":"2017-03-12T20:23:16","date_gmt":"2017-03-13T00:23:16","guid":{"rendered":"http:\/\/www.bibula.com\/?p=94428"},"modified":"2017-03-12T20:23:16","modified_gmt":"2017-03-13T00:23:16","slug":"zastapia-swieta-katolickie-swietami-zydowskim-i-muzulmanskim","status":"publish","type":"post","link":"https:\/\/www.bibula.com\/?p=94428","title":{"rendered":"Zast\u0105pi\u0105 \u015bwi\u0119ta katolickie \u015bwi\u0119tami \u017cydowskim i muzu\u0142ma\u0144skim?"},"content":{"rendered":"<p><strong>Francuscy socjali\u015bci chc\u0105 wyrugowa\u0107 z \u017cycia publicznego chrze\u015bcija\u0144skie \u015bwi\u0119ta. Wyj\u0105tkiem jest Bo\u017ce Narodzenie i tak ju\u017c postrzegane jako \u201ewywodz\u0105ce si\u0119 z poga\u0144skich \u017ar\u00f3de\u0142\u201d. Uznaj\u0105, \u017ce tego wymaga ustr\u00f3j republika\u0144ski i laicki. W zamian chc\u0105 celebrowa\u0107 \u015bwi\u0119ta \u017cydowskie i muzu\u0142ma\u0144skie.<\/strong> <strong>Co na to tamtejszy Ko\u015bci\u00f3\u0142? Wcale nie stawia takim pomys\u0142om tamy.<\/strong><\/p>\r\n<p>Fundacja Terra Nova to francuski think tank zwi\u0105zany z Parti\u0105 Socjalistyczn\u0105. Instytucja ta opublikowa\u0142a w\u0142a\u015bnie kilkudziesi\u0119ciostronicowy raport pod tytu\u0142em \u201eEmancypacja francuskiego islamu\u201d. Zawarto w nim szokuj\u0105cy postulat zast\u0105pienia w kalendarzu oficjalnych dni wolnych od pracy, kt\u00f3re przypadaj\u0105 w dwa \u015bwi\u0119ta katolickie, \u015bwi\u0119tami innych religii. Zamiast Wielkanocnego Poniedzia\u0142ku i Zes\u0142ania Ducha \u015awi\u0119tego proponuje si\u0119 wolne dni w \u017cydowskie \u015bwi\u0119to Jom Kipur (Dzie\u0144 Pojednania) i muzu\u0142ma\u0144skie Aid-el-Kebir (\u015bwi\u0119to ofiarowania).<\/p>\r\n<p>Wed\u0142ug fundacji socjalist\u00f3w, katolickie \u015bwi\u0119ta s\u0105 ju\u017c tylko zwyczajowo wolne, a zast\u0105pienie ich przez wolne dni w \u015bwi\u0119ta wa\u017cne dla judaizmu i islamu b\u0119dzie okazaniem \u201er\u00f3wnego traktowania wszystkich religii\u201d.<\/p>\r\n<p>Obecne prawo dopuszcza, by pracodawca m\u00f3g\u0142 da\u0107 pracownikowi wolny dzie\u0144 tak\u017ce z powodu \u201ereligijnego\u201d. Dotyczy\u0107 to mo\u017ce Jom Kipur, el-Kebir, ale tak\u017ce np. hinduistycznego \u015bwi\u0119ta Vaisakhi. Dopuszczalne jest to tak\u017ce w sektorze publicznym i administracji, ale za udzieleniem specjalnej zgody.<\/p>\r\n<p>Pomys\u0142 wprowadzenia do kalendarza \u015bwi\u0105t niechrze\u015bcija\u0144skich nie jest we Francji ca\u0142kiem nowy. Dla socjalist\u00f3w \u017ar\u00f3d\u0142a i korzenie Republiki zaczynaj\u0105 si\u0119 dopiero w wieku XVIII razem z rewolucj\u0105 francusk\u0105. Z kolei \u201ereligia\u201d laicyzmu nakazuje r\u00f3wne traktowanie wszystkich wyzna\u0107, wi\u0119c tego typu propozycje wydaj\u0105 si\u0119 naturaln\u0105 konsekwencj\u0105 przyj\u0119tych za\u0142o\u017ce\u0144. Tradycja, historia ponad 1500 lat tego pa\u0144stwa i jego chrze\u015bcija\u0144skich korzeni s\u0105 dla socjalist\u00f3w czym\u015b obcym.<\/p>\r\n<p>W 2012 roku z podobn\u0105 propozycj\u0105 zast\u0119powania \u015bwi\u0105t chrze\u015bcija\u0144skich \u015bwi\u0119tami innych religii obecnych w kraju, wyst\u0105pi\u0142a kandydatka na prezydenta Partii Zielonych Eva Joly. Troch\u0119 wcze\u015bniej by\u0142a te\u017c propozycja wykre\u015blenia z kalendarza trzech dni wolnych od pracy i chodzi\u0142o tu o Wniebowzi\u0119cie NMP, Zes\u0142anie Ducha \u015awi\u0119tego i Bo\u017ce Cia\u0142o, kt\u00f3r\u0105 zg\u0142osi\u0142 przewodnicz\u0105cy stowarzyszenia tzw. \u201eDyrektor\u00f3w kadrowych firm francuskich\u201d (ANDRH) Jean Christophe Siberras. Argumentowa\u0142, \u017ce du\u017ca cz\u0119\u015b\u0107 pracownik\u00f3w nie jest ju\u017c chrze\u015bcijanami i \u015bwi\u0119ta katolickie powinny zosta\u0107 zast\u0105pione trzema dniami wolnymi, kt\u00f3re mo\u017cna by wybra\u0107 w innych dowolnych terminach, np. w \u015bwi\u0119ta innych religii.<\/p>\r\n<p>Pad\u0142a te\u017c propozycja odej\u015bcia od tradycyjnego tygodnia pracy. Zamiast wolnej niedzieli, pracownicy mogliby wybiera\u0107 jako wolne od pracy dowolny dzie\u0144. Wskazywano, \u017ce w wymiarze praktycznym dzi\u0119ki takiemu systemowi unikn\u0119\u0142oby si\u0119&#8230; weekendowych kork\u00f3w.<\/p>\r\n<p>W 2013 mianowana przez premiera Jeana-Marka Ayraulta na dyrektora pa\u0144stwowego Obserwatorium Laicko\u015bci Dounia Bouzar proponowa\u0142a zast\u0105pienie lub co najmniej uzupe\u0142nienie \u015bwi\u0105t Bo\u017cego Narodzenia i Wielkanocy w\u0142a\u015bnie \u017cydowskim Yom Kippur i muzu\u0142ma\u0144skim Aid-el-Kebir. Pomys\u0142y te entuzjastycznie poparli niekt\u00f3rzy francuscy celebryci, jak np. Pierre Berge, wsp\u00f3\u0142pracownik (a prywatnie homoseksualny partner) dyktatora mody Yvesa Saint Laurenta i cz\u0142onek lobby homoseksualnego nad Sekwan\u0105.<\/p>\r\n<p>Berge m\u00f3wi\u0142: \u201ejestem za ca\u0142kowitym usuni\u0119ciem wszystkich \u015bwi\u0105t chrze\u015bcija\u0144skich, \u017cyjemy w epoce rozdzia\u0142u ko\u015bcio\u0142a i pa\u0144stwa. Francja nie jest ju\u017c krajem chrze\u015bcija\u0144skim, \u017cyje tu wielu muzu\u0142man\u00f3w i wyznawc\u00f3w innych religii. Propozycja mi si\u0119 podoba. Nale\u017cy by\u0107 konsekwentnym i z wyj\u0105tkiem Bo\u017cego Narodzenia, kt\u00f3re jest w swoim \u017ar\u00f3dle \u015bwi\u0119tem poga\u0144skim, zlikwidowa\u0107 wszystkie inne chrze\u015bcija\u0144skie \u015bwi\u0119ta (&#8230;) Jest czym\u015b osobliwym, by\u015bmy \u017cyj\u0105c w ustroju republika\u0144skim i laickim, co 15 dni obchodzili jakie\u015b \u015bwi\u0119to chrze\u015bcija\u0144skie\u201d. Berg\u00c3\u00a9 w latach 1977 -1998 by\u0142 dyrektorem teatru Ath\u00c3\u00a9n\u00c3\u00a9e i Opery Bastille (\u201etfurcy\u201d kultury, tak\u017ce w Polsce maj\u0105 rzeczywi\u015bcie si\u0119 kim inspirowa\u0107). Do stycznia 2013 roku by\u0142 te\u017c wydawc\u0105 magazynu dla pederast\u00f3w \u201eTetu\u201d, a w 2010 roku zosta\u0142 jednym z trzech w\u0142a\u015bcicieli wp\u0142ywowego dziennika \u201eLe Monde\u201d.<\/p>\r\n<p>W 2015 roku deputowana socjalistyczna z wyspy Reunion Erica Bareigts zaproponowa\u0142a z kolei poprawk\u0119, by na terytoriach zamorskich Francji \u015bwi\u0119ta katolickie mo\u017cna by\u0142o zast\u0105pi\u0107 \u015bwi\u0119tami lokalnymi. Propozycja ta zosta\u0142a wstrzymana w Senacie. Senator Eric Ciotti argumentowa\u0142 w\u00f3wczas, \u017ce historia i to\u017csamo\u015b\u0107 Francji opieraj\u0105 si\u0119 na cywilizacji judeochrze\u015bcija\u0144skiej. Ostro zareagowali tak\u017ce politycy Frontu Narodowego, uznaj\u0105c ow\u0105 poprawk\u0119 za \u201ezamach na podstawy jedno\u015bci Republiki\u201d. Temat uparcie jednak w kr\u0119gach lewicy powraca i pokazuje na jak z\u0142\u0105 drog\u0119 zesz\u0142a dawna \u201enajstarsza c\u00f3rka Ko\u015bcio\u0142a katolickiego\u201d.<\/p>\r\n<p>Spora jednak w tym wina i samego Ko\u015bcio\u0142a. Dla przyk\u0142adu oficjalny msza\u0142 dla wiernych francuskiego Ko\u015bcio\u0142a katolickiego w 2010 roku wyrzuci\u0142 z tre\u015bci niekt\u00f3re \u015bwi\u0119ta patronalne Francji. Z francuskiego wydania msza\u0142u dla wiernych mo\u017cna by\u0142o za to dowiedzie\u0107 si\u0119, \u017ce 29 listopada przypada\u0142o w tym roku muzu\u0142ma\u0144skie \u015bwi\u0119to Aid al-Kabir, od 12 do 19 grudnia trwa\u0142a \u017cydowska Chanuka, 18 grudnia zaczyna\u0142 si\u0119 nowy rok dla wyznawc\u00f3w islamu, 27 lutego Purim, 12 sierpnia by\u0142 pocz\u0105tek Ramadanu, a 18 wrze\u015bnia \u017cydowski Dzie\u0144 Pojednania, czyli Jom Kippur, za\u015b ostatnia niedziela pa\u017adziernika by\u0142a\u2026 a jak\u017ce \u201e\u015awi\u0119tem Reformacji\u201d.<\/p>\r\n<p>Swego czasu rzecznik francuskiego episkopatu w odpowiedzi na propozycje zmian o\u015bwiadczy\u0142, \u017ce \u201ekatolicy nie s\u0105 w\u0142a\u015bcicielami kalendarza, a republika jest laicka\u201d. Doda\u0142 te\u017c, \u017ce zapewnienie pokoju spo\u0142ecznego wymaga&#8230; tolerancji dla r\u00f3\u017cnorodno\u015bci. Chcieli \u201eekumenizmu\u201d, wi\u0119c teraz lewica laicka zafunduje go w wymiarze realnym.<\/p>\r\n<p><strong><em>Bogdan Dobosz<\/em><\/strong><\/p>","protected":false},"excerpt":{"rendered":"Francuscy socjali\u015bci chc\u0105 wyrugowa\u0107 z \u017cycia publicznego chrze\u015bcija\u0144skie \u015bwi\u0119ta. Wyj\u0105tkiem jest Bo\u017ce Narodzenie i tak ju\u017c postrzegane jako \u201ewywodz\u0105ce si\u0119 z poga\u0144skich \u017ar\u00f3de\u0142\u201d. Uznaj\u0105, \u017ce tego wymaga ustr\u00f3j republika\u0144ski i laicki. W zamian chc\u0105 celebrowa\u0107 \u015bwi\u0119ta \u017cydowskie i muzu\u0142ma\u0144skie. Co na to tamtejszy Ko\u015bci\u00f3\u0142? Wcale nie stawia takim pomys\u0142om tamy. Fundacja Terra Nova to francuski [&hellip;]","protected":false},"author":1,"featured_media":0,"comment_status":"closed","ping_status":"closed","sticky":false,"template":"","format":"standard","meta":{"_acf_changed":false,"_monsterinsights_skip_tracking":false,"_monsterinsights_sitenote_active":false,"_monsterinsights_sitenote_note":"","_monsterinsights_sitenote_category":0,"ngg_post_thumbnail":0,"footnotes":"","_wp_rev_ctl_limit":""},"categories":[6],"tags":[132,191,70,101],"acf":[],"_links":{"self":[{"href":"https:\/\/www.bibula.com\/index.php?rest_route=\/wp\/v2\/posts\/94428"}],"collection":[{"href":"https:\/\/www.bibula.com\/index.php?rest_route=\/wp\/v2\/posts"}],"about":[{"href":"https:\/\/www.bibula.com\/index.php?rest_route=\/wp\/v2\/types\/post"}],"author":[{"embeddable":true,"href":"https:\/\/www.bibula.com\/index.php?rest_route=\/wp\/v2\/users\/1"}],"replies":[{"embeddable":true,"href":"https:\/\/www.bibula.com\/index.php?rest_route=%2Fwp%2Fv2%2Fcomments&post=94428"}],"version-history":[{"count":0,"href":"https:\/\/www.bibula.com\/index.php?rest_route=\/wp\/v2\/posts\/94428\/revisions"}],"wp:attachment":[{"href":"https:\/\/www.bibula.com\/index.php?rest_route=%2Fwp%2Fv2%2Fmedia&parent=94428"}],"wp:term":[{"taxonomy":"category","embeddable":true,"href":"https:\/\/www.bibula.com\/index.php?rest_route=%2Fwp%2Fv2%2Fcategories&post=94428"},{"taxonomy":"post_tag","embeddable":true,"href":"https:\/\/www.bibula.com\/index.php?rest_route=%2Fwp%2Fv2%2Ftags&post=94428"}],"curies":[{"name":"wp","href":"https:\/\/api.w.org\/{rel}","templated":true}]}}