{"id":94412,"date":"2017-03-10T15:24:27","date_gmt":"2017-03-10T20:24:27","guid":{"rendered":"http:\/\/www.bibula.com\/?p=94412"},"modified":"2017-03-10T15:26:26","modified_gmt":"2017-03-10T20:26:26","slug":"wypowiemy-wojne-kazdemu-ale-nie-aborcjonistom","status":"publish","type":"post","link":"https:\/\/www.bibula.com\/?p=94412","title":{"rendered":"Wypowiemy wojn\u0119 ka\u017cdemu. Ale nie aborcjonistom"},"content":{"rendered":"<p><strong>Ca\u0142a wojenka zwi\u0105zana z obsad\u0105 fotela przewodnicz\u0105cego Rady Europejskiej utwierdza w przekonaniu, \u017ce je\u015bli ugrupowaniu Jaros\u0142awa Kaczy\u0144skiemu na czym\u015b naprawd\u0119 zale\u017cy, jest gotowe \u201ep\u00f3j\u015b\u0107 na no\u017ce\u201d. I to z ca\u0142ym \u015bwiatem, a przynajmniej z elitami rz\u0105dz\u0105cymi UE. Po raz kolejny wi\u0119c pojawia si\u0119 pytanie: dlaczego w przypadku obrony \u017cycia nienarodzonych tej determinacji i odwagi zabrak\u0142o. <\/strong><\/p>\r\n<p>Sprawa reelekcji Donalda Tuska rozgrza\u0142a polityczne emocje. Parlamentarni oponenci z PiS i PO kolejnymi wypowiedziami dolewali oliwy do ognia. A przecie\u017c stawka, o kt\u00f3r\u0105 toczy\u0142a si\u0119 gor\u0105ca batalia by\u0142a \u015bmiesznie niska. Kim bowiem jest przewodnicz\u0105cy Rady Europejskiej? Bez wzgl\u0119du z jakiego kraju pochodzi osoba zasiadaj\u0105ca w tym fotelu, pozostaje przecie\u017c wy\u0142\u0105cznie pacynk\u0105 w r\u0119kach faktycznych decydent\u00f3w trzymaj\u0105cych ster w\u0142adzy w UE.<\/p>\r\n<p>Warto przypomnie\u0107, i\u017c kiedy Donald Tusk zosta\u0142 wybrany na wspomniany eurourz\u0105d po raz pierwszy, PiS i wspieraj\u0105cy t\u0105 parti\u0119 publicy\u015bci robili co mogli, aby zdeprecjonowa\u0107 wag\u0119 tej elekcji. Powietrze przecina\u0142y w\u00f3wczas &#8211; doskonale obna\u017caj\u0105ce prawd\u0119 o nowej fusze by\u0142ego premiera &#8211; \u017carty o \u201ekr\u00f3lu Europy\u201d, czy \u201ego\u015bciu, kt\u00f3ry b\u0119dzie parzy\u0142 kaw\u0119 eurokratom\u201d. Czy co\u015b si\u0119 zmieni\u0142o od tego czasu? Czy Rada Europejska otrzyma\u0142a jakie\u015b wyj\u0105tkowe kompetencj\u0119? Wreszcie, czy w unijnej uk\u0142adance zmieni\u0142 si\u0119 uk\u0142ad si\u0142? Oczywi\u015bcie, \u017ce nie! UE od dawna jest sterowana z Berlina, a prymat niemieckich interes\u00f3w stanowi w unijnych strukturach <em>suprema lex<\/em>. Nic nowego.<\/p>\r\n<p>W tym kontek\u015bcie, pojawiaj\u0105ce si\u0119 dzi\u015b, a p\u0142yn\u0105ce z sympatyzuj\u0105cych z parti\u0105 rz\u0105dz\u0105c\u0105 medi\u00f3w utyskiwania, m\u00f3wi\u0105ce o niemieckim dyktacie oraz o zwi\u0105zkach Donalda Tuska z Berlinem, brzmi\u0105 co najmniej niepowa\u017cnie. Unosz\u0105cy si\u0119 j\u0119k zawodu i rzucanie coraz mocniejszych s\u0142\u00f3w adresowanych pod adresem nieogl\u0105daj\u0105cej si\u0119 na niczyje zdanie euromachiny mo\u017cna skomentowa\u0107 kr\u00f3tkim: a co w tym zaskakuj\u0105cego? Czy\u017c wcze\u015bniej nie by\u0142o to <em>oczywist\u0105 oczywisto\u015bci\u0105<\/em>? Dlaczego teraz tak bardzo si\u0119 oburzacie?<\/p>\r\n<p>Jeszcze zabawniej brzmi\u0105 tn\u0105ce medialn\u0105 przestrze\u0144 wyrazy zawodu z powodu postawy premiera Orbana i Grupy Wyszehradzkiej, kt\u00f3rzy to nie poparli polskiego kandydata do fotela przewodnicz\u0105cego RE, Jacka Saryusz-Wolskiego. Trudno dociec, czego spodziewa\u0142y si\u0119 zast\u0119py \u201ezawiedzonych\u201d. Wszak nie od dzi\u015b wiadomo, \u017ce <span class=\"pullquote\">pa\u0144stwa nie maj\u0105 przyjaci\u00f3\u0142 tylko interesy\u2026 <\/span> Czy postrzegany jako <em>geniusz strategii<\/em> prezes Jaros\u0142aw Kaczy\u0144ski m\u00f3g\u0142 o tym zapomnie\u0107?<\/p>\r\n<p>Na ca\u0142\u0105 t\u0105 rozgrywaj\u0105ca si\u0119 na naszych oczach eurohucp\u0119 warto spojrze\u0107 z perspektywy politycznych priorytet\u00f3w. Tak, o priorytety w\u0142asnej partii politycy PiS potrafi\u0105 toczy\u0107 zaciek\u0142e boje. Nie nale\u017c\u0105 do nich niestety sprawy wa\u017cne dla katolik\u00f3w &#8211; a przede wszystkim ochrona \u017cycia nienarodzonych. Przypomnijmy sobie, jakie argumenty wystarczy\u0142y aby PiS utr\u0105ci\u0142 obywatelsk\u0105 inicjatyw\u0119 \u201eStop aborcji\u201d? M\u00f3wiono, \u017ce to spowoduje konflikty, \u017ce trzeba uwa\u017ca\u0107 na efekty \u201eczarnych marsz\u00f3w\u201d, \u017ce trudno i\u015b\u0107 na wojn\u0119 na wszystkich frontach, \u017ce trzeba do wszystkich decyzji podchodzi\u0107 z rozwag\u0105 itp.<\/p>\r\n<p>Obserwuj\u0105c determinacj\u0119 z jak\u0105 PiS podszed\u0142 do kwestii obsady ma\u0142o znacz\u0105cego eurofotela i afer\u0119 jak\u0105 z tego powodu rozp\u0119ta\u0142 w Europie, coraz bardziej oczywistym staje si\u0119, \u017ce w sprawie zakazu aborcji feministyczne manifestacje stanowi\u0142y tylko wygodn\u0105 wym\u00f3wk\u0119. Gdy bowiem prezesowi PiS na czym\u015b zale\u017cy &#8211; czy to na przej\u0119ciu Trybuna\u0142u Konstytucyjnego czy te\u017c na upokorzeniu osobistego wroga &#8211; b\u0119dzie ku temu d\u0105\u017cy\u0142 nie zwracaj\u0105c uwagi na media, protesty i lewak\u00f3w na ulicach.<\/p>\r\n<p>Ju\u017c wkr\u00f3tce bitewny kurz opadnie. Jednak w krajobrazie, kt\u00f3ry si\u0119 uka\u017ce naszym oczom, wci\u0105\u017c b\u0119dzie miejsce dla morderczego procederu aborcji. No, ale co tam dzieci nienarodzone, skoro eurokratom zadali\u015bmy bobu!<\/p>\r\n<p><strong><em>\u0141ukasz Karpiel<\/em><\/strong><\/p>","protected":false},"excerpt":{"rendered":"Ca\u0142a wojenka zwi\u0105zana z obsad\u0105 fotela przewodnicz\u0105cego Rady Europejskiej utwierdza w przekonaniu, \u017ce je\u015bli ugrupowaniu Jaros\u0142awa Kaczy\u0144skiemu na czym\u015b naprawd\u0119 zale\u017cy, jest gotowe \u201ep\u00f3j\u015b\u0107 na no\u017ce\u201d. I to z ca\u0142ym \u015bwiatem, a przynajmniej z elitami rz\u0105dz\u0105cymi UE. Po raz kolejny wi\u0119c pojawia si\u0119 pytanie: dlaczego w przypadku obrony \u017cycia nienarodzonych tej determinacji i odwagi zabrak\u0142o. [&hellip;]","protected":false},"author":1,"featured_media":0,"comment_status":"closed","ping_status":"closed","sticky":false,"template":"","format":"standard","meta":{"_acf_changed":false,"_monsterinsights_skip_tracking":false,"_monsterinsights_sitenote_active":false,"_monsterinsights_sitenote_note":"","_monsterinsights_sitenote_category":0,"ngg_post_thumbnail":0,"footnotes":"","_wp_rev_ctl_limit":""},"categories":[9],"tags":[94,98,37],"acf":[],"_links":{"self":[{"href":"https:\/\/www.bibula.com\/index.php?rest_route=\/wp\/v2\/posts\/94412"}],"collection":[{"href":"https:\/\/www.bibula.com\/index.php?rest_route=\/wp\/v2\/posts"}],"about":[{"href":"https:\/\/www.bibula.com\/index.php?rest_route=\/wp\/v2\/types\/post"}],"author":[{"embeddable":true,"href":"https:\/\/www.bibula.com\/index.php?rest_route=\/wp\/v2\/users\/1"}],"replies":[{"embeddable":true,"href":"https:\/\/www.bibula.com\/index.php?rest_route=%2Fwp%2Fv2%2Fcomments&post=94412"}],"version-history":[{"count":0,"href":"https:\/\/www.bibula.com\/index.php?rest_route=\/wp\/v2\/posts\/94412\/revisions"}],"wp:attachment":[{"href":"https:\/\/www.bibula.com\/index.php?rest_route=%2Fwp%2Fv2%2Fmedia&parent=94412"}],"wp:term":[{"taxonomy":"category","embeddable":true,"href":"https:\/\/www.bibula.com\/index.php?rest_route=%2Fwp%2Fv2%2Fcategories&post=94412"},{"taxonomy":"post_tag","embeddable":true,"href":"https:\/\/www.bibula.com\/index.php?rest_route=%2Fwp%2Fv2%2Ftags&post=94412"}],"curies":[{"name":"wp","href":"https:\/\/api.w.org\/{rel}","templated":true}]}}