{"id":94410,"date":"2017-03-10T15:22:26","date_gmt":"2017-03-10T20:22:26","guid":{"rendered":"http:\/\/www.bibula.com\/?p=94410"},"modified":"2017-03-10T15:22:26","modified_gmt":"2017-03-10T20:22:26","slug":"zgrzyt-na-linii-warszawa-budapeszt-msz-odwoluje-wizyte-wiceministra","status":"publish","type":"post","link":"https:\/\/www.bibula.com\/?p=94410","title":{"rendered":"Zgrzyt na linii Warszawa-Budapeszt? MSZ odwo\u0142uje wizyt\u0119 wiceministra"},"content":{"rendered":"<p><strong>Ministerstwo Spraw Zagranicznych odwo\u0142a\u0142o wizyt\u0119 wiceministra Jana Dziedziczaka, kt\u00f3ry mia\u0142 wzi\u0105\u0107 udzia\u0142 m.in. w obchodach Narodowego \u015awi\u0119ta W\u0119gier. Jak wynika z pisma wydanego przez polsk\u0105 ambasad\u0119 w Budapeszcie, powodem absencji wiceszefa MSZ s\u0105 wa\u017cne i nag\u0142e zadania. Co ciekawe, w podobny spos\u00f3b zachowa\u0142a si\u0119 strona w\u0119gierska. Orsolya Zsuzsanna Kovacs, ambasador W\u0119gier w Polsce, odwo\u0142a\u0142a w ostatniej chwili sw\u0105 wizyt\u0119 w studiu TVP Info.<\/strong><\/p>\r\n<p>Informacj\u0119 o odwo\u0142aniu wizyty wiceministra spraw zagranicznych poda\u0142 reporter RMF24, kt\u00f3ry powo\u0142uje si\u0119 na pismo wystawione w polskiej ambasadzie w Budapeszcie. Jak wynika z jego tre\u015bci, wiceszef MSZ Jan Dziedziczak musia\u0142 zrezygnowa\u0107 z udzia\u0142u w Narodowym \u015awi\u0119cie W\u0119gier z powodu \u201ewa\u017cnych i nag\u0142ych zada\u0144\u201d. Niestety nie ujawniono o jakie zadania dok\u0142adnie chodzi. Nie podano r\u00f3wnie\u017c \u017cadnych innych szczeg\u00f3\u0142\u00f3w zwi\u0105zanych z wizyt\u0105, a tak\u017ce nie ustalono ewentualnego pobytu wiceministra w innych dniach.<\/p>\r\n<p>Biuro prasowe Ministerstwa Spraw Zagranicznych tak\u017ce lakonicznie informuje o odwo\u0142aniu wizyty Jana Dziedziczaka na W\u0119grzech, a powodem maj\u0105 by\u0107 \u201einne zobowi\u0105zania\u201d. Z komunikatu jednak dowiadujemy si\u0119, \u017ce wizyta zostaje przesuni\u0119ta, cho\u0107 rzecznik prasowy nie podaje nowej daty wyjazdu do Budapesztu.<\/p>\r\n<p>Co ciekawe, jako pewien rewan\u017c mo\u017cna odczytywa\u0107 decyzj\u0119 ambasador W\u0119gier w Warszawie. Orsolya Zsuzsanna Kovacs, kt\u00f3ra odebra\u0142a list uwierzytelniaj\u0105cy zaledwie tydzie\u0144 temu, w ostatniej chwili odwo\u0142a\u0142a swoj\u0105 wizyt\u0119 w studiu TVP Info. O sprawie poinformowa\u0142 dziennikarz Samuel Pereira.<\/p>\r\n<p>Jak ustali\u0142 reporter RMF FM, Victor Orban popar\u0142 kandydatur\u0119 Donalda Tuska w zamian za wsparcie i zatwierdzenie finansowania w\u0119gierskiej elektrowni w mie\u015bcie Paks na W\u0119grzech. &#8211; M\u00f3wi si\u0119 po cichu &#8211; oczywi\u015bcie opozycja m\u00f3wi &#8211; \u017ce by\u0107 mo\u017ce Viktor Orban jakby zhandlowa\u0142 stanowisko dla Tuska w\u0142a\u015bnie za to poparcie, za ten brak krytyki &#8211; komentuje Robert Pi\u0119tka.<\/p>\r\n<p>Pierwotnie publicy\u015bci podkre\u015blali, \u017ce sprzeciw wobec kandydatury Donalda Tuska wyrazi opr\u00f3cz Polski tak\u017ce premier W\u0119gier.<\/p>\r\n<p>\u0179r\u00f3d\u0142o: rmf24.pl<\/p>\r\n<p>WMa<\/p>","protected":false},"excerpt":{"rendered":"Ministerstwo Spraw Zagranicznych odwo\u0142a\u0142o wizyt\u0119 wiceministra Jana Dziedziczaka, kt\u00f3ry mia\u0142 wzi\u0105\u0107 udzia\u0142 m.in. w obchodach Narodowego \u015awi\u0119ta W\u0119gier. Jak wynika z pisma wydanego przez polsk\u0105 ambasad\u0119 w Budapeszcie, powodem absencji wiceszefa MSZ s\u0105 wa\u017cne i nag\u0142e zadania. Co ciekawe, w podobny spos\u00f3b zachowa\u0142a si\u0119 strona w\u0119gierska. Orsolya Zsuzsanna Kovacs, ambasador W\u0119gier w Polsce, odwo\u0142a\u0142a w [&hellip;]","protected":false},"author":1,"featured_media":0,"comment_status":"closed","ping_status":"closed","sticky":false,"template":"","format":"standard","meta":{"_acf_changed":false,"_monsterinsights_skip_tracking":false,"_monsterinsights_sitenote_active":false,"_monsterinsights_sitenote_note":"","_monsterinsights_sitenote_category":0,"ngg_post_thumbnail":0,"footnotes":"","_wp_rev_ctl_limit":""},"categories":[8],"tags":[98,179],"acf":[],"_links":{"self":[{"href":"https:\/\/www.bibula.com\/index.php?rest_route=\/wp\/v2\/posts\/94410"}],"collection":[{"href":"https:\/\/www.bibula.com\/index.php?rest_route=\/wp\/v2\/posts"}],"about":[{"href":"https:\/\/www.bibula.com\/index.php?rest_route=\/wp\/v2\/types\/post"}],"author":[{"embeddable":true,"href":"https:\/\/www.bibula.com\/index.php?rest_route=\/wp\/v2\/users\/1"}],"replies":[{"embeddable":true,"href":"https:\/\/www.bibula.com\/index.php?rest_route=%2Fwp%2Fv2%2Fcomments&post=94410"}],"version-history":[{"count":0,"href":"https:\/\/www.bibula.com\/index.php?rest_route=\/wp\/v2\/posts\/94410\/revisions"}],"wp:attachment":[{"href":"https:\/\/www.bibula.com\/index.php?rest_route=%2Fwp%2Fv2%2Fmedia&parent=94410"}],"wp:term":[{"taxonomy":"category","embeddable":true,"href":"https:\/\/www.bibula.com\/index.php?rest_route=%2Fwp%2Fv2%2Fcategories&post=94410"},{"taxonomy":"post_tag","embeddable":true,"href":"https:\/\/www.bibula.com\/index.php?rest_route=%2Fwp%2Fv2%2Ftags&post=94410"}],"curies":[{"name":"wp","href":"https:\/\/api.w.org\/{rel}","templated":true}]}}