{"id":94408,"date":"2017-03-10T15:19:48","date_gmt":"2017-03-10T20:19:48","guid":{"rendered":"http:\/\/www.bibula.com\/?p=94408"},"modified":"2017-03-10T15:19:48","modified_gmt":"2017-03-10T20:19:48","slug":"dialog-brukselski-szydlo-mamy-zasady-hollande-a-my-fundusze-strukturalne","status":"publish","type":"post","link":"https:\/\/www.bibula.com\/?p=94408","title":{"rendered":"Dialog brukselski. Szyd\u0142o: Mamy zasady. Hollande: A my fundusze strukturalne"},"content":{"rendered":"<p><strong>Odmowa przyj\u0119cia wniosk\u00f3w szczytu Unii Europejskiej przez premier Beat\u0105 Szyd\u0142o spotka\u0142o si\u0119 z ma\u0142o zawoalowan\u0105 gro\u017ab\u0105 prezydenta Francji.<\/strong><\/p>\r\n<p>Podczas szczytu przyw\u00f3dc\u00f3w pa\u0144stw Unii odnowiono mandat przewodnicz\u0105cego Rady Europejskiej Donalda Tuska, pomimo polskiego sprzeciwu. Z powodu odm\u00f3wienia przez Polsk\u0119 poparcia wniosku uchwalono <em>konkluzje przewodnicz\u0105cego Rady Europejskiej<\/em>, kt\u00f3re popar\u0142o 27 pa\u0144stw.<\/p>\r\n<p>Beata Szyd\u0142o zaznacza\u0142a jeszcze jeszcze przed ko\u0144cem brukselskiego szczytu, \u017ce uwa\u017ce nieprzyj\u0119cie wniosk\u00f3w przez wszystkie pa\u0144stwa UE doprowadzi do niewa\u017cono\u015bci szczytu. Innego zdania s\u0105 unijni dyplomci, kt\u00f3rzy przekonuj\u0105m \u017ce takie dzia\u0142ania nie maj\u0105 znaczenia z punktu widzenia legalno\u015bci wyboru Tuska, gdy\u017c decyzja w tej sprawie jest podejmowana przez przyw\u00f3dc\u00f3w wi\u0119kszo\u015bci\u0105 kwalifikowan\u0105. Ich zdaniem wnioski to jedynie wytyczna polityczna, a nie akt prawny sam w sobie.<\/p>\r\n<ul>\r\n\t<li><strong>CZYTAJ TAK\u0179E:<br>\r\n <a href=\"http:\/\/www.kresy.pl\/wydarzenia,europa-zachodnia?zobacz\/donald-tusk-ponownie-wybrany-na-szefa-rady-europejskiej\">Donald Tusk ponownie wybrany na szefa Rady Europejskiej<\/a><\/strong><\/li>\r\n<\/ul>\r\n<p>Pomimo to na zako\u0144czenie szczytu Szyd\u0142o stwierdzi\u0142a, \u017ce nie poprze wniosk\u00f3w. Mia\u0142 jej odpowiedzie\u0107 premier Belgii Charles Michael, kt\u00f3ry mia\u0142 nazwa\u0107 przenoszenie spor\u00f3w wewn\u0119trznych na forum UE <em>dziecinnym podej\u015bciem. <\/em>Szyd\u0142o w odpowiedzi stwierdzi\u0142a, \u017ce odwo\u0142uje si\u0119 do podstawowych zasad, kt\u00f3re powinny obwi\u0105zywa\u0107 w UE. do dyskusji w\u0142\u0105czy\u0142 si\u0119 prezydent Francji Francois Hollande, kt\u00f3ry &#8211; wed\u0142ug relacji dyplomat\u00f3w &#8211; mia\u0142 wypowiedzie\u0107 s\u0142owa: <strong><em>wy macie zasady, my mamy fundusze strukturalne<\/em><\/strong>.<\/p>\r\n<p>Nieprzyj\u0119cie wniosk\u00f3w skrytykowali r\u00f3wnie\u017c kanclerz Niemiec Angela Merkel oraz premier Luksemburga Xavier Bettel.<\/p>\r\n<p>kresy.pl \/ radiomaryja.pl<\/p>","protected":false},"excerpt":{"rendered":"Odmowa przyj\u0119cia wniosk\u00f3w szczytu Unii Europejskiej przez premier Beat\u0105 Szyd\u0142o spotka\u0142o si\u0119 z ma\u0142o zawoalowan\u0105 gro\u017ab\u0105 prezydenta Francji. Podczas szczytu przyw\u00f3dc\u00f3w pa\u0144stw Unii odnowiono mandat przewodnicz\u0105cego Rady Europejskiej Donalda Tuska, pomimo polskiego sprzeciwu. Z powodu odm\u00f3wienia przez Polsk\u0119 poparcia wniosku uchwalono konkluzje przewodnicz\u0105cego Rady Europejskiej, kt\u00f3re popar\u0142o 27 pa\u0144stw. Beata Szyd\u0142o zaznacza\u0142a jeszcze jeszcze przed [&hellip;]","protected":false},"author":1,"featured_media":0,"comment_status":"closed","ping_status":"closed","sticky":false,"template":"","format":"standard","meta":{"_acf_changed":false,"_monsterinsights_skip_tracking":false,"_monsterinsights_sitenote_active":false,"_monsterinsights_sitenote_note":"","_monsterinsights_sitenote_category":0,"ngg_post_thumbnail":0,"footnotes":"","_wp_rev_ctl_limit":""},"categories":[6],"tags":[65,23,191],"acf":[],"_links":{"self":[{"href":"https:\/\/www.bibula.com\/index.php?rest_route=\/wp\/v2\/posts\/94408"}],"collection":[{"href":"https:\/\/www.bibula.com\/index.php?rest_route=\/wp\/v2\/posts"}],"about":[{"href":"https:\/\/www.bibula.com\/index.php?rest_route=\/wp\/v2\/types\/post"}],"author":[{"embeddable":true,"href":"https:\/\/www.bibula.com\/index.php?rest_route=\/wp\/v2\/users\/1"}],"replies":[{"embeddable":true,"href":"https:\/\/www.bibula.com\/index.php?rest_route=%2Fwp%2Fv2%2Fcomments&post=94408"}],"version-history":[{"count":0,"href":"https:\/\/www.bibula.com\/index.php?rest_route=\/wp\/v2\/posts\/94408\/revisions"}],"wp:attachment":[{"href":"https:\/\/www.bibula.com\/index.php?rest_route=%2Fwp%2Fv2%2Fmedia&parent=94408"}],"wp:term":[{"taxonomy":"category","embeddable":true,"href":"https:\/\/www.bibula.com\/index.php?rest_route=%2Fwp%2Fv2%2Fcategories&post=94408"},{"taxonomy":"post_tag","embeddable":true,"href":"https:\/\/www.bibula.com\/index.php?rest_route=%2Fwp%2Fv2%2Ftags&post=94408"}],"curies":[{"name":"wp","href":"https:\/\/api.w.org\/{rel}","templated":true}]}}