{"id":94320,"date":"2017-03-08T09:57:31","date_gmt":"2017-03-08T14:57:31","guid":{"rendered":"http:\/\/www.bibula.com\/?p=94320"},"modified":"2017-03-08T09:57:31","modified_gmt":"2017-03-08T14:57:31","slug":"idea-diakonatu-kobiet-wciaz-ma-wplywowych-zwolennikow","status":"publish","type":"post","link":"https:\/\/www.bibula.com\/?p=94320","title":{"rendered":"Idea diakonatu kobiet wci\u0105\u017c ma wp\u0142ywowych zwolennik\u00f3w"},"content":{"rendered":"<p><strong>Papie\u017c Franciszek wypowiedzia\u0142 si\u0119 o roli kobiet w Ko\u015bciele. Powo\u0142a\u0142 si\u0119 na dokumenty magisterium Jana Paw\u0142a II, z kt\u00f3rych jednoznacznie wynika, \u017ce kobiety nie mog\u0105 by\u0107 kap\u0142anami ani diakonami. Mimo tego w Watykanie dyskusja na temat diakonis wcale si\u0119 nie zako\u0144czy\u0142a. Sprzeczn\u0105 z katolick\u0105 Tradycj\u0105 inicjatyw\u0119 nadal pr\u00f3buj\u0105 promowa\u0107 bardzo wp\u0142ywowe \u015brodowiska. Oliwy do ognia do\u0142o\u017cy\u0142 ostatnio kardyna\u0142 Ravasi, wypowiadaj\u0105c si\u0119 o idei diakonatu kobiet inaczej ni\u017c papie\u017c.<\/strong><\/p>\r\n<p>Kwestia kobiet-diakon\u00f3w, a tak\u017ce kobiet-kap\u0142an\u00f3w, mog\u0142aby by\u0107 uwa\u017cana w Ko\u015bciele za science-fiction, gdyby nie wypowied\u017a papie\u017ca Franciszka z 12 maja 2016 roku. Podczas spotkania z przedstawicielkami ameryka\u0144skich zakonnic Ojciec \u015awi\u0119ty zapowiedzia\u0142, \u017ce przygotowuje si\u0119 do utworzenia komisji do zbadania funkcjonowania diakonis w pierwszych wiekach Ko\u015bcio\u0142a. By\u0142a to odpowied\u017a na zapytanie skierowane przez te w\u0142a\u015bnie zakonnice do Watykanu, dotycz\u0105ce mo\u017cliwo\u015bci pe\u0142nienia przez kobiety roli diakonis w Ko\u015bciele XXI wieku.<\/p>\r\n<p>Steve Skojec na stronach portalu \u201eonepeterfive.com\u201d podkre\u015bla, \u017ce do tego rewolucyjnego rozwi\u0105zania pozytywnie odni\u00f3s\u0142 si\u0119 kardyna\u0142 Walter Kasper &#8211; bardzo wa\u017cny autorytet dla Ojca \u015awi\u0119tego. Niemiecki hierarcha podni\u00f3s\u0142 t\u0119 kwesti\u0119 w wywiadzie udzielonym dziennikarzom gazety \u201eLa Repubblica\u201d: \u201eB\u0119dzie to ostra debata, jak s\u0105dz\u0119. W tej kwestii Ko\u015bci\u00f3\u0142 jest podzielony od \u015brodka\u201d. Kasper jako jeden z najbardziej wp\u0142ywowych i liberalnych zarazem g\u0142os\u00f3w w Ko\u015bciele Katolickim powiedzia\u0142, \u017ce Papie\u017c Franciszek&nbsp; zainteresowa\u0142 si\u0119 kwesti\u0105 diakonis po latach wnoszenia postulat\u00f3w, jakoby kobiety powinny pe\u0142ni\u0107 wi\u0119ksz\u0105 rol\u0119 w Ko\u015bciele. \u201eOsobi\u015bcie nie mam w tej kwestii jasnego stanowiska, ale jestem otwarty i gotowy na innowacj\u0119\u201d, stwierdzi\u0142 kard. Kasper, po czym doda\u0142: \u201eJe\u015bli spojrze\u0107 na to co dzia\u0142o si\u0119 w przesz\u0142o\u015bci, doprowadzi\u0142oby to do powiedzenia nie (dla diakonis). Jednak wszystko jest mo\u017cliwe\u201d. &nbsp;&nbsp;<\/p>\r\n<p>\u201eW tamtym czasie nie spodziewa\u0142em si\u0119 znacz\u0105cych zmian w kwestii diakonis\u201d, pisze Skojec. Autor uwa\u017ca\u0142, \u017ce samo powo\u0142anie Komisji niczego nie zmieni, poza podejmowaniem kolejnych pr\u00f3b analizowania tej \u201ehistorycznej\u201d sprawy. Pocz\u0105tkowo mog\u0142o si\u0119 wydawa\u0107, \u017ce Skojec mia\u0142 racj\u0119, poniewa\u017c poza kr\u00f3tkim poruszeniem w mediach katolickich sprawa przycich\u0142a w obliczu kontrowersji zwi\u0105zanych z adhortacj\u0105 <em>Amoris Laetitia<\/em>. Jednak\u017ce w cieniu tych wydarze\u0144 komisja badaj\u0105ca spraw\u0119 diakonis zosta\u0142a ustanowiona w sierpniu 2016 roku i rozpocz\u0119\u0142a prac\u0119, kt\u00f3rej przeb\u0142yski wida\u0107 dzisiaj, pisze Skojec. W maju 2016 roku dr Stefan Sander, niemiecki teolog i dyrektor zarz\u0105dzaj\u0105cy Mi\u0119dzynarodowego Centrum Diakonatu w Rottenburgu zosta\u0142 przyj\u0119ty na audiencji u papie\u017ca.&nbsp;Sander, znany jako zwolennik wprowadzenia instytucji \u017ce\u0144skiego diakonatu, w tym samym miesi\u0105cu ujawni\u0142 raport w niemieckim oddziale Radia Watyka\u0144skiego, kt\u00f3ry zatytu\u0142owa\u0142: \u201eKo\u015bci\u00f3\u0142 potrzebuje kobiet w roli diakonis\u201d. Jak swego czasu napisa\u0142a Maike Hickson, autorka wsp\u00f3\u0142pracuj\u0105ca z portalem &#8222;onepeterfive.com\u201d:&nbsp;\u201eSander twierdzi obecnie, zgodnie z katholisch.de, \u017ce <em>nie&nbsp; istniej\u0105 dogmatyczne zastrze\u017cenia wykluczaj\u0105ce kobiety z diakonatu<\/em>\u201d. Jak stwierdzi\u0142 sam Sander w rozmowie z Radiem Watyka\u0144skim: \u201ediakonalny Ko\u015bci\u00f3\u0142 potrzebuje diakon\u00f3w, i diakonalny Ko\u015bci\u00f3\u0142 potrzebuje kobiet\u201d, w kolejnej wypowiedzi doda\u0142 za\u015b: \u201ew moim przekonaniu, ten Ko\u015bci\u00f3\u0142 r\u00f3wnie\u017c potrzebuje kobiet jako diakonis\u201d.<\/p>\r\n<p>Skojec zauwa\u017ca, \u017ce w czerwcu 2016 roku dosz\u0142o do kolejnego zdarzenia, kt\u00f3re powinno zwr\u00f3ci\u0107 nasz\u0105 uwag\u0119. W Rzymie odby\u0142o si\u0119 bowiem spotkanie grupy \u201eWomen\u2019s Ordination Worldwide\u201d (WOW), pracuj\u0105cej na rzecz r\u00f3wno\u015bci kobiet i instytucji \u015bwi\u0119ce\u0144 w Ko\u015bciele Katolickim. Biskup Rzymu otrzyma\u0142 petycj\u0119 zawieraj\u0105c\u0105 troski i obawy cz\u0142onk\u00f3w tej\u017ce grupy. Uzyskali oni r\u00f3wnie\u017c audiencj\u0119 u watyka\u0144skiego Sekretarza Stanu, poza tym mogli protestowa\u0107 w ogrodach Castel Sant\u2019Angelo w tym samym czasie kiedy Papie\u017c&nbsp; sprawowa\u0142 jubileuszow\u0105 Msz\u0119 \u015bwi\u0119t\u0105 dla kap\u0142an\u00f3w na Palcu \u015awi\u0119tego Piotra. Jakby tego by\u0142o ma\u0142o cz\u0142onkowie grupy \u201eWomen\u2019s Ordination Worldwide\u201d, jako symboliczny gest, otrzymali wej\u015bci\u00f3wki na wspomnian\u0105 wcze\u015bniej Msz\u0119 \u015awi\u0119t\u0105 sprawowan\u0105 przez papie\u017ca Franciszka. Komentuj\u0105c to wydarzenie Kate McElwee, dyrektor wykonawczy Konferencji Women\u2019s Ordination i jej cz\u0142onkini stwierdzi\u0142a: \u201eUwa\u017cali\u015bmy, \u017ce Jubileusz Kap\u0142a\u0144stwa by\u0142 doskona\u0142ym czasem do prawdziwego ofiarowania i \u015bwi\u0119towania dla wszystkich kobiet powo\u0142anych do kap\u0142a\u0144stwa\u201d, po czym doda\u0142a \u201enaprawd\u0119 pragn\u0119li\u015bmy tego jako \u015bwi\u0119ta i prawdziwej rozmowy kobiet w Ko\u015bciele\u201d.&nbsp;<\/p>\r\n<p>Kolejnym wydarzeniem na kt\u00f3re zwraca uwag\u0119 Skojec jest o\u015bwiadczenie wydane przez Centralny Komitet Niemieckich Katolik\u00f3w (Zentralrat der Deutschen Katholiken &#8211; ZDK) w sierpniu 2016 roku.&nbsp; Nale\u017cy podkre\u015bli\u0107, \u017ce jest to najwi\u0119ksza \u015bwiecka organizacja w tym kraju, kt\u00f3ra opowiedzia\u0142a si\u0119 za z\u0142agodzeniem zasad celibatu kap\u0142a\u0144skiego w odpowiedzi na rosn\u0105cy kryzys powo\u0142aniowy w Niemczech. ZDK zaproponowa\u0142o r\u00f3wnie\u017c kontynuowanie dyskusji nad ide\u0105 \u017ce\u0144skich diakon\u00f3w.<\/p>\r\n<p>Problem z\u0142agodzenia zasad celibatu zosta\u0142 kolejny raz podniesiony we wrze\u015bniu 2016 roku w dw\u00f3ch osobnych raportach watykanist\u00f3w &#8211; Marco Tosattiego oraz Sandro Magistra. \u201ePomimo, \u017ce kwestia diakonis nie zosta\u0142a szczeg\u00f3lnie uwzgl\u0119dniona w tych raportach, nie nale\u017cy do rzadko\u015bci przenikanie si\u0119 wezwa\u0144 do z\u0142agodzenia zasad celibatu kap\u0142a\u0144skiego i ruch\u00f3w w kierunku \u017ce\u0144skiego diakonatu, takich jak tych zawartych w o\u015bwiadczeniu ZDK\u201d, zauwa\u017ca Skojec.&nbsp;<\/p>\r\n<p>Wspomniana ju\u017c wcze\u015bniej Maike Hickson, w swoim t\u0142umaczeniu wywiadu udzielonego niemieckiej gazecie K\u00f6lner Stadt-Anzeiger przez Leonardo Boffa w grudniu 2016 roku wskazuje na pewn\u0105 obserwacj\u0119 Boff\u2019a: \u201e[Boff]: Tylko niedawno, kardyna\u0142 Walter Kasper, bliski powiernik papie\u017ca, powiedzia\u0142 mi, \u017ce wkr\u00f3tce mo\u017cemy si\u0119 spodziewa\u0107 kilku du\u017cych niespodzianek.<\/p>\r\n<p>Q: Jak Pan my\u015bli co to b\u0119dzie?<\/p>\r\n<p>[Boff]: Kto wie? Mo\u017ce diakonat dla kobiet pomimo wszystko. By\u0107 mo\u017ce ksi\u0119\u017ca, kt\u00f3rzy si\u0119 o\u017cenili b\u0119d\u0105 mogli ponownie zaanga\u017cowa\u0107 si\u0119 w dzia\u0142alno\u015b\u0107 duszpastersk\u0105. Jest to wyra\u017ana pro\u015bba biskup\u00f3w brazylijskich skierowana do Papie\u017ca, szczeg\u00f3lnie przez jego przyjaciela brazylijskiego emerytowanego&nbsp; Kardyna\u0142a Kurii Rzymskiej Claudio Hummes\u2019a.&nbsp; S\u0142ysza\u0142em, \u017ce papie\u017c pragnie wyj\u015b\u0107 tym pro\u015bbom naprzeciw &#8211; na teraz i na pewien eksperymentalny okres w Brazylii.<\/p>\r\n<p>Skojec zwraca uwag\u0119, na fakt, \u017ce w roboczym dokumencie przedsynodalnym, ujawnionym w styczniu 2017, nie ma tre\u015bci wskazuj\u0105cych jakoby synod w 2018 roku zatytu\u0142owany mia\u0142 by\u0107 \u201eM\u0142odzie\u017c, wiara i powolanie\u201d szczeg\u00f3lnie mia\u0142 si\u0119 koncentrowa\u0107 na problemie celibatu ksi\u0119\u017cy i diakonatu kobiet. Jednak\u017ce r\u00f3wnocze\u015bnie Skojec zauwa\u017ca, \u017ce j\u0119zyk u\u017cyty w tych dokumentach mo\u017ce sta\u0107 si\u0119 pod\u0142o\u017cem dla tych innowacji: \u201eTowarzyszenie m\u0142odzie\u017cy wymaga wykraczania poza tendencyjne ramy, stanowi\u0105ce utrapienie dla m\u0142odych w tym miejscu, w kt\u00f3rym si\u0119 znajduj\u0105, adaptowania do ich czas\u00f3w oraz spokoju \u017cycia, a tak\u017ce brania ich na powa\u017cnie [\u2026] W\u0142a\u015bnie dlatego zaproponowany komunikat uwzgl\u0119dnia wolno\u015b\u0107 m\u0142odych ludzi, ka\u017cda spo\u0142eczno\u015b\u0107 musi nada\u0107 odpowiedni\u0105 rang\u0119 kreatywnym sposobom docierania do m\u0142odych ludzi w spos\u00f3b osobisty i wspierania ich osobistego rozwoju. W wielu przypadkach zadanie wymaga nauki by pozwoli\u0107 na co\u015b nowego, a nie duszenia tego, co jest nowe poprzez zastosowanie tendencyjnych ram. \u0179adne nasiona powo\u0142a\u0144 nie wzejd\u0105 je\u015bli pochodz\u0105 z zamkni\u0119tych i beztroskich postaw duszpasterskich , kt\u00f3re twierdz\u0105 <em>zawsze si\u0119 tak robi\u0142o<\/em> i bez ludzi <em>\u015bmia\u0142o\u015bci i kreatywno\u015bci w tym zadaniu przemy\u015blenia na nowo cel\u00f3w, stylu i metod ewangelizacyjnych swojej wsp\u00f3lnoty<\/em>\u201d (Evangelii gaudium, 33).<\/p>\r\n<p>Jednak oficjalne stanowisko papie\u017ca Franciszka wyra\u017anie zaprzecza jakimkolwiek pr\u00f3bom ustanowienia diakonatu dla kobiet. Papie\u017c zapytany o t\u0119 kwesti\u0119 w czasie lotu powrotnego ze Szwecji w listopadzie ubieg\u0142ego roku, powiedzia\u0142: \u201eW sprawie ordynacji kobiet w Ko\u015bciele Katolickim, ostatnie jasne s\u0142owo, zosta\u0142o powiedziane przez Papie\u017ca Jana Paw\u0142a II, i trzymajmy si\u0119 tego\u201d.<\/p>\r\n<p>Wspomniany wcze\u015bniej watykanista Sandro Magister zauwa\u017ca jednak, \u017ce na stronach magazynu \u201eLa Civilt\u00c3\u00a0 Cattolica\u201d wydawanego jak twierdz\u0105 niekt\u00f3rzy, w konsultacjach ze Stolic\u0105 Apostolsk\u0105, mo\u017cemy napotka\u0107 pewne niepokoj\u0105ce tre\u015bci. Ot\u00f3\u017c Giancarlo Pani, Jezuita i zast\u0119pca redaktora naczelnego \u201eLCC\u201d pisze: \u201e[\u2026] dzisiaj w kwestii kap\u0142a\u0144stwa kobiet oficjalne stanowisko magisterium jest jasne, ale wielu katolik\u00f3w prze\u017cywa trudne chwile pr\u00f3buj\u0105c zrozumie\u0107 \u201eracjonalno\u015b\u0107\u201d tej decyzji. Dzisiaj pojawia si\u0119 niepok\u00f3j w\u015br\u00f3d tych, kt\u00f3rzy nie rozumiej\u0105 jak wykluczenie kobiet z pos\u0142ug Ko\u015bcio\u0142a mo\u017ce wsp\u00f3\u0142istnie\u0107 z afirmacj\u0105 i docenieniem ich r\u00f3wnej godno\u015bci\u201d.<\/p>\r\n<p>Bior\u0105c pod uwag\u0119, i\u017c Watyka\u0144ski Sekretarz Stanu rzekomo przegl\u0105da magazyn&nbsp; \u201eLa Civilt\u00c3\u00a0 Cattolica\u201d przed publikacj\u0105, &nbsp;Steve Skojec uwa\u017ca, \u017ce tre\u015bci takie jak te zawarte w artykule nale\u017cy rozumie\u0107 jako co\u015b wi\u0119cej ni\u017c spekulacje. W 2015 roku kanadyjski ksi\u0105dz i wydawca magazynu Convivium, Raymond de Souza, napisa\u0142, \u017ce redaktor naczelny \u201eLa Civilt\u00c3\u00a0 Cattolica\u201d Antonio Spadaro : \u201ejest zar\u00f3wno bliskim powiernikiem jak i rzecznikiem papie\u017ca Franciszka. Nie do pomy\u015blenia pozostaje wi\u0119c fakt, \u017ce m\u00f3g\u0142by napisa\u0107 co\u015b sprzecznego z wol\u0105 Ojca \u015awi\u0119tego\u201d. &nbsp;&nbsp;<\/p>\r\n<p>W lutym 2017 roku kardyna\u0142 Gianfranco Ravasi, przewodnicz\u0105cy Papieskiej Rady Kultury, w wywiadzie dla katholisch.de, zapytany o mo\u017cliwo\u015bci jakie widzi dla kobiet w Ko\u015bciele Katolickim odpowiedzia\u0142: \u201eDiakonat dla kobiet by\u0142by mo\u017cliwy, jak my\u015bl\u0119. Ale oczywi\u015bcie musi zosta\u0107 przedyskutowany, tradycja historyczna jest bardzo z\u0142o\u017cona. Og\u00f3lnie uwa\u017cam, \u017ce ci\u0105g\u0142e koncentrowanie si\u0119 na kap\u0142a\u0144stwie kobiet to biurokracja. Dlaczego nie zaczniemy rozmawia\u0107 o innych, bardzo wa\u017cnych funkcjach kobiety w Ko\u015bciele? Na przyk\u0142ad prowadzenie parafii, z administracyjnego punktu widzenia. Albo w obszarze katechezy, wolontariatu, finans\u00f3w, planowania architektonicznego czy projektowania. Dlaczego w\u0142a\u015bnie to nie powinno znajdowa\u0107 si\u0119 w r\u0119kach kobiet? R\u00f3wnie\u017c w instytucjach watyka\u0144skich, na wy\u017cszych szczeblach kobiety mog\u0142yby by\u0107 liczniej obecne. Tak\u017ce Papie\u017c jest tego zdania. Ale oczywi\u015bcie to nie stanie si\u0119 natychmiast\u201d. &nbsp;&nbsp;&nbsp;<\/p>\r\n<p>Jak te wszystkie wydarzenia i wypowiedzi powinien rozumie\u0107 zwyczajny katolik? Trudno powiedzie\u0107. Najlepiej chyba pasuje tu s\u0142owo dezorientacja, kt\u00f3ra jak dobrze wiemy jest doskona\u0142ym polem do dzia\u0142ania dla ducha zupe\u0142nie innego ni\u017c ten \u015awi\u0119ty.<\/p>\r\n<p>\u0179r\u00f3d\u0142o: &nbsp;onepeterfive.com<\/p>\r\n<p>malk<\/p>","protected":false},"excerpt":{"rendered":"Papie\u017c Franciszek wypowiedzia\u0142 si\u0119 o roli kobiet w Ko\u015bciele. Powo\u0142a\u0142 si\u0119 na dokumenty magisterium Jana Paw\u0142a II, z kt\u00f3rych jednoznacznie wynika, \u017ce kobiety nie mog\u0105 by\u0107 kap\u0142anami ani diakonami. Mimo tego w Watykanie dyskusja na temat diakonis wcale si\u0119 nie zako\u0144czy\u0142a. Sprzeczn\u0105 z katolick\u0105 Tradycj\u0105 inicjatyw\u0119 nadal pr\u00f3buj\u0105 promowa\u0107 bardzo wp\u0142ywowe \u015brodowiska. Oliwy do ognia [&hellip;]","protected":false},"author":1,"featured_media":0,"comment_status":"closed","ping_status":"closed","sticky":false,"template":"","format":"standard","meta":{"_acf_changed":false,"_monsterinsights_skip_tracking":false,"ngg_post_thumbnail":0,"footnotes":"","_wp_rev_ctl_limit":""},"categories":[3],"tags":[41,33],"acf":[],"_links":{"self":[{"href":"https:\/\/www.bibula.com\/index.php?rest_route=\/wp\/v2\/posts\/94320"}],"collection":[{"href":"https:\/\/www.bibula.com\/index.php?rest_route=\/wp\/v2\/posts"}],"about":[{"href":"https:\/\/www.bibula.com\/index.php?rest_route=\/wp\/v2\/types\/post"}],"author":[{"embeddable":true,"href":"https:\/\/www.bibula.com\/index.php?rest_route=\/wp\/v2\/users\/1"}],"replies":[{"embeddable":true,"href":"https:\/\/www.bibula.com\/index.php?rest_route=%2Fwp%2Fv2%2Fcomments&post=94320"}],"version-history":[{"count":0,"href":"https:\/\/www.bibula.com\/index.php?rest_route=\/wp\/v2\/posts\/94320\/revisions"}],"wp:attachment":[{"href":"https:\/\/www.bibula.com\/index.php?rest_route=%2Fwp%2Fv2%2Fmedia&parent=94320"}],"wp:term":[{"taxonomy":"category","embeddable":true,"href":"https:\/\/www.bibula.com\/index.php?rest_route=%2Fwp%2Fv2%2Fcategories&post=94320"},{"taxonomy":"post_tag","embeddable":true,"href":"https:\/\/www.bibula.com\/index.php?rest_route=%2Fwp%2Fv2%2Ftags&post=94320"}],"curies":[{"name":"wp","href":"https:\/\/api.w.org\/{rel}","templated":true}]}}