{"id":94281,"date":"2017-03-07T09:57:13","date_gmt":"2017-03-07T14:57:13","guid":{"rendered":"http:\/\/www.bibula.com\/?p=94281"},"modified":"2017-03-28T10:47:25","modified_gmt":"2017-03-28T14:47:25","slug":"35-lat-od-deklaracji-monachijskiej","status":"publish","type":"post","link":"https:\/\/www.bibula.com\/?p=94281","title":{"rendered":"35 lat od Deklaracji monachijskiej"},"content":{"rendered":"<p>25 lutego 1982 r. wietnamski arcybiskup Piotr Marcin Ng\u00c3\u00b4 \u00c4\u0090\u00c3\u00acnh Th\u00e1\u00bb\u00a5c podczas celebracji Mszy pontyfikalnej w Monachium og\u0142osi\u0142 wakat Stolicy Piotrowej, wskazuj\u0105c na b\u0142\u0119dy doktrynalne religii posoborowej wynikaj\u0105ce z: modernizmu, fa\u0142szywego ekumenizmu, kultu cz\u0142owieka, wolno\u015bci religijnej i braku pot\u0119piania przez posoborow\u0105 hierarchi\u0119 os\u00f3b prezentuj\u0105cych nauczanie niezgodne z tradycyjn\u0105 doktryn\u0105 Ko\u015bcio\u0142a katolickiego. Zdaniem Arcybiskupa zachodzi\u0142a sprzeczno\u015b\u0107 mi\u0119dzy pozornie dobrym stanem Ko\u015bcio\u0142a kierowanego przez Jana Paw\u0142a II, ciesz\u0105cym si\u0119 wielk\u0105 liczb\u0105 wiernych, uczestnicz\u0105cych w Nowej Mszy oraz korzystaj\u0105cych z Nowych Sakrament\u00f3w, a faktycznym stanem wiary na \u015bwiecie. Arcybiskup Thuc uwa\u017ca\u0142, \u017ce posoborowa protestantyzacja Ko\u015bcio\u0142a, widoczna zw\u0142aszcza w Novus Ordo, nie mo\u017ce podoba\u0107 si\u0119 Bogu.<\/p>\r\n<p><a href=\"https:\/\/1.bp.blogspot.com\/-Nw74nCMJXDE\/WL3qtKxjQSI\/AAAAAAAADcE\/hogLDGRQdLgdcBKV_wbOn328y9VSzVvwACLcB\/s1600\/ngodinhthuc01.jpg\"><img fetchpriority=\"high\" decoding=\"async\" style=\"border: 0px none; margin: 10px;\" src=\"https:\/\/1.bp.blogspot.com\/-Nw74nCMJXDE\/WL3qtKxjQSI\/AAAAAAAADcE\/hogLDGRQdLgdcBKV_wbOn328y9VSzVvwACLcB\/s320\/ngodinhthuc01.jpg\" align=\"left\" height=\"320\" border=\"0\" width=\"228\"><\/a> Trudno zakwestionowa\u0107 obserwacje, kt\u00f3re stoj\u0105 u podstaw stanowiska, jakie przyj\u0105\u0142 wietnamski hierarcha. Mog\u0119 raczej powiedzie\u0107, \u017ce s\u0105 one dzi\u015b znacznie bardziej aktualne i prawdziwe. Stan Ko\u015bcio\u0142a posoborowego jest obecnie bez por\u00f3wnania gorszy ni\u017c AD 1982. Nikt ju\u017c dzi\u015b nie bredzi o &#8222;nowej wio\u015bnie Ko\u015bcio\u0142a&#8221;, wszyscy dostrzegaj\u0105 wszechogarniaj\u0105cy kryzys, w jakim \u00f3w si\u0119 pogr\u0105\u017ca. Ci\u0119\u017cko by\u0142oby dostrzec dobr\u0105 kondycj\u0119 posoborowia w jakimkolwiek jego aspekcie. Zw\u0142aszcza, \u017ce lider wsp\u00f3lnoty znany pod imieniem Franciszka sp\u0119dza wi\u0119kszo\u015b\u0107 czasu na demolowaniu i szkalowaniu katolicyzmu oraz podkopywaniu resztek fundament\u00f3w cywilizacji chrze\u015bcija\u0144skiej. <br>\r\n <br>\r\n Pawe\u0142 VI zmasakrowa\u0142 liturgi\u0119 i rozpocz\u0105\u0142 destrukcj\u0119 dogmatyki. Jan Pawe\u0142 II dzielnie mu sekundowa\u0142 w obu tych obszarach, lecz przynajmniej stworzy\u0142 tradycjonalistyczny skansen relatywnie wolny od wi\u0119kszo\u015bci chor\u00f3b wsp\u00f3\u0142czesnego Ko\u015bcio\u0142a. Franciszek mo\u017ce poszerzy\u0107 \u00f3w oficjalny rezerwat o Bractwo \u015bw. Piusa X, ale r\u00f3wnocze\u015bnie dokonuje destrukcji moralno\u015bci katolickiej, w praktyce uniewa\u017cniaj\u0105c nauczanie o ma\u0142\u017ce\u0144stwie oraz wykre\u015blaj\u0105c sz\u00f3ste i dziewi\u0105te przykazania Bo\u017ce. W ten spos\u00f3b wszystkie zarzuty arcybiskupa Thuca wypowiedziane w 1982 r., zosta\u0142y ostatecznie zmaterializowane. <br>\r\n <br>\r\n Jak doskonale pami\u0119tamy, Ojciec \u015awi\u0119ty Benedykt XVI chcia\u0142 naprawi\u0107 posoborowie. Liczy\u0142, \u017ce nominalne r\u00f3wnouprawnienie tradycyjnej Mszy z NOMem, zmiany wizerunkowe oraz rozmaite, powoli, lecz systematycznie wprowadzane korekty doktrynalne dadz\u0105 dobre efekty. Niestety, jego dobro\u0107 i dobrotliwo\u015b\u0107 by\u0142y bez skrupu\u0142\u00f3w wykorzystywane przez karierowicz\u00f3w i wrog\u00f3w. <br>\r\n <br>\r\n Jak to si\u0119 sko\u0144czy\u0142o? Karierowicze obci\u0105\u017cali szefa odpowiedzialno\u015bci\u0105 za swoj\u0105 niekompetencje (np. sprawa &#8222;negacjonisty&#8221; holocaustu, biskupa Williamsona), a wrogowie nie ustawali w knowaniach. Niejasna i niewyja\u015bniona sprawa <a href=\"http:\/\/przedsoborowy.blogspot.com\/2016\/12\/w-2017-r-bedzie-konklawe.html\">rezygnacji Papie\u017ca<\/a> pokazuje poprzez owoce ich dzia\u0142a\u0144, kto by\u0142 skuteczniejszy. <br>\r\n <br>\r\n &#8222;Reforma reformy liturgicznej&#8221; by\u0142a martwa niestety jeszcze za czas\u00f3w panowania Benedykta XVI. Powiedzmy zreszt\u0105 szczerze: papie\u017cowi zabrak\u0142o w tej sprawie konsekwencji. Wyda\u0142 prawo, ale sam nie odprawi\u0142 publicznie Mszy w rycie klasycznym. Nie awansowa\u0142 w hierarchii wy\u0142\u0105cznie duchownych celebruj\u0105cych w obu formach rytu rzymskiego. Nie zsy\u0142a\u0142 wrog\u00f3w swoich reform do Ketchikan na Alasce i w inne r\u00f3wnie malownicze miejsca. <br>\r\n <br>\r\n Wniosek st\u0105d jest brutalny: miejscem posoborowia jest \u015bmietnik i mo\u017ce je tam wys\u0142a\u0107 jedynie papie\u017c &#8211; zdeterminowany, m\u0105dry i &#8230; bezwzgl\u0119dny. <span style=\"text-decoration: underline;\"><a href=\"http:\/\/przedsoborowy.blogspot.com\/2011\/10\/sobor-watykanski-ii-przezytek.html\">Sob\u00f3r watyka\u0144ski II to dzi\u015b prze\u017cytek<\/a><\/span> i dobrze, \u017ce wymar\u0142o lub wymiera dzi\u015b pokolenie hierarch\u00f3w emocjonalnie przywi\u0105zanych do owej hucpy. To by\u0107 mo\u017ce nasza jedyna szansa. <br>\r\n <br>\r\n W dzisiejszych czasach wida\u0107, \u017ce tradycyjni katolicy maj\u0105 alternatyw\u0119 pomi\u0119dzy przeczekaniem Franciszka, a hipotezami sedewakantystycznymi (sedewakantyzmem oraz sedeprywacjonizmem). Na d\u0142u\u017csz\u0105 met\u0119 nie da si\u0119 ju\u017c stosowa\u0107 podej\u015bcia indultowego lub lefebrystycznego, polegaj\u0105cego na tolerowaniu modernistycznej hierarchii. Religie posoborowa i katolicka maj\u0105 coraz mniej punkt\u00f3w wsp\u00f3lnych. Arcybiskup Lefebvre zdefiniowa\u0142 postaw\u0119, kt\u00f3rej zasadniczo trzyma si\u0119 do dzi\u015b FSSPX, ufaj\u0105c, \u017ce czas kryzysu Ko\u015bcio\u0142a b\u0119dzie relatywnie kr\u00f3tki. <br>\r\n <br>\r\n Podstawowym problemem praktycznym zwi\u0105zanym z hipotez\u0105 sedewakantystyczn\u0105 arcybiskupa Thuca jest niemo\u017cno\u015b\u0107 powrotu prawowitej hierarchii katolickiej na Watykan. Sedewakanty\u015bci twierdz\u0105: nie ma papie\u017ca od dziesi\u0119cioleci, nie \u017cyj\u0105 ju\u017c kardyna\u0142owie mianowani przez prawowitych papie\u017cy, zatem nie da si\u0119 wyj\u015b\u0107 z tej sytuacji, no chyba, \u017ce w jaki\u015b cudowny spos\u00f3b. Sedewakantyzm m\u00f3g\u0142by by\u0107 traktowany jako akceptowalna hipoteza teologiczna tylko w czasach ostatecznych, w przededniu ko\u0144ca \u015bwiata. <br>\r\n <br>\r\n Nie dziwmy si\u0119 zatem, \u017ce w rozmaitych kr\u0119gach konserwatywnych s\u0105 a\u017c tak popularne rozmaite prywatne objawienia, sugeruj\u0105ce jakoby \u00f3w koniec \u015bwiata by\u0142 ju\u017c bardzo nieodleg\u0142y. My\u015bl\u0119, \u017ce nie powinni\u015bmy dawa\u0107 im wiary i czyni\u0107 z nich cz\u0119\u015bci \u015bwiatopogl\u0105du. Ka\u017cdy katolik powinien \u017cy\u0107 tak, jakby jego koniec \u015bwiata &#8211; koniec \u017cycia ziemskiego &#8211; mia\u0142 nast\u0105pi\u0107 za chwil\u0119. <br>\r\n <br>\r\n Z uwagi na wszystkie przed\u0142o\u017cone powy\u017cej argumenty powstrzymuj\u0119 si\u0119 &#8211; p\u00f3ki co &#8211; przed uznaniem wakatu Stolicy Piotrowej. Ale doskonale rozumiem i nie o\u015bmielam si\u0119 pot\u0119pia\u0107 tych, kt\u00f3rzy wysnuwaj\u0105 ju\u017c dzi\u015b bardziej radykalne wnioski. Nie zdziwi\u0119 si\u0119, je\u015bli za kilka lat liderami nowej fali sedewakantyzmu b\u0119d\u0105 prominentni hierarchowie dzisiejszej frakcji konserwatywnej Ko\u015bcio\u0142a Posoborowego, zwi\u0105zani z Nadzwyczajn\u0105 Form\u0105 Rytu Rzymskiego (przychylni Mszy trydenckiej). <br>\r\n <br>\r\n Zacz\u0119li\u015bmy od Arcybiskupa Piotra Marcina Ng\u00c3\u00b4 \u00c4\u0090\u00c3\u00acnh Th\u00e1\u00bb\u00a5ca i na nim sko\u0144czmy. Uwa\u017cam, \u017ce niezale\u017cnie od rozmaitych powa\u017cnych b\u0142\u0119d\u00f3w, jakie wietnamski hierarcha pope\u0142nia\u0142 (np. deklaruj\u0105c sedewakantyzm i wycofuj\u0105c si\u0119 z tego, czy te\u017c udzielaj\u0105c \u015bwi\u0119ce\u0144 biskupich zdecydowanie zbyt wielkiej liczbie kandydat\u00f3w, tak\u017ce &#8230; starokatolik\u00f3w), nale\u017cy mu si\u0119 wielka wdzi\u0119czno\u015b\u0107 i szacunek za podejmowane starania na rzecz uratowania katolicyzmu, za walk\u0119 z modernistami na miar\u0119 swej wiedzy i posiadanych &#8211; jak\u017ce skromnych &#8211; zasob\u00f3w. Katolicyzm jest religi\u0105, w kt\u00f3rej przede wszystkim oceniamy intencje. <br>\r\n <br>\r\n B\u00f3g zap\u0142a\u0107!<\/p>\r\n<p><strong><em>Krusejder<\/em><\/strong><\/p>","protected":false},"excerpt":{"rendered":"25 lutego 1982 r. wietnamski arcybiskup Piotr Marcin Ng\u00c3\u00b4 \u00c4\u0090\u00c3\u00acnh Th\u00e1\u00bb\u00a5c podczas celebracji Mszy pontyfikalnej w Monachium og\u0142osi\u0142 wakat Stolicy Piotrowej, wskazuj\u0105c na b\u0142\u0119dy doktrynalne religii posoborowej wynikaj\u0105ce z: modernizmu, fa\u0142szywego ekumenizmu, kultu cz\u0142owieka, wolno\u015bci religijnej i braku pot\u0119piania przez posoborow\u0105 hierarchi\u0119 os\u00f3b prezentuj\u0105cych nauczanie niezgodne z tradycyjn\u0105 doktryn\u0105 Ko\u015bcio\u0142a katolickiego. Zdaniem Arcybiskupa zachodzi\u0142a sprzeczno\u015b\u0107 [&hellip;]","protected":false},"author":1,"featured_media":0,"comment_status":"closed","ping_status":"closed","sticky":false,"template":"","format":"standard","meta":{"_acf_changed":false,"_monsterinsights_skip_tracking":false,"_monsterinsights_sitenote_active":false,"_monsterinsights_sitenote_note":"","_monsterinsights_sitenote_category":0,"ngg_post_thumbnail":0,"footnotes":"","_wp_rev_ctl_limit":""},"categories":[3],"tags":[301,24,41,33],"acf":[],"_links":{"self":[{"href":"https:\/\/www.bibula.com\/index.php?rest_route=\/wp\/v2\/posts\/94281"}],"collection":[{"href":"https:\/\/www.bibula.com\/index.php?rest_route=\/wp\/v2\/posts"}],"about":[{"href":"https:\/\/www.bibula.com\/index.php?rest_route=\/wp\/v2\/types\/post"}],"author":[{"embeddable":true,"href":"https:\/\/www.bibula.com\/index.php?rest_route=\/wp\/v2\/users\/1"}],"replies":[{"embeddable":true,"href":"https:\/\/www.bibula.com\/index.php?rest_route=%2Fwp%2Fv2%2Fcomments&post=94281"}],"version-history":[{"count":0,"href":"https:\/\/www.bibula.com\/index.php?rest_route=\/wp\/v2\/posts\/94281\/revisions"}],"wp:attachment":[{"href":"https:\/\/www.bibula.com\/index.php?rest_route=%2Fwp%2Fv2%2Fmedia&parent=94281"}],"wp:term":[{"taxonomy":"category","embeddable":true,"href":"https:\/\/www.bibula.com\/index.php?rest_route=%2Fwp%2Fv2%2Fcategories&post=94281"},{"taxonomy":"post_tag","embeddable":true,"href":"https:\/\/www.bibula.com\/index.php?rest_route=%2Fwp%2Fv2%2Ftags&post=94281"}],"curies":[{"name":"wp","href":"https:\/\/api.w.org\/{rel}","templated":true}]}}