{"id":94227,"date":"2017-03-04T00:01:13","date_gmt":"2017-03-04T05:01:13","guid":{"rendered":"http:\/\/www.bibula.com\/?p=94227"},"modified":"2017-03-03T11:16:06","modified_gmt":"2017-03-03T16:16:06","slug":"wspolnota-modlitwy-za-kaplanow","status":"publish","type":"post","link":"https:\/\/www.bibula.com\/?p=94227","title":{"rendered":"Wsp\u00f3lnota Modlitwy za Kap\u0142an\u00f3w"},"content":{"rendered":"<p>\u201eM\u00f3dlmy si\u0119 za kap\u0142an\u00f3w!\u201d (\u015bw. Teresa z Lisieux)<br>\r\n \u201eLecz Ko\u015bci\u00f3\u0142 bez przestanku modli\u0142 si\u0119 za niego [Piotra] do Boga\u201d (Dz 12, 5)<br>\r\n \u201e\u0179niwo wprawdzie wielkie, ale robotnik\u00f3w ma\u0142o. Pro\u015bcie\u017c tedy Pana \u017cniwa, aby wys\u0142a\u0142 robotnik\u00f3w na \u017cniwo swoje\u201d (Mt 9, 37-38)<\/p>\r\n<p><a class=\"fancybox\" href=\"https:\/\/news.fsspx.pl\/wp-content\/uploads\/%C5%9Bw.-Teresa.jpg\" rel=\"fancybox\" data-slimstat-clicked=\"false\" data-slimstat-type=\"2\" data-slimstat-tracking=\"false\" data-slimstat-callback=\"false\"><img fetchpriority=\"high\" decoding=\"async\" class=\" wp-image-6330 aligncenter\" src=\"https:\/\/news.fsspx.pl\/wp-content\/uploads\/%C5%9Bw.-Teresa-300x164.jpg\" sizes=\"(max-width: 300px) 100vw, 300px\" srcset=\"https:\/\/news.fsspx.pl\/wp-content\/uploads\/\u015bw.-Teresa-300x164.jpg 300w, https:\/\/news.fsspx.pl\/wp-content\/uploads\/\u015bw.-Teresa-768x419.jpg 768w, https:\/\/news.fsspx.pl\/wp-content\/uploads\/\u015bw.-Teresa-1024x559.jpg 1024w, https:\/\/news.fsspx.pl\/wp-content\/uploads\/\u015bw.-Teresa.jpg 1100w\" alt=\"\" width=\"596\" height=\"326\"><\/a><\/p>\r\n<p style=\"text-align: center;\"><em>\u015aw. Teresa od Dzieci\u0105tka Jezus<\/em><\/p>\r\n<p>W 2011 r. z inicjatywy ma\u0142ej grupy wiernych \u015bwieckich w jednej z kaplic Bractwa Kap\u0142a\u0144skiego \u015aw. Piusa X w Austrii zosta\u0142a powo\u0142ana do \u017cycia wsp\u00f3lnota modlitewna, kt\u00f3rej ide\u0105 przewodni\u0105 by\u0142o zmobilizowanie jak najwi\u0119kszej liczby wiernych do modlitwy o u\u015bwi\u0119cenie kap\u0142an\u00f3w. Jeszcze w tym samym roku jej dzia\u0142alno\u015b\u0107 rozci\u0105gn\u0119\u0142a si\u0119 na ca\u0142y niemieckoj\u0119zyczny obszar Europy. Cz\u0142onkami wsp\u00f3lnoty s\u0105 \u015bwieccy (obecnie jest ich ponad 1130) oraz kap\u0142ani (obecnie 38), bowiem przyj\u0119to zasad\u0119 wzajemnej pomocy &#8211; \u015bwieccy wierni modl\u0105 si\u0119 za kap\u0142an\u00f3w, a ci odwzajemniaj\u0105 si\u0119 modlitw\u0105 za wszystkich cz\u0142onk\u00f3w wsp\u00f3lnoty.<\/p>\r\n<p>\u015awieccy cz\u0142onkowie wsp\u00f3lnoty zobowi\u0105zuj\u0105 si\u0119 &#8211; nie pod grzechem &#8211; do codziennego odmawiania <em>Modlitwy \u015bw. Teresy od Dzieci\u0105tka Jezus za kap\u0142an\u00f3w<\/em> (w modlitewniku <em>Te Deum laudamus<\/em> na stronie 190) wraz z wezwaniem \u201e\u015awi\u0119ci M\u0142odziankowie, m\u00f3dlcie si\u0119 za nami!\u201d, kt\u00f3re ofiaruj\u0105 za kap\u0142an\u00f3w nale\u017c\u0105cych do wsp\u00f3lnoty.<\/p>\r\n<p>Kap\u0142ani, kt\u00f3rzy s\u0105 cz\u0142onkami wsp\u00f3lnoty, zobowi\u0105zuj\u0105 si\u0119 do odprawiania raz w miesi\u0105cu jednej Mszy \u015bw. w nast\u0119puj\u0105cych intencjach: 1\u00ba za \u017cywych i zmar\u0142ych kap\u0142an\u00f3w wsp\u00f3lnoty; 2\u00ba za \u017cywych i zmar\u0142ych cz\u0142onk\u00f3w \u015bwieckich wsp\u00f3lnoty; 3\u00ba o powo\u0142ania kap\u0142a\u0144skie i zakonne.<\/p>\r\n<p>Za zgod\u0105 i z b\u0142ogos\u0142awie\u0144stwem prze\u0142o\u017conego Domu Autonomicznego Europy \u015arodkowo-Wschodniej, ks. \u0141ukasza Webera FSSPX, wsp\u00f3lnota rozpocz\u0119\u0142a oficjalnie swoj\u0105 dzia\u0142alno\u015b\u0107 w Polsce. Obecnie liczy ju\u017c ponad 20 cz\u0142onk\u00f3w z naszego kraju &#8211; mamy nadziej\u0119, \u017ce wkr\u00f3tce b\u0119dzie ich wielokrotnie wi\u0119cej. Raz do roku jest wydawane pismo, s\u0142u\u017c\u0105ce przypomnieniu i zach\u0119cie do modlitwy za kap\u0142an\u00f3w; jego pierwszy polski numer uka\u017ce si\u0119 niebawem.<\/p>\r\n<p>Zapisy do wsp\u00f3lnoty odbywaj\u0105 si\u0119 w formie pisemnej na adres e-mailowy wmzk@fsspx.pl b\u0105d\u017a tradycyjn\u0105 poczt\u0105 na adres:<\/p>\r\n<pre>Wsp\u00f3lnota Modlitwy za Kap\u0142an\u00f3w\r\nul. Garncarska 32\r\n04-886 Warszawa\r\n<\/pre>\r\n<p>W zg\u0142oszeniu do wsp\u00f3lnoty nale\u017cy poda\u0107 swoje imi\u0119 i nazwisko oraz kaplic\u0119, do kt\u00f3rej si\u0119 ucz\u0119szcza. (Pismo wsp\u00f3lnoty b\u0119dzie wysy\u0142ane do kaplic oraz dost\u0119pne do pobrania w Internecie jako plik PDF. Osoby, kt\u00f3re nie mog\u0105 skorzysta\u0107 z tych form dystrybucji, prosimy o podanie adresu do wysy\u0142ki.)<\/p>\r\n<p>Ka\u017cdy kap\u0142an przy wst\u0105pieniu do wsp\u00f3lnoty jest zobowi\u0105zany do zapisania wraz ze sob\u0105 co najmniej jednej osoby \u015bwieckiej. W ka\u017cdym numerze pisma b\u0119dzie publikowana pe\u0142na lista kap\u0142an\u00f3w wsp\u00f3lnoty, jednak mo\u017cna r\u00f3wnie\u017c pozosta\u0107 anonimowym.<\/p>","protected":false},"excerpt":{"rendered":"\u201eM\u00f3dlmy si\u0119 za kap\u0142an\u00f3w!\u201d (\u015bw. Teresa z Lisieux) \u201eLecz Ko\u015bci\u00f3\u0142 bez przestanku modli\u0142 si\u0119 za niego [Piotra] do Boga\u201d (Dz 12, 5) \u201e\u0179niwo wprawdzie wielkie, ale robotnik\u00f3w ma\u0142o. Pro\u015bcie\u017c tedy Pana \u017cniwa, aby wys\u0142a\u0142 robotnik\u00f3w na \u017cniwo swoje\u201d (Mt 9, 37-38) \u015aw. Teresa od Dzieci\u0105tka Jezus W 2011 r. z inicjatywy ma\u0142ej grupy wiernych \u015bwieckich [&hellip;]","protected":false},"author":1,"featured_media":0,"comment_status":"closed","ping_status":"closed","sticky":false,"template":"","format":"standard","meta":{"_acf_changed":false,"_monsterinsights_skip_tracking":false,"_monsterinsights_sitenote_active":false,"_monsterinsights_sitenote_note":"","_monsterinsights_sitenote_category":0,"ngg_post_thumbnail":0,"footnotes":"","_wp_rev_ctl_limit":""},"categories":[5],"tags":[244,32,98],"acf":[],"_links":{"self":[{"href":"https:\/\/www.bibula.com\/index.php?rest_route=\/wp\/v2\/posts\/94227"}],"collection":[{"href":"https:\/\/www.bibula.com\/index.php?rest_route=\/wp\/v2\/posts"}],"about":[{"href":"https:\/\/www.bibula.com\/index.php?rest_route=\/wp\/v2\/types\/post"}],"author":[{"embeddable":true,"href":"https:\/\/www.bibula.com\/index.php?rest_route=\/wp\/v2\/users\/1"}],"replies":[{"embeddable":true,"href":"https:\/\/www.bibula.com\/index.php?rest_route=%2Fwp%2Fv2%2Fcomments&post=94227"}],"version-history":[{"count":0,"href":"https:\/\/www.bibula.com\/index.php?rest_route=\/wp\/v2\/posts\/94227\/revisions"}],"wp:attachment":[{"href":"https:\/\/www.bibula.com\/index.php?rest_route=%2Fwp%2Fv2%2Fmedia&parent=94227"}],"wp:term":[{"taxonomy":"category","embeddable":true,"href":"https:\/\/www.bibula.com\/index.php?rest_route=%2Fwp%2Fv2%2Fcategories&post=94227"},{"taxonomy":"post_tag","embeddable":true,"href":"https:\/\/www.bibula.com\/index.php?rest_route=%2Fwp%2Fv2%2Ftags&post=94227"}],"curies":[{"name":"wp","href":"https:\/\/api.w.org\/{rel}","templated":true}]}}