{"id":94224,"date":"2017-03-03T11:07:41","date_gmt":"2017-03-03T16:07:41","guid":{"rendered":"http:\/\/www.bibula.com\/?p=94224"},"modified":"2017-03-03T11:07:41","modified_gmt":"2017-03-03T16:07:41","slug":"kiedy-nie-wiadomo-o-co-chodzi-to-chodzi-o","status":"publish","type":"post","link":"https:\/\/www.bibula.com\/?p=94224","title":{"rendered":"Kiedy nie wiadomo o co chodzi, to chodzi o\u2026"},"content":{"rendered":"<p><strong>Ju\u017c od 2014 r. staramy si\u0119 uzyska\u0107 od PKP informacje dotycz\u0105ce kamer na dworcach. W listopadzie cieszyli\u015bmy si\u0119 z <span style=\"text-decoration: underline;\"><a title=\"Fundacja Panoptykon: PKP musi powiedzie\u0107, ile jest kamer na dworcach\" href=\"https:\/\/panoptykon.org\/wiadomosc\/pkp-musi-powiedziec-ile-jest-kamer-na-dworcach\">powt\u00f3rnego wyroku Wojew\u00f3dzkiego S\u0105du Administracyjnego w Warszawie<\/a><\/span>. Pod wp\u0142ywem korzystnego dla nas orzeczenia NSA potwierdzi\u0142 on, \u017ce sp\u00f3\u0142ka musi odpowiedzie\u0107 na nasz wniosek, bo dotyczy on informacji publicznej.<\/strong><\/p>\r\n<p>Wydawa\u0142oby si\u0119, \u017ce na tym zako\u0144czy si\u0119 nasza batalia, a PKP wreszcie przeka\u017ce nam interesuj\u0105ce nas dane. P\u0142onne nadzieje. W <span style=\"text-decoration: underline;\"><a title=\"Decyzja PKP [pdf, 787 KB]\" href=\"https:\/\/panoptykon.org\/sites\/default\/files\/various-artykuly-w-skrocie\/pkp_decyzja_info.publ_._kamery_na_dworcach_24.02.2017.pdf\">ostatniej skierowanej do nas decyzji<\/a><\/span> odmownej sp\u00f3\u0142ka przyj\u0119\u0142a now\u0105 strategi\u0119. Ju\u017c nie przeczy, \u017ce informacja o monitoringu to informacja publiczna. Obecnie uchyla si\u0119 od jej udzielenia, powo\u0142uj\u0105c si\u0119 m.in. na tajemnic\u0119 przedsi\u0119biorcy i sw\u00f3j ustawowy obowi\u0105zek zapewnienia \u0142adu i porz\u0105dku na obszarze kolejowym.<\/p>\r\n<p>Kiedy nie wiadomo o co chodzi, to chodzi o\u2026? O terroryzm, oczywi\u015bcie. PKP argumentuje, \u017ce \u201eujawnienie przedmiotowych informacji mo\u017ce stanowi\u0107 u\u0142atwienie dla os\u00f3b planuj\u0105cych pope\u0142nienie przest\u0119pstwa na obszarze kolejowym, w szczeg\u00f3lno\u015bci przest\u0119pstw o charakterze terrorystycznym\u201d. Potwierdzaj\u0105 si\u0119 wi\u0119c s\u0142owa Zygmunta Baumana, \u017ce gdyby terrory\u015bci nie istnieli, nale\u017ca\u0142oby ich wymy\u015bli\u0107. Dzi\u0119ki nim w przegranej z prawnego punktu widzenia sprawie PKP mo\u017ce powo\u0142a\u0107 si\u0119 na ulubiony argument-wytrych instytucji, kt\u00f3re nie chc\u0105 udziela\u0107 informacji publicznej.<\/p>\r\n<p>Decyzj\u0119 PKP zamierzamy zaskar\u017cy\u0107 do Wojew\u00f3dzkiego S\u0105du Administracyjnego. Liczymy, \u017ce s\u0105d zbije t\u0119 naci\u0105gan\u0105 argumentacj\u0119 PKP.<\/p>\r\n<p><strong><em>Weronika Adamska<\/em><\/strong><\/p>\r\n<p><a href=\"https:\/\/panoptykon.org\/sites\/default\/files\/various-artykuly-w-skrocie\/pkp_gdy-nie-wiadomo-o-co-chodzi.png\"><img decoding=\"async\" class=\"aligncenter\" src=\"https:\/\/panoptykon.org\/sites\/default\/files\/various-artykuly-w-skrocie\/pkp_gdy-nie-wiadomo-o-co-chodzi.png\" alt=\"Fragment decyzji PKP\" width=\"597\" height=\"68\"><\/a><\/p>\r\n<h4>&nbsp;<\/h4>\r\n<hr style=\"background-color: #000000; border-width: 0; color: #000000; height: 2px; line-height: 0; text-align: center; width: 100%;\">\r\n<h4>&nbsp;<\/h4>","protected":false},"excerpt":{"rendered":"Ju\u017c od 2014 r. staramy si\u0119 uzyska\u0107 od PKP informacje dotycz\u0105ce kamer na dworcach. W listopadzie cieszyli\u015bmy si\u0119 z powt\u00f3rnego wyroku Wojew\u00f3dzkiego S\u0105du Administracyjnego w Warszawie. Pod wp\u0142ywem korzystnego dla nas orzeczenia NSA potwierdzi\u0142 on, \u017ce sp\u00f3\u0142ka musi odpowiedzie\u0107 na nasz wniosek, bo dotyczy on informacji publicznej. Wydawa\u0142oby si\u0119, \u017ce na tym zako\u0144czy si\u0119 nasza [&hellip;]","protected":false},"author":1,"featured_media":0,"comment_status":"closed","ping_status":"closed","sticky":false,"template":"","format":"standard","meta":{"_acf_changed":false,"_monsterinsights_skip_tracking":false,"_monsterinsights_sitenote_active":false,"_monsterinsights_sitenote_note":"","_monsterinsights_sitenote_category":0,"ngg_post_thumbnail":0,"footnotes":"","_wp_rev_ctl_limit":""},"categories":[8],"tags":[98,136,20,126,104],"acf":[],"_links":{"self":[{"href":"https:\/\/www.bibula.com\/index.php?rest_route=\/wp\/v2\/posts\/94224"}],"collection":[{"href":"https:\/\/www.bibula.com\/index.php?rest_route=\/wp\/v2\/posts"}],"about":[{"href":"https:\/\/www.bibula.com\/index.php?rest_route=\/wp\/v2\/types\/post"}],"author":[{"embeddable":true,"href":"https:\/\/www.bibula.com\/index.php?rest_route=\/wp\/v2\/users\/1"}],"replies":[{"embeddable":true,"href":"https:\/\/www.bibula.com\/index.php?rest_route=%2Fwp%2Fv2%2Fcomments&post=94224"}],"version-history":[{"count":0,"href":"https:\/\/www.bibula.com\/index.php?rest_route=\/wp\/v2\/posts\/94224\/revisions"}],"wp:attachment":[{"href":"https:\/\/www.bibula.com\/index.php?rest_route=%2Fwp%2Fv2%2Fmedia&parent=94224"}],"wp:term":[{"taxonomy":"category","embeddable":true,"href":"https:\/\/www.bibula.com\/index.php?rest_route=%2Fwp%2Fv2%2Fcategories&post=94224"},{"taxonomy":"post_tag","embeddable":true,"href":"https:\/\/www.bibula.com\/index.php?rest_route=%2Fwp%2Fv2%2Ftags&post=94224"}],"curies":[{"name":"wp","href":"https:\/\/api.w.org\/{rel}","templated":true}]}}