{"id":94184,"date":"2017-03-02T10:45:33","date_gmt":"2017-03-02T15:45:33","guid":{"rendered":"http:\/\/www.bibula.com\/?p=94184"},"modified":"2017-03-02T10:45:33","modified_gmt":"2017-03-02T15:45:33","slug":"na-czym-polega-problem-medjugorje-abp-hoser-niektorzy-utrzymuja-ze-maja-objawienia-do-dzis","status":"publish","type":"post","link":"https:\/\/www.bibula.com\/?p=94184","title":{"rendered":"Na czym polega problem Medjugorje? Abp Hoser: <em>niekt\u00f3rzy utrzymuj\u0105, \u017ce maj\u0105 objawienia do dzi\u015b<\/em>"},"content":{"rendered":"<p><strong><em>Medjugorje okazuje si\u0119 miejscem charyzmatycznym, do kt\u00f3rego ludzie odbywaj\u0105 prywatne pielgrzymki. Faktu, \u017ce to miejsce jest tak nawiedzane, nie mo\u017cna pomin\u0105\u0107. Chodzi o optymalizacj\u0119 troski duszpasterskiej o tych pielgrzym\u00f3w<\/em> &#8211; powiedzia\u0142 w czwartek abp Henryk Hoser podczas spotkania z dziennikarzami. Hierarcha poinformowa\u0142 na nim o celach powierzonej mu przez papie\u017ca Franciszka misji zbadania sytuacji duszpasterskiej w Medjugorju.<\/strong><\/p>\r\n<p>11 lutego br. papie\u017c Franciszek mianowa\u0142 abp. Henryka Hosera specjalnym wys\u0142annikiem Stolicy Apostolskiej do Medjugorje. Jego misja &#8211; podkre\u015blono w komunikacie watyka\u0144skiego Sekretariatu Stanu &#8211; ma na celu \u201edok\u0142adniejsze poznanie tamtejszej sytuacji duszpasterskiej, a zw\u0142aszcza potrzeb wiernych, kt\u00f3rzy tam pielgrzymuj\u0105 i w oparciu o to zasugerowanie ewentualnych inicjatyw duszpasterskich na przysz\u0142o\u015b\u0107. B\u0119dzie mie\u0107 wi\u0119c ona charakter wy\u0142\u0105cznie duszpasterski\u201d.<\/p>\r\n<p>Podczas spotkania z dziennikarzami biskup warszawsko-praski poinformowa\u0142, \u017ce jego misja ma charakter pomocniczy w stosunku do tego, co ju\u017c by\u0142o badane w Medjugorju przez komisj\u0119 pod przewodnictwem kard. Camillo Ruiniego.<\/p>\r\n<p>&#8211; <em>Faktu, \u017ce to miejsce jest tak nawiedzane, a ludzie doznaj\u0105 tam wielkiego po\u017cytku duchowego, nie mo\u017cna pomin\u0105\u0107. Chodzi o optymalizacj\u0119 troski duszpasterskiej o tych pielgrzym\u00f3w i by\u0107 mo\u017ce o lepsz\u0105 koordynacj\u0119 wszystkich zada\u0144<\/em> &#8211; powiedzia\u0142 abp Hoser.<\/p>\r\n<p>Jego zdaniem, \u201ew jakiej\u015b mierze jest to nasza wsp\u00f3lna sprawa, \u017ce Ojciec \u015awi\u0119ty postanowi\u0142 wys\u0142a\u0107 kogo\u015b z Polski, a mia\u0142 przecie\u017c tyle innych mo\u017cliwo\u015bci\u201d. Sam abp Hoser w Medjugorju nigdy nie by\u0142, przyje\u017cd\u017ca tam jednak wielu wiernych z jego diecezji.<\/p>\r\n<p>&#8211; <em>Sta\u0142o si\u0119 tak, \u017ce Medjugorje okazuje si\u0119 miejscem charyzmatycznym, do kt\u00f3rego ludzie odbywaj\u0105 prywatne pielgrzymki. Z drugiej strony <strong>Stolica Apostolska do dzi\u015b nie wyda\u0142a os\u0105du co do autentyczno\u015bci objawie\u0144, kt\u00f3re dotyczy\u0142y sze\u015bciorga m\u0142odych ludzi. Problem polega na tym, \u017ce niekt\u00f3rzy z nich utrzymuj\u0105, \u017ce maj\u0105 te objawienia do dzi\u015b<\/strong> &#8211; codziennie, co tydzie\u0144 lub co miesi\u0105c. Kto\u015b doliczy\u0142 si\u0119 ju\u017c 40 tys. tego typu objawie\u0144<\/em> &#8211; powiedzia\u0142 abp Hoser.<\/p>\r\n<p>Abp Hoser przypomnia\u0142, \u017ce na tle autentyczno\u015bci objawie\u0144 lub jej braku powsta\u0142y lokalne konflikty m.in. mi\u0119dzy pracuj\u0105cymi w miejscowej parafii franciszkanami, a biskupstwem diecezji Mostar. Jej obecny ordynariusz bp Ratko Peri\u0107 w opublikowanym na stronach diecezji artykule &#8211; rozpowszechnionym przez w\u0142oskiego watykanist\u0119 Andre\u0119 Torniellego &#8211; <strong>podwa\u017ca prawdziwo\u015b\u0107 i nadprzyrodzony charakter przes\u0142ania, jakie rzekomo przekaza\u0142a Matka Bo\u017ca<\/strong>.<\/p>\r\n<p>Abp Hoser podkre\u015bli\u0142, \u017ce zd\u0105\u017cy\u0142y si\u0119 ju\u017c pojawi\u0107 niezgodne z prawd\u0105 spekulacje na temat jego wizyty w Medjugorje, m.in. \u201einformacja, \u017ce ju\u017c tam jestem, \u017ce dozna\u0142em cudownego uzdrowienia od Matki Bo\u017cej\u201d. &#8211; <em>Tego typu opinie zaczynaj\u0105 kr\u0105\u017cy\u0107<\/em> &#8211; powiedzia\u0142 abp Hoser.<\/p>\r\n<p>Wizyta abp. Hosera w Medjugorju rozpocznie si\u0119 pod koniec marca. W jej trakcie papieski wys\u0142annik spotka si\u0119 m.in. z nuncjuszem apostolskim w Bo\u015bni i Hercegowinie abp. Luigim Pezzuto, arcybiskupem Sarajewa kard. Vinko Puljiciem oraz biskupem diecezji Mostar-Duvno Ratko Periciem. Niewykluczone s\u0105 rozmowy ze wszystkimi biskupami tej i s\u0105siednich diecezji.<\/p>\r\n<p>Druga faza wizyty abp. Hosera przebiegnie w samym Medjugorju i b\u0119dzie polega\u0107 na rozmowach z rezyduj\u0105cymi tam ojcami franciszkanami. B\u0119dzie to \u201eprzyjrzenie si\u0119 dzia\u0142alno\u015bci duszpasterskiej, jaka tam jest, wys\u0142uchanie wszystkich opinii, zebranie ich i wyci\u0105gni\u0119cie jakich\u015b wniosk\u00f3w\u201d.<\/p>\r\n<p>Abp Hoser nie planuje natomiast rozm\u00f3w z osobami, kt\u00f3re mia\u0142y dozna\u0107 objawie\u0144, gdy\u017c &#8211; jak podkre\u015bli\u0142 &#8211; nie wchodzi to w zakres jego misji. &#8211; <em>Natomiast chcia\u0142bym wiedzie\u0107, w jaki spos\u00f3b ich dzia\u0142alno\u015b\u0107 i obecno\u015b\u0107 interferuje z problemami duszpasterskimi, liturgi\u0105 itd. To, co oni maj\u0105 do powiedzenia, by\u0142o przedmiotem bada\u0144 komisji doktrynalnej<\/em> &#8211; wyja\u015bni\u0142.<\/p>\r\n<p>Raport z pobytu abp. Hosera w Medjugorju ma powsta\u0107 do czerwca br. Hierarcha podkre\u015bli\u0142, \u017ce misja \u201enie b\u0119dzie d\u0142uga, liczona raczej w tygodniach ni\u017c w miesi\u0105cach\u201d. Doda\u0142, \u017ce nic na razie nie wie na temat ewentualnych dalszych los\u00f3w tego, co zostanie zawarte w raporcie.<\/p>\r\n<p>&#8211; <em>To jest m\u00f3j ostatni rok pos\u0142ugiwania w diecezji warszawsko-praskiej. Ko\u0144cz\u0119 27 listopada 75 lat, a wi\u0119c przejd\u0119 na zas\u0142u\u017con\u0105 emerytur\u0119, ale jaka jest dalsza perspektywa misji specjalnej &#8211; trudno mi powiedzie\u0107. Wszystko zale\u017cy od rozwoju sytuacji<\/em> &#8211; powiedzia\u0142 abp Hoser.<\/p>\r\n<p>Medjugorje le\u017cy w diecezji Mostar na terenie Bo\u015bni i Hercegowiny. Wed\u0142ug s\u0142\u00f3w grupy m\u0142odych mieszka\u0144c\u00f3w tej miejscowo\u015bci, 24 czerwca roku 1981 zacz\u0119\u0142a im si\u0119 ukazywa\u0107 Matka Bo\u017ca, przekazuj\u0105c przes\u0142ania. \u201eSpotkania\u201d te trwaj\u0105 do dzisiaj i s\u0105 zwi\u0105zane nie z miejscem (zdarzaj\u0105 si\u0119 tak\u017ce poza Medjugorjem), ale z osobami wizjoner\u00f3w. W\u0142a\u015bnie niespotykana w historii tego typu zjawisk d\u0142ugotrwa\u0142o\u015b\u0107 i brak ich ostatecznego zako\u0144czenia s\u0105 jedn\u0105 z g\u0142\u00f3wnych przyczyn, dla kt\u00f3rych Ko\u015bci\u00f3\u0142 katolicki nie wypowiedzia\u0142 si\u0119 ostatecznie na temat ich nadprzyrodzonego charakteru.<\/p>\r\n<p>Dotychczas Stolica Apostolska za miarodajne uznaje stanowisko episkopatu Jugos\u0142awii z roku 1991, w my\u015bl kt\u00f3rego nie mo\u017cna potwierdzi\u0107 nadprzyrodzonego charakteru zjawisk zachodz\u0105cych w Medjugorju. Dop\u00f3ki tak si\u0119 nie stanie, nie mo\u017cna organizowa\u0107 tam oficjalnych pielgrzymek. Mimo to przybywaj\u0105cy do tego miejsca wierni powinni by\u0107 otoczeni opiek\u0105 duszpastersk\u0105, a co roku przyje\u017cd\u017ca tam ok. 2-2,5 mln ludzi, w tym wielu z Polski.<\/p>\r\n<p>18 stycznia roku 2014 zako\u0144czy\u0142a swoje prace mi\u0119dzynarodowa komisja badaj\u0105ca domniemane objawienia Matki Bo\u017cej, kt\u00f3rej przewodniczy kard. Camillo Ruini. O rezultacie jej bada\u0144 ma poinformowa\u0107 i wyda\u0107 orzeczenie w tej sprawie Kongregacja Nauki Wiary.<\/p>\r\n<p>KAI<\/p>\r\n<p>MW\u0142<\/p>\r\n<p class=\"zrodlo\">Za: <a href=\"http:\/\/www.pch24.pl\/na-czym-polega-problem-medjugorje--abp-hoser--niektorzy-utrzymuja--ze-maja-objawienia-do-dzis,49851,i.html\">PoloniaChristiana &#8211; pch24.pl (2017-03-02)<\/a><\/p>\r\n<h4>&nbsp;<\/h4>\r\n<hr style=\"background-color: #000000; border-width: 0; color: #000000; height: 2px; line-height: 0; text-align: center; width: 100%;\">\r\n<h4>&nbsp;<\/h4>\r\n<blockquote>\r\n<p><strong>KOMENTARZ <em>BIBU\u0141Y<\/em><\/strong>: Niestety, nie jest prawd\u0105 jakoby jedynym problemem jest fakt dziesi\u0105tek tysi\u0119cy &#8222;objawie\u0144&#8221; trwaj\u0105cych po dzi\u015b dzie\u0144 (&#8222;<em>Problem polega na tym, \u017ce niekt\u00f3rzy z nich utrzymuj\u0105, \u017ce maj\u0105 te objawienia do dzi\u015b<\/em>&#8222;), lecz wszystko od samego pocz\u0105tku, w\u0142\u0105cznie z pierwszymi &#8222;objawieniami&#8221;. W\u0142a\u015bnie w samych pierwszych &#8222;objawieniach&#8221;, a nie w ich ci\u0105g\u0142o\u015bci le\u017cy problem.<\/p>\r\n<\/blockquote>\r\n<h4>&nbsp;<\/h4>\r\n<hr style=\"background-color: #000000; border-width: 0; color: #000000; height: 2px; line-height: 0; text-align: center; width: 100%;\">\r\n<h4>&nbsp;<\/h4>","protected":false},"excerpt":{"rendered":"Medjugorje okazuje si\u0119 miejscem charyzmatycznym, do kt\u00f3rego ludzie odbywaj\u0105 prywatne pielgrzymki. Faktu, \u017ce to miejsce jest tak nawiedzane, nie mo\u017cna pomin\u0105\u0107. Chodzi o optymalizacj\u0119 troski duszpasterskiej o tych pielgrzym\u00f3w &#8211; powiedzia\u0142 w czwartek abp Henryk Hoser podczas spotkania z dziennikarzami. Hierarcha poinformowa\u0142 na nim o celach powierzonej mu przez papie\u017ca Franciszka misji zbadania sytuacji duszpasterskiej [&hellip;]","protected":false},"author":1,"featured_media":0,"comment_status":"closed","ping_status":"closed","sticky":false,"template":"","format":"standard","meta":{"_acf_changed":false,"_monsterinsights_skip_tracking":false,"_monsterinsights_sitenote_active":false,"_monsterinsights_sitenote_note":"","_monsterinsights_sitenote_category":0,"ngg_post_thumbnail":0,"footnotes":"","_wp_rev_ctl_limit":""},"categories":[5],"tags":[74],"acf":[],"_links":{"self":[{"href":"https:\/\/www.bibula.com\/index.php?rest_route=\/wp\/v2\/posts\/94184"}],"collection":[{"href":"https:\/\/www.bibula.com\/index.php?rest_route=\/wp\/v2\/posts"}],"about":[{"href":"https:\/\/www.bibula.com\/index.php?rest_route=\/wp\/v2\/types\/post"}],"author":[{"embeddable":true,"href":"https:\/\/www.bibula.com\/index.php?rest_route=\/wp\/v2\/users\/1"}],"replies":[{"embeddable":true,"href":"https:\/\/www.bibula.com\/index.php?rest_route=%2Fwp%2Fv2%2Fcomments&post=94184"}],"version-history":[{"count":0,"href":"https:\/\/www.bibula.com\/index.php?rest_route=\/wp\/v2\/posts\/94184\/revisions"}],"wp:attachment":[{"href":"https:\/\/www.bibula.com\/index.php?rest_route=%2Fwp%2Fv2%2Fmedia&parent=94184"}],"wp:term":[{"taxonomy":"category","embeddable":true,"href":"https:\/\/www.bibula.com\/index.php?rest_route=%2Fwp%2Fv2%2Fcategories&post=94184"},{"taxonomy":"post_tag","embeddable":true,"href":"https:\/\/www.bibula.com\/index.php?rest_route=%2Fwp%2Fv2%2Ftags&post=94184"}],"curies":[{"name":"wp","href":"https:\/\/api.w.org\/{rel}","templated":true}]}}