{"id":94094,"date":"2017-02-27T10:31:27","date_gmt":"2017-02-27T15:31:27","guid":{"rendered":"http:\/\/www.bibula.com\/?p=94094"},"modified":"2017-02-27T10:31:27","modified_gmt":"2017-02-27T15:31:27","slug":"brazylia-wsrod-mezczyzn-rozaniec-coraz-bardziej-popularny","status":"publish","type":"post","link":"https:\/\/www.bibula.com\/?p=94094","title":{"rendered":"Brazylia: w\u015br\u00f3d m\u0119\u017cczyzn r\u00f3\u017caniec coraz bardziej popularny"},"content":{"rendered":"<p><strong>W brazylijskim Ko\u015bciele pojawi\u0142o si\u0119 nowe zjawisko: wzrasta liczba m\u0119\u017cczyzn modl\u0105cych si\u0119 na r\u00f3\u017ca\u0144cu. 19 lutego b. r. odby\u0142a si\u0119 krajowa pielgrzymka m\u0119skich grup r\u00f3\u017ca\u0144cowych do sanktuarium w Aparecidzie.<\/strong><\/p>\r\n<p>Pierwsza taka pielgrzymka mia\u0142a miejsce w 2009 r. i uczestniczy\u0142o w niej 600 m\u0119\u017cczyzn. W tegorocznej uczestniczy\u0142o ju\u017c ponad 70 tys. m\u0119\u017cczyzn przyby\u0142ych z r\u00f3\u017cnych stron tego rozleg\u0142ego kraju. W Brazylii wci\u0105\u017c powstaj\u0105 nowe grupy m\u0119\u017cczyzn odmawiaj\u0105cych r\u00f3\u017caniec i poprzez niego anga\u017cuj\u0105cych si\u0119 w miejscowe wsp\u00f3lnoty ko\u015bcielne.<\/p>\r\n<p>Abp Gil Ant\u00c3\u00b4nio Moreira, kt\u00f3ry z ramienia episkopatu od o\u015bmiu lat towarzyszy szerz\u0105cemu si\u0119 m\u0119skiemu ruchowi modlitwy r\u00f3\u017ca\u0144cowej, uwa\u017ca, \u017ce jest to cud trudny do wyt\u0142umaczenia. Inicjatywa odmawiania r\u00f3\u017ca\u0144ca w grupie m\u0119\u017cczyzn wychodzi od nich samych. Jeden zaprasza drugiego i tak powstaj\u0105 coraz to nowe grupy zbieraj\u0105ce si\u0119 na wsp\u00f3lnej modlitwie i rozwa\u017caniu tajemnic r\u00f3\u017ca\u0144cowych.<\/p>\r\n<p>Wspomniany hierarcha podkre\u015bla, \u017ce modl\u0105cy si\u0119 wsp\u00f3lnie na r\u00f3\u017ca\u0144cu m\u0119\u017cczy\u017ani s\u0105 prawdziwymi misjonarzami. \u201eJest to dzia\u0142alno\u015b\u0107, za kt\u00f3r\u0105 konferencja biskup\u00f3w jest wdzi\u0119czna, bowiem realizuje si\u0119 w prostocie, z oddaniem i z g\u0142\u0119bok\u0105 wiar\u0105. W wielu m\u0119skich grupach r\u00f3\u017ca\u0144cowych na terenie ca\u0142ej Brazylii misj\u0119 realizuje si\u0119 nie tylko przez wsp\u00f3ln\u0105 modlitw\u0119. Modlitwa prowadzi ich na spotkanie z biednymi, kt\u00f3rzy \u017cyj\u0105 na ulicach miast, jak te\u017c do anga\u017cowania si\u0119 w wielu dzie\u0142ach spo\u0142ecznych Ko\u015bcio\u0142a\u201d.<\/p>\r\n<p>M\u0119\u017cczy\u017ani modl\u0105cy si\u0119 na r\u00f3\u017ca\u0144cu uzewn\u0119trzniaj\u0105 wobec innych rado\u015b\u0107, jak\u0105 odkryli, a p\u0142ynie ona z modlitwy. Dzi\u0119ki niej dokonuje si\u0119 wiele nawr\u00f3ce\u0144. Abp Moreira daje \u015bwiadectwo o powrocie ludzi, kt\u00f3rzy przeszli do innych grup religijnych, a teraz s\u0105 znowu w Ko\u015bciele katolickim. W wielu przypadkach r\u00f3\u017caniec ocali\u0142 rodzin\u0119. \u201eDoradzam, aby ka\u017cdy m\u0119\u017cczyzna odmawia\u0142 r\u00f3\u017caniec, gdy\u017c jest on narz\u0119dziem ewangelizacji. B\u00f3g nas ewangelizuje, poniewa\u017c jest to kontemplacja \u017cycia Chrystusa\u201d &#8211; m\u00f3wi brazylijski hierarcha.<\/p>\r\n<p>Z. Malczewski TChr, Brazylia \/ rv<\/p>","protected":false},"excerpt":{"rendered":"W brazylijskim Ko\u015bciele pojawi\u0142o si\u0119 nowe zjawisko: wzrasta liczba m\u0119\u017cczyzn modl\u0105cych si\u0119 na r\u00f3\u017ca\u0144cu. 19 lutego b. r. odby\u0142a si\u0119 krajowa pielgrzymka m\u0119skich grup r\u00f3\u017ca\u0144cowych do sanktuarium w Aparecidzie. Pierwsza taka pielgrzymka mia\u0142a miejsce w 2009 r. i uczestniczy\u0142o w niej 600 m\u0119\u017cczyzn. W tegorocznej uczestniczy\u0142o ju\u017c ponad 70 tys. m\u0119\u017cczyzn przyby\u0142ych z r\u00f3\u017cnych stron [&hellip;]","protected":false},"author":1,"featured_media":0,"comment_status":"closed","ping_status":"closed","sticky":false,"template":"","format":"standard","meta":{"_acf_changed":false,"_monsterinsights_skip_tracking":false,"ngg_post_thumbnail":0,"footnotes":"","_wp_rev_ctl_limit":""},"categories":[3],"tags":[248,119],"acf":[],"_links":{"self":[{"href":"https:\/\/www.bibula.com\/index.php?rest_route=\/wp\/v2\/posts\/94094"}],"collection":[{"href":"https:\/\/www.bibula.com\/index.php?rest_route=\/wp\/v2\/posts"}],"about":[{"href":"https:\/\/www.bibula.com\/index.php?rest_route=\/wp\/v2\/types\/post"}],"author":[{"embeddable":true,"href":"https:\/\/www.bibula.com\/index.php?rest_route=\/wp\/v2\/users\/1"}],"replies":[{"embeddable":true,"href":"https:\/\/www.bibula.com\/index.php?rest_route=%2Fwp%2Fv2%2Fcomments&post=94094"}],"version-history":[{"count":0,"href":"https:\/\/www.bibula.com\/index.php?rest_route=\/wp\/v2\/posts\/94094\/revisions"}],"wp:attachment":[{"href":"https:\/\/www.bibula.com\/index.php?rest_route=%2Fwp%2Fv2%2Fmedia&parent=94094"}],"wp:term":[{"taxonomy":"category","embeddable":true,"href":"https:\/\/www.bibula.com\/index.php?rest_route=%2Fwp%2Fv2%2Fcategories&post=94094"},{"taxonomy":"post_tag","embeddable":true,"href":"https:\/\/www.bibula.com\/index.php?rest_route=%2Fwp%2Fv2%2Ftags&post=94094"}],"curies":[{"name":"wp","href":"https:\/\/api.w.org\/{rel}","templated":true}]}}