{"id":9396,"date":"2009-05-19T12:51:51","date_gmt":"2009-05-19T17:51:51","guid":{"rendered":"http:\/\/www.bibula.com\/?p=9396"},"modified":"2009-05-19T12:51:51","modified_gmt":"2009-05-19T17:51:51","slug":"urzednicy-panstwowi-wycofali-sie-z-konferencji-o-ludobojstwie-na-kresach-wschodnich","status":"publish","type":"post","link":"https:\/\/www.bibula.com\/?p=9396","title":{"rendered":"Urz\u0119dnicy pa\u0144stwowi wycofali si\u0119 z konferencji o ludob\u00f3jstwie na Kresach Wschodnich"},"content":{"rendered":"<p>Minister Radek Sikorski na dzie\u0144 przed konfrerencj\u0105 o ludob\u00f3jstwie polskich obywateli na\u00a0Wo\u0142yniu i w Ma\u0142opolsce Wschodniej, organizowan\u0105 przez Rzecznika Praw Obywatelskich Janusza Kochanowskiego, zabroni\u0142 swojemu podw\u0142adnemu udzia\u0142u w tej\u017ce konferencji. Sta\u0142o si\u0119 to pomimo tego, \u017ce w rozes\u0142anym programie znajdowa\u0142 si\u0119 nast\u0119puj\u0105cy punkt:<br \/>\r\n<br \/>\r\n13:30 &#8211; 13:45 &#8211; Stanowisko i dzia\u0142ania Ministerstwa Spraw Zagranicznych w sprawie polskich miejsc pami\u0119ci na Ukrainie &#8211; Wojciech Tyci\u0144ski, Dyrektor Departamentu Wsp\u00f3\u0142pracy z Poloni\u0105, Ministerstwo Spraw Zagranicznych<br \/>\r\n<br \/>\r\n<br \/>\r\nZ nieoficjalnej informacji wynika, ze Radek Sikorski podj\u0105\u0142 tak\u0105 decyzj\u0119 pod presj\u0105 ambasadora Ukrainy.<br \/>\r\n<br \/>\r\nZ konferencji wycofa\u0142 si\u0119 tak\u017ce w ostatnie chwili min. Andrzej Przewo\u017anik, kt\u00f3rego wystapienie zapowiedziane by\u0142o w nast\u0119puj\u0105cy spos\u00f3b:<br \/>\r\n<br \/>\r\n11:40 &#8211; 12:00 &#8211; Problemy stosownego urz\u0105dzenia miejsc polskiej pami\u0119ci narodowej na Ukrainie w \u015bwietle 20-letnich do\u015bwiadcze\u0144 Rady Ochrony Pami\u0119ci Walk i M\u0119cze\u0144stwa &#8211; Andrzej Przewo\u017anik, Sekretarz, Rada Ochrony Pami\u0119ci Walk i M\u0119cze\u0144stwa <br \/>\r\n<br \/>\r\nCzy na ministra naciska\u0142 te\u017c ambasador Ukrainy, to tego nie wiem. Wiem jednak, \u017ce od pewnego czasu Andrzej Przewo\u017anik praktycznie nic nie robi w sprawie upami\u0119tnienia polskich mogi\u0142 na Ukrainie, czego najlepszym przyk\u0142adem jest tak pusty gr\u00f3b arcybiskupa J\u00f3zefa Teodorowicza na Cmentarzu Orl\u0105t Lwowskich, a tak\u017ce\u00a0brak jakiegokolwiek upami\u0119tnienia\u00a0na setkach zbiorowych mogi\u0142ach, w tym te\u017c w rodzinnej wiosce mego ojca, w Koro\u015bciatynie k. Monasterzysk na Tarnopolszczy\u017anie. W wiosce tej banderowcy wymordowali 176 mieszkanc\u00f3w, ale Rada Ochrony Pami\u0119ci do tej pory nie postawi\u0142a tam ani pomnika, ani nawet nawet krzy\u017ca. <br \/>\r\n<br \/>\r\nParadoksem jest fakt, \u017ce konferencja nosi tytu\u0142 &#8222;Pa\u0144stwo a pami\u0119\u0107 ofiar &#8211; nieupami\u0119tnione ofiary zbrodni wo\u0142y\u0144sko-ma\u0142opolskiej&#8221;. Postawa urz\u0119dnik\u00f3w pa\u0144stwowych, nawiasem m\u00f3wi\u0107 \u015bwietnie op\u0142acanych z naszych podatk\u00f3w, najlepiej pokazuje jaki jest stosunek establishmentu Trzeciej RP do pami\u0119ci o pomordowanych obywatelach Drugiej RP, kt\u00f3rzy gineli tylko dlatego, \u017ce byli Polakami. <br \/>\r\n<br \/>\r\nPomimo tego konferencja i tak si\u0119 odb\u0119dzie 20 maja, za co Panu Rzecznikowi Januszowi Kochanowskiemu nale\u017c\u0105 si\u0119 s\u0142owa szacunku i uznania. Jak m\u00f3wi stare powiedzenie &#8211; &#8222;Urz\u0119dnikiem si\u0119 bywa, a cz\u0142owiekiem si\u0119 jest&#8221;.<\/p>\r\n\r\n<p>Za: <a href=\"http:\/\/www.isakowicz.pl\/index.php?page=news&amp;kid=8&amp;nid=1759\" target=\"_blank\">Blog ks. Tadeusza Isakowicza-Zaleskiego<\/a><\/p>\r\n\r\n<p><br class=\"spacer_\" \/><\/p>","protected":false},"excerpt":{"rendered":"Minister Radek Sikorski na dzie\u0144 przed konfrerencj\u0105 o ludob\u00f3jstwie polskich obywateli na\u00a0Wo\u0142yniu i w Ma\u0142opolsce Wschodniej, organizowan\u0105 przez Rzecznika Praw Obywatelskich Janusza Kochanowskiego, zabroni\u0142 swojemu podw\u0142adnemu udzia\u0142u w tej\u017ce konferencji. Sta\u0142o si\u0119 to pomimo tego, \u017ce w rozes\u0142anym programie znajdowa\u0142 si\u0119 nast\u0119puj\u0105cy punkt: 13:30 &#8211; 13:45 &#8211; Stanowisko i dzia\u0142ania Ministerstwa Spraw Zagranicznych w sprawie [&hellip;]","protected":false},"author":1,"featured_media":0,"comment_status":"closed","ping_status":"closed","sticky":false,"template":"","format":"standard","meta":{"_acf_changed":false,"_monsterinsights_skip_tracking":false,"_monsterinsights_sitenote_active":false,"_monsterinsights_sitenote_note":"","_monsterinsights_sitenote_category":0,"ngg_post_thumbnail":0,"footnotes":"","_wp_rev_ctl_limit":""},"categories":[8],"tags":[16,17],"acf":[],"_links":{"self":[{"href":"https:\/\/www.bibula.com\/index.php?rest_route=\/wp\/v2\/posts\/9396"}],"collection":[{"href":"https:\/\/www.bibula.com\/index.php?rest_route=\/wp\/v2\/posts"}],"about":[{"href":"https:\/\/www.bibula.com\/index.php?rest_route=\/wp\/v2\/types\/post"}],"author":[{"embeddable":true,"href":"https:\/\/www.bibula.com\/index.php?rest_route=\/wp\/v2\/users\/1"}],"replies":[{"embeddable":true,"href":"https:\/\/www.bibula.com\/index.php?rest_route=%2Fwp%2Fv2%2Fcomments&post=9396"}],"version-history":[{"count":0,"href":"https:\/\/www.bibula.com\/index.php?rest_route=\/wp\/v2\/posts\/9396\/revisions"}],"wp:attachment":[{"href":"https:\/\/www.bibula.com\/index.php?rest_route=%2Fwp%2Fv2%2Fmedia&parent=9396"}],"wp:term":[{"taxonomy":"category","embeddable":true,"href":"https:\/\/www.bibula.com\/index.php?rest_route=%2Fwp%2Fv2%2Fcategories&post=9396"},{"taxonomy":"post_tag","embeddable":true,"href":"https:\/\/www.bibula.com\/index.php?rest_route=%2Fwp%2Fv2%2Ftags&post=9396"}],"curies":[{"name":"wp","href":"https:\/\/api.w.org\/{rel}","templated":true}]}}