{"id":93918,"date":"2017-02-20T10:42:47","date_gmt":"2017-02-20T15:42:47","guid":{"rendered":"http:\/\/www.bibula.com\/?p=93918"},"modified":"2020-09-19T12:09:42","modified_gmt":"2020-09-19T16:09:42","slug":"papiez-franciszek-migracje-nie-sa-zagrozeniem-europa-powstala-w-rezultacie-inwazji","status":"publish","type":"post","link":"https:\/\/www.bibula.com\/?p=93918","title":{"rendered":"Papie\u017c Franciszek: migracje nie s\u0105 zagro\u017ceniem. Europa powsta\u0142a w rezultacie inwazji"},"content":{"rendered":"<p><strong>Papie\u017c Franciszek powiedzia\u0142 w pi\u0105tek podczas wizyty na uniwersytecie w Rzymie, \u017ce migracje nie s\u0105 zagro\u017ceniem, ale wyzwaniem. Europa powsta\u0142a w rezultacie inwazji, migracji &#8211; m\u00f3wi\u0142 papie\u017c.<\/strong><\/p>\r\n<p>\u201eZastanawiam si\u0119, ile inwazji prze\u017cy\u0142a Europa od swego pocz\u0105tku. Europa powsta\u0142a w rezultacie inwazji, migracji\u201d- m\u00f3wi\u0142 papie\u017c. \u201eMigracje nie s\u0105 zagro\u017ceniem, ale wyzwaniem, by si\u0119 rozwija\u0107. I m\u00f3wi to kto\u015b, kto pochodzi z kraju, gdzie 80 procent ludno\u015bci to imigranci\u201d &#8211; o\u015bwiadczy\u0142 Franciszek, potomek w\u0142oskich imigrant\u00f3w z Argentyny.<\/p>\r\n<p>\u201eKa\u017cdy kraj powinien zdecydowa\u0107, jak\u0105 liczb\u0119 imigrant\u00f3w jest w stanie przyj\u0105\u0107. Nie mo\u017cna przyjmowa\u0107, je\u015bli nie ma si\u0119 takich mo\u017cliwo\u015bci\u201d &#8211; m\u00f3wi\u0142. Jak zaznaczy\u0142, chodzi nie tylko o to, by przyj\u0105\u0107 imigrant\u00f3w, ale te\u017c by umo\u017cliwi\u0107 im integracj\u0119.<\/p>\r\n<p>Papie\u017c oceni\u0142, \u017ce idealnym rozwi\u0105zaniem kryzysu migracyjnego i odpowiedzi\u0105 na exodus ludzi by\u0142oby zako\u0144czenie \u201ei wojny, i g\u0142odu\u201d oraz \u201epok\u00f3j i inwestycje\u201d.<\/p>\r\n<p><em>PAP<\/em><br \/>\r\n<em><a href=\"https:\/\/ndie.pl\/papiez-franciszek-migracje-sa-zagrozeniem-europa-powstala-rezultacie-inwazji\/\" target=\"_blank\" rel=\"noopener noreferrer\">https:\/\/ndie.pl<\/a><\/em><\/p>\r\n<p><em>Tak, tak, Ojcze \u015awi\u0119ty &#8211; nie traktujmy choroby na raka jako zagro\u017cenie, lecz jako wyzwanie\u2026 bred\u017amy dalej o \u201eintegracji\u201d\u2026 fa\u0142szujmy na chama histori\u0119 Europy\u2026<\/em><br \/>\r\n<em> Admin<\/em><\/p>\r\n<p class=\"zrodlo\">Za: <a href=\"https:\/\/marucha.wordpress.com\/2017\/02\/19\/papiez-franciszek-migracje-nie-sa-zagrozeniem-europa-powstala-w-rezultacie-inwazji\/\">Dziennik gajowego Maruchy (2017-02-19)<\/a><\/p>","protected":false},"excerpt":{"rendered":"Papie\u017c Franciszek powiedzia\u0142 w pi\u0105tek podczas wizyty na uniwersytecie w Rzymie, \u017ce migracje nie s\u0105 zagro\u017ceniem, ale wyzwaniem. Europa powsta\u0142a w rezultacie inwazji, migracji &#8211; m\u00f3wi\u0142 papie\u017c. \u201eZastanawiam si\u0119, ile inwazji prze\u017cy\u0142a Europa od swego pocz\u0105tku. Europa powsta\u0142a w rezultacie inwazji, migracji\u201d- m\u00f3wi\u0142 papie\u017c. \u201eMigracje nie s\u0105 zagro\u017ceniem, ale wyzwaniem, by si\u0119 rozwija\u0107. I m\u00f3wi [&hellip;]","protected":false},"author":2,"featured_media":0,"comment_status":"closed","ping_status":"closed","sticky":false,"template":"","format":"standard","meta":{"_acf_changed":false,"_monsterinsights_skip_tracking":false,"_monsterinsights_sitenote_active":false,"_monsterinsights_sitenote_note":"","_monsterinsights_sitenote_category":0,"ngg_post_thumbnail":0,"footnotes":"","_wp_rev_ctl_limit":""},"categories":[3],"tags":[301,76,20,33],"acf":[],"_links":{"self":[{"href":"https:\/\/www.bibula.com\/index.php?rest_route=\/wp\/v2\/posts\/93918"}],"collection":[{"href":"https:\/\/www.bibula.com\/index.php?rest_route=\/wp\/v2\/posts"}],"about":[{"href":"https:\/\/www.bibula.com\/index.php?rest_route=\/wp\/v2\/types\/post"}],"author":[{"embeddable":true,"href":"https:\/\/www.bibula.com\/index.php?rest_route=\/wp\/v2\/users\/2"}],"replies":[{"embeddable":true,"href":"https:\/\/www.bibula.com\/index.php?rest_route=%2Fwp%2Fv2%2Fcomments&post=93918"}],"version-history":[{"count":2,"href":"https:\/\/www.bibula.com\/index.php?rest_route=\/wp\/v2\/posts\/93918\/revisions"}],"predecessor-version":[{"id":118026,"href":"https:\/\/www.bibula.com\/index.php?rest_route=\/wp\/v2\/posts\/93918\/revisions\/118026"}],"wp:attachment":[{"href":"https:\/\/www.bibula.com\/index.php?rest_route=%2Fwp%2Fv2%2Fmedia&parent=93918"}],"wp:term":[{"taxonomy":"category","embeddable":true,"href":"https:\/\/www.bibula.com\/index.php?rest_route=%2Fwp%2Fv2%2Fcategories&post=93918"},{"taxonomy":"post_tag","embeddable":true,"href":"https:\/\/www.bibula.com\/index.php?rest_route=%2Fwp%2Fv2%2Ftags&post=93918"}],"curies":[{"name":"wp","href":"https:\/\/api.w.org\/{rel}","templated":true}]}}