{"id":9391,"date":"2009-05-19T12:46:05","date_gmt":"2009-05-19T17:46:05","guid":{"rendered":"http:\/\/www.bibula.com\/?p=9391"},"modified":"2009-05-19T12:46:05","modified_gmt":"2009-05-19T17:46:05","slug":"byly-premier-u-gejow-obluda-na-masowa-skale","status":"publish","type":"post","link":"https:\/\/www.bibula.com\/?p=9391","title":{"rendered":"By\u0142y premier u gej\u00f3w; &#8222;ob\u0142uda na masow\u0105 skal\u0119&#8221;"},"content":{"rendered":"<p>Marcinkiewicz jest cynicznym hipokryt\u0105. Z jednej strony deklaruje przywi\u0105zanie do katolickich warto\u015bci i zasad, a z drugiej strony w codziennym \u017cyciu si\u0119 ich nie trzyma. Jest to ob\u0142uda i hipokryzja, na kt\u00f3r\u0105 da\u0142o si\u0119 w Polsce nabra\u0107 wielu. <\/span><\/p>\r\n\r\n\r\n<div>\r\n<div><p align=\"justify\">By\u0142y premier rz\u0105du, wybitny dzia\u0142acz ZChN i PiS z promowaniem warto\u015bci chrze\u015bcija\u0144skich w swoim codziennym \u017cyciu ma niewiele wsp\u00f3lnego. Kazimierz Marcinkiewicz rozwodzi si\u0119 z \u017con\u0105, kt\u00f3r\u0105 bez wahania zostawia z wielkimi \u017cyciowymi problemami i bawi si\u0119 kochank\u0105 z kt\u00f3r\u0105 obnosi si\u0119 wsz\u0119dzie, tylko dla rozg\u0142osu.<\/p>\r\n\r\n<p align=\"justify\">Syndrom zestarza\u0142ego m\u0142odzie\u0144ca, kt\u00f3ry chce pokaza\u0107 \u015bwiatu swoj\u0105 moc &#8211; kompromituje Marcinkiewicza. Poniewa\u017c w ostatnich tygodniach jego s\u0142awa przygas\u0142a, Marcinkiewicz uda\u0142 si\u0119 ze swoj\u0105 kochank\u0105 do klubu dla pederast\u00f3w. Podobno bawili si\u0119 wy\u015bmienicie!<\/p>\r\n\r\n<p align=\"justify\">By\u0142y premier rz\u0105du ma \u015bwiadomo\u015b\u0107, co to jest zgorszenie publiczne i wie te\u017c, \u017ce przyjdzie chwila, \u017ce b\u0119dzie musia\u0142 publicznie rozliczy\u0107 si\u0119 ze swoich post\u0119pk\u00f3w.<\/p>\r\n\r\n<p align=\"justify\">Za: <a href=\"http:\/\/www.aspektpolski.pl\/index.php?option=com_content&amp;task=view&amp;id=2264&amp;Itemid=1\" target=\"_blank\">Aspekt Polski<\/a><\/p>\r\n\r\n<p align=\"justify\">\u00a0\r\n<\/div>","protected":false},"excerpt":{"rendered":"Marcinkiewicz jest cynicznym hipokryt\u0105. Z jednej strony deklaruje przywi\u0105zanie do katolickich warto\u015bci i zasad, a z drugiej strony w codziennym \u017cyciu si\u0119 ich nie trzyma. Jest to ob\u0142uda i hipokryzja, na kt\u00f3r\u0105 da\u0142o si\u0119 w Polsce nabra\u0107 wielu. By\u0142y premier rz\u0105du, wybitny dzia\u0142acz ZChN i PiS z promowaniem warto\u015bci chrze\u015bcija\u0144skich w swoim codziennym \u017cyciu ma [&hellip;]","protected":false},"author":1,"featured_media":0,"comment_status":"closed","ping_status":"closed","sticky":false,"template":"","format":"standard","meta":{"_acf_changed":false,"_monsterinsights_skip_tracking":false,"_monsterinsights_sitenote_active":false,"_monsterinsights_sitenote_note":"","_monsterinsights_sitenote_category":0,"ngg_post_thumbnail":0,"footnotes":"","_wp_rev_ctl_limit":""},"categories":[8],"tags":[26,98],"acf":[],"_links":{"self":[{"href":"https:\/\/www.bibula.com\/index.php?rest_route=\/wp\/v2\/posts\/9391"}],"collection":[{"href":"https:\/\/www.bibula.com\/index.php?rest_route=\/wp\/v2\/posts"}],"about":[{"href":"https:\/\/www.bibula.com\/index.php?rest_route=\/wp\/v2\/types\/post"}],"author":[{"embeddable":true,"href":"https:\/\/www.bibula.com\/index.php?rest_route=\/wp\/v2\/users\/1"}],"replies":[{"embeddable":true,"href":"https:\/\/www.bibula.com\/index.php?rest_route=%2Fwp%2Fv2%2Fcomments&post=9391"}],"version-history":[{"count":0,"href":"https:\/\/www.bibula.com\/index.php?rest_route=\/wp\/v2\/posts\/9391\/revisions"}],"wp:attachment":[{"href":"https:\/\/www.bibula.com\/index.php?rest_route=%2Fwp%2Fv2%2Fmedia&parent=9391"}],"wp:term":[{"taxonomy":"category","embeddable":true,"href":"https:\/\/www.bibula.com\/index.php?rest_route=%2Fwp%2Fv2%2Fcategories&post=9391"},{"taxonomy":"post_tag","embeddable":true,"href":"https:\/\/www.bibula.com\/index.php?rest_route=%2Fwp%2Fv2%2Ftags&post=9391"}],"curies":[{"name":"wp","href":"https:\/\/api.w.org\/{rel}","templated":true}]}}