{"id":939,"date":"2007-03-17T00:00:00","date_gmt":"2007-03-17T00:00:00","guid":{"rendered":""},"modified":"2017-03-17T10:45:17","modified_gmt":"2017-03-17T14:45:17","slug":"kard-rigali-z-filadelfii-wprowadza-tabernakulum-z-powrotem-na-waciwe-centralne-miejsce-w-kociele","status":"publish","type":"post","link":"https:\/\/www.bibula.com\/?p=939","title":{"rendered":"Kard. Rigali z Filadelfii wprowadza Tabernakulum z powrotem na w\u0142a\u015bciwe &#8211; centralne &#8211; miejsce w ko\u015bciele"},"content":{"rendered":"<p>W swoim pierwszym li\u015bcie pasterskim po obj\u0119ciu Archidiecezji Filadelfii w pa\u017adzierniku 2003 roku, kardyna\u0142 Justin Francis Rigali wezwa\u0142 ksi\u0119\u017cy by oddanie si\u0119 Jezusowi Chrystusowi obecnemu w Eucharystii sta\u0142o si\u0119 najwa\u017cniejszym ich celem i aby ich postawa stanowi\u0142a dla wiernych przyk\u0142ad takiego oddania si\u0119. Kardyna\u0142 Justin Rigali wspiera\u0142 odtworzenie w swojej diecezji zanikaj\u0105cych praktyk adoracji Naj\u015bwi\u0119tszego Sakramentu, w tym adoracji 40-godzinnych i w li\u015bcie przypomina\u0142, \u017ce &#8222;Wyznajemy prawdziw\u0105 obecno\u015b\u0107 Naszego Pana w Naj\u015bwi\u0119tszym Sakramencie [&#8230;] Prosz\u0119 ca\u0142\u0105 Archidiecezj\u0119 Filadelfii aby uczyniono wszystko co mo\u017cliwe by promowa\u0107 i poszerza\u0107 praktyki adoracji Naj\u015bwi\u0119tszego Sakramentu [&#8230;] Mam nadziej\u0119, \u017ce ca\u0142a praca Archidiecezji i wszystkich ludzi w niej \u017cyj\u0105cych b\u0119dzie o\u017cywiona przez nowy przyp\u0142yw praktyk oddania si\u0119 i adoracji Eucharysti.&#8221;<\/p>\r\n<p>W \u015blad za s\u0142owami poszly bardzo konkrente dzia\u0142ania, w tym niedawne wa\u017cne wydarzenie w katedrze filadelfijskiej. W niedziel\u0119, 4 marca br. w katedrze \u015bw. Piotra i Paw\u0142a odby\u0142a si\u0119 ceremonia uroczystego przeniesienia Tabernakulum z bocznej nawy z powrotem na centralne miejsce ko\u015bcio\u0142a. Uroczysto\u015bci przewodniczy\u0142 kardyna\u0142 Rigali, daj\u0105c tym samym przyk\u0142ad wszystkim ksi\u0119\u017com i wskazuj\u0105c, \u017ce Tabernakulum powinno by\u0107 umieszczone za g\u0142\u00f3wnym o\u0142tarzem, w centralnym optycznie miejscu ko\u015bcio\u0142a. Po wprowadzeniu Eucharystii do nowo przygotowanego Taberankulum, kard. Rigali powiedzia\u0142, \u017ce: &#8222;Nasze serca wype\u0142ni\u0142y si\u0119 rado\u015bci\u0105 z mo\u017cliwo\u015bci prze\u017cywania tego wielkiego wydarzenia [&#8230;] Oddajemy cze\u015b\u0107 Chrystusowi realnie obecnemu w Eucharystii, kt\u00f3rego umie\u015bcili\u015bmy na tronie w tym pi\u0119knym nowym Tabernakulum &#8211; co jest wyznaniem naszej \u015bwi\u0119tej wiary katolickiej.&#8221;<\/p>\r\n<p><img fetchpriority=\"high\" decoding=\"async\" class=\"aligncenter\" src=\"http:\/\/www.bibula.com\/images\/00939.jpg\" alt=\"\" height=\"894\" width=\"597\"><\/p>\r\n<p style=\"text-align: center;\">O\u0142tarz przed przeniesieniem Tabernakulum (obrazek na g\u00f3rze po lewej stronie) i po przeniesieniu.<br>\r\n Msza <em>Novus Ordo <\/em> odprawiana po \u0142acinie<\/p>\r\n<p>Pi\u0119kne, obszerne Taberankulum wykonane zosta\u0142o z w\u0142oskiego marmuru pobranego z Pietrasanta, tego samego z kt\u00f3rego wykonana zosta\u0142a przed pi\u0119\u0107dziesi\u0119ciu laty pozosta\u0142a cz\u0119\u015b\u0107 g\u0142\u00f3wnego o\u0142tarza. Zdobienia nad o\u0142tarzem wykonane s\u0105 z bia\u0142ego z\u0142ota i wiernie oddaj\u0105 styl stosowany w XIX wieku. Rektor katedry Monsignor Michael T. McCulken wzruszony wyzna\u0142, \u017ce &#8222;Wygl\u0105da tak jakby sta\u0142o w tym samym miejscu przez ca\u0142y czas. Restauracja i dopasowanie Tabernakulum do centralnego miejsca o\u0142tarza jest przepi\u0119kne. Miejmy nadziej\u0119, \u017ce poprzez to pi\u0119kno wzmocni si\u0119 nasza mi\u0142o\u015b\u0107 do Chrystusa i umocni\u0105 pobo\u017cne adoracje Eucharystii.&#8221;<\/p>\r\n<p>Kardyna\u0142 Rigali wielokrotnie zaznacza\u0142, \u017ce centralnym miejscem w ko\u015bciele powinno by\u0107 Taberankulum i specjalnie sprzeciwia\u0142 si\u0119 umieszczaniu w tym miejscu foteli celebransa.<\/p>\r\n<p>&nbsp;<\/p>\r\n<blockquote>\r\n<p><strong>KOMENTARZ <em>BIBU\u0141Y<\/em><\/strong>: Pierwszy krok zrobiony i tylko cieszy\u0107 si\u0119 z tak wspania\u0142ych inicjatyw. Mo\u017ce fala prawdziwie katolickiego my\u015blenia pozwoli wkr\u00f3tce na drugi krok i usuni\u0119cie tego <em>sto\u0142u<\/em>, kt\u00f3ry umieszczony zosta\u0142 w ko\u015bcio\u0142ach przed prawdziwym o\u0142tarzem (albo zupe\u0142nie zamiast). Tak, najwy\u017cszy czas na usuni\u0119cie tych wszystkich ohydnych skrzynek w modernistycznych ko\u015bcio\u0142ach uzurpuj\u0105cych sobie miano Tabernakulum i zast\u0105pienie ich prawdziwym domem godnym Chrystusa. Pora na odci\u0119cie si\u0119 od schedy po pontyfikacie Jana Paw\u0142a II, kt\u00f3ry przez tyle lat nie tylko nie reagowa\u0142 &#8211; ani razu! &#8211; na wt\u0142aczanie do ko\u015bcio\u0142\u00f3w takich szkaradztw, ale i sam je chwali\u0142, podziwia\u0142 i b\u0142ogos\u0142awi\u0142.<br>\r\n <br>\r\n To wszystko jest konieczne by wreszcie odtworzy\u0107 prawdziwy katolicyzm, nieska\u017cony modernizmem (&#8222;stekiem wszystkich herezji&#8221;) i przywr\u00f3ci\u0107 tradycyjn\u0105 Msz\u0119 \u015awi\u0119t\u0105. Bo zgubne nurty w Ko\u015bciele &#8211; r\u00f3wnie\u017c te janopaw\u0142owe &#8211; mijaj\u0105, a Tradycja z Msz\u0105 \u015awi\u0119t\u0105 Wszechczas\u00f3w b\u0119dzie trwa\u0142a.<br>\r\n <br>\r\n Mo\u017ce po czterdziestu-kilku latach ob\u0142\u0119dnego eksperymentu w Ko\u015bciele przychodzi pora na otrze\u017awienie?<\/p>\r\n<\/blockquote>\r\n<p>&nbsp;<\/p>","protected":false},"excerpt":{"rendered":"W swoim pierwszym li\u015bcie pasterskim po obj\u0119ciu Archidiecezji Filadelfii w pa\u017adzierniku 2003 roku, kardyna\u0142 Justin Francis Rigali wezwa\u0142 ksi\u0119\u017cy by oddanie si\u0119 Jezusowi Chrystusowi obecnemu w Eucharystii sta\u0142o si\u0119 najwa\u017cniejszym ich celem i aby ich postawa stanowi\u0142a dla wiernych przyk\u0142ad takiego oddania si\u0119. Kardyna\u0142 Justin Rigali wspiera\u0142 odtworzenie w swojej diecezji zanikaj\u0105cych praktyk adoracji Naj\u015bwi\u0119tszego [&hellip;]","protected":false},"author":1,"featured_media":0,"comment_status":"closed","ping_status":"open","sticky":false,"template":"","format":"standard","meta":{"_acf_changed":false,"_monsterinsights_skip_tracking":false,"_monsterinsights_sitenote_active":false,"_monsterinsights_sitenote_note":"","_monsterinsights_sitenote_category":0,"ngg_post_thumbnail":0,"footnotes":"","_wp_rev_ctl_limit":""},"categories":[4],"tags":[119,24,221],"acf":[],"_links":{"self":[{"href":"https:\/\/www.bibula.com\/index.php?rest_route=\/wp\/v2\/posts\/939"}],"collection":[{"href":"https:\/\/www.bibula.com\/index.php?rest_route=\/wp\/v2\/posts"}],"about":[{"href":"https:\/\/www.bibula.com\/index.php?rest_route=\/wp\/v2\/types\/post"}],"author":[{"embeddable":true,"href":"https:\/\/www.bibula.com\/index.php?rest_route=\/wp\/v2\/users\/1"}],"replies":[{"embeddable":true,"href":"https:\/\/www.bibula.com\/index.php?rest_route=%2Fwp%2Fv2%2Fcomments&post=939"}],"version-history":[{"count":0,"href":"https:\/\/www.bibula.com\/index.php?rest_route=\/wp\/v2\/posts\/939\/revisions"}],"wp:attachment":[{"href":"https:\/\/www.bibula.com\/index.php?rest_route=%2Fwp%2Fv2%2Fmedia&parent=939"}],"wp:term":[{"taxonomy":"category","embeddable":true,"href":"https:\/\/www.bibula.com\/index.php?rest_route=%2Fwp%2Fv2%2Fcategories&post=939"},{"taxonomy":"post_tag","embeddable":true,"href":"https:\/\/www.bibula.com\/index.php?rest_route=%2Fwp%2Fv2%2Ftags&post=939"}],"curies":[{"name":"wp","href":"https:\/\/api.w.org\/{rel}","templated":true}]}}