{"id":93861,"date":"2017-02-17T12:21:51","date_gmt":"2017-02-17T17:21:51","guid":{"rendered":"http:\/\/www.bibula.com\/?p=93861"},"modified":"2017-02-22T12:11:30","modified_gmt":"2017-02-22T17:11:30","slug":"biegu-ku-czci-wykletych-w-zdolbunowie-nie-bedzie-ukrainskie-wladze-przeciwne-wydarzeniu","status":"publish","type":"post","link":"https:\/\/www.bibula.com\/?p=93861","title":{"rendered":"Biegu ku czci Wykl\u0119tych w Zdo\u0142bunowie nie b\u0119dzie. Ukrai\u0144skie w\u0142adze przeciwne wydarzeniu"},"content":{"rendered":"<p><strong>W\u0142adze samorz\u0105dowe Zdo\u0142bunowa na Ukrainie nie zgodzi\u0142y si\u0119 na przeprowadzenie tam Biegu Torpem Wilczym. Mia\u0142 si\u0119 on odby\u0107 26 lutego. Decyzja zapad\u0142a po wypowiedziach niekt\u00f3rych ukrai\u0144skich historyk\u00f3w. Twierdz\u0105 oni, i\u017c bieg ku czci \u0179o\u0142nierzy Niez\u0142omnych godzi w Ukrai\u0144c\u00f3w, kt\u00f3rzy mieli by\u0107 na Wo\u0142yniu mordowani przez\u2026 \u017co\u0142nierzy AK.<\/strong><\/p>\r\n<p>Fal\u0119 krytyki w stosunku do przeprowadzenia II Biegu Tropem Wilczym w Zdo\u0142bunowie, (w ubieg\u0142orocznym wzi\u0119\u0142o udzia\u0142 oko\u0142o 150 os\u00f3b) rozpocz\u0105\u0142 internetowy wpis miejscowego historyka, Ihora Marczuka, kt\u00f3ry stwierdzi\u0142, \u017ce \u201e\u0179o\u0142nierze Wykl\u0119ci to przecie\u017c AKowcy, kt\u00f3rzy zabijali Ukrai\u0144c\u00f3w na Wo\u0142yniu\u201d. W\u0142adze miasta, kt\u00f3re rok temu wsp\u00f3\u0142organizowa\u0142y Bieg, po tych wypowiedziach nie zdecydowa\u0142y si\u0119 wesprze\u0107 go w tym roku, a wniosek z\u0142o\u017cony w sprawie pozwolenia na przeprowadzenie imprezy zaopiniowa\u0142y negatywnie. G\u0142\u00f3wnym organizatorem Biegu Tropem Wilczym, kt\u00f3ry b\u0119dzie mia\u0142 miejsce w wielu miejscach Polski i \u015bwiata, jest Fundacja Wolno\u015b\u0107 i Demokracja. Z powodu braku zgody w\u0142adz miasta Zdo\u0142byn\u00f3w Bieg Tropem Wilczym w tej ukrai\u0144skiej miejscowo\u015bci odwo\u0142ano.<\/p>\r\n<p>W zwi\u0105zku z odwo\u0142aniem Biegu w Zdo\u0142bunowie Fundacja wyda\u0142a o\u015bwiadczenie w tej sprawie. \u201eZ \u017calem i zdziwieniem przyjmujemy informacj\u0119 o krytycznym stosunku cz\u0119\u015bci \u015brodowiska ukrai\u0144skich historyk\u00f3w i komentator\u00f3w \u017cycia publicznego do organizowanego w niekt\u00f3rych miejscowo\u015bciach, zamieszkiwanych przez mniejszo\u015b\u0107 polsk\u0105 na Ukrainie, biegu <em>Tropem Wilczym<\/em>. Ide\u0105 biegu jest upami\u0119tnienie tych \u017co\u0142nierzy podziemia antykomunistycznego, kt\u00f3rzy po zako\u0144czeniu II wojny \u015bwiatowej z broni\u0105 w r\u0119ku, przeciwstawili si\u0119 sowieckiej dominacji, tocz\u0105c krwawy, nier\u00f3wny i, jak si\u0119 okaza\u0142o, skazany na kl\u0119sk\u0119 b\u00f3j\u201d &#8211; pisze w wydanym stanowisku zarz\u0105d Fundacji.<\/p>\r\n<p>\u201eSzanuj\u0105c decyzj\u0119 w\u0142adz (Zdo\u0142bunowa), nie podzielamy przes\u0142anek, kt\u00f3re j\u0105 sprokurowa\u0142y. Mamy nadziej\u0119, \u017ce w kolejnych latach uda si\u0119 pogodzi\u0107 nasze postrzeganie najnowszej historii na tyle, by prawdziwi bohaterowie po obu stronach granicy mogli by\u0107 godnie uczczeni\u201d &#8211; zaznaczaj\u0105 autorzy pisma (Robert Czy\u017cewski &#8211; prezes Zarz\u0105du Fundacji Wolno\u015b\u0107 i Demokracja oraz jej sekretarz Lilia Luboniewicz).<\/p>\r\n<p>Informacja o odwo\u0142aniu Biegu Tropem Wilczym najbardziej zmartwi\u0142a Polak\u00f3w zamieszka\u0142ych w Zdo\u0142bunowie. \u0179yje ich tu nie ma\u0142o. Podczas rzezi wo\u0142y\u0144skiej to miasto sta\u0142o si\u0119 ostoj\u0105 Polak\u00f3w. W nim chronili si\u0119 przed zbrodniarzami UPA, gdy\u017c strzegli go \u017co\u0142nierze z silnego obwodu AK. W ca\u0142ym powiecie zdo\u0142bunowskim UPA zamordowa\u0142a oko\u0142o 3,6 tys. Polak\u00f3w. Jednak zbrodnie UPA nie przeszkadzaj\u0105 organizowa\u0107 na Ukrainie marsz\u00f3w i imprez na cze\u015b\u0107 jej cz\u0142onk\u00f3w.<\/p>\r\n<p>26 lutego co najmniej 60 tys. biegaczy w ponad 200 miejscach w ca\u0142ej Polsce we\u017amie udzia\u0142 w Biegu Tropem Wilczym. W ten spos\u00f3b uczcz\u0105 Narodowy Dzie\u0144 \u0179o\u0142nierzy Wykl\u0119tych i wspomina\u0107 b\u0119d\u0105 walcz\u0105cych w polskim podziemiu antykomunistycznym.<\/p>\r\n<p>Projekt Tropem Wilczym &#8211; Bieg Pami\u0119ci \u0179o\u0142nierzy Wykl\u0119tych &#8211; jest najwi\u0119kszym wydarzeniem sportowo-spo\u0142ecznym w Polsce. W tym roku, w pi\u0105tej ju\u017c edycji, w projekt zaanga\u017cowa\u0142o si\u0119 kilka tysi\u0119cy organizator\u00f3w z 200 miast w Polsce i kilkunastu za granic\u0105 (biegn\u0105 w tym roku takie miasta jak Londyn, Nowy Jork, Chicago i Wilno; organizacj\u0119 tras biegowych planuj\u0105 Oslo, Pary\u017c, Sztokholm i wiele innych miast za granic\u0105). W ubieg\u0142ym roku w 160 miejscach udzia\u0142 w biegu wzi\u0119\u0142o ponad 40 tys. biegaczek i biegaczy. D\u0142ugo\u015b\u0107 tras biegowych ustalana jest lokalnie &#8211; mo\u017ce to by\u0107 5 lub 10 km, ale jednak jeden dystans jest obligatoryjny dla wszystkich 200 miast organizator\u00f3w: jest to bieg na 1963 m &#8211; co upami\u0119tnia rok \u015bmierci ostatniego \u017co\u0142nierza niez\u0142omnego J\u00f3zefa Franczaka ps. \u201eLalek\u201d.<\/p>\r\n<p>\u0179r\u00f3d\u0142a: kresy24.pl, kresy.pl<\/p>\r\n<p>AB<\/p>\r\n<p class=\"zrodlo\">Za: <a href=\"http:\/\/www.pch24.pl\/biegu-ku-czci-wykletych-w-zdolbunowie-nie-bedzie--ukrainskie-wladze-przeciwne-wydarzeniu,49543,i.html\">PoloniaChristiana &#8211; pch24.pl (2017-02-17)<\/a><\/p>\r\n<h4>&nbsp;<\/h4>\r\n<hr style=\"background-color: #000000; border-width: 0; color: #000000; height: 2px; line-height: 0; text-align: center; width: 100%;\">\r\n<h4>&nbsp;<\/h4>\r\n<h2>S\u0105d uchyli\u0142 decyzj\u0119 burmistrza Hajn\u00f3wki o zakazie organizacji marszu ku czci \u0179o\u0142nierzy Wykl\u0119tych<\/h2>\r\n<p><strong>S\u0105d Okr\u0119gowy w Bia\u0142ymstoku zezwoli\u0142 na organizacji w niedziel\u0119 w II Hajnowskiego Marszu \u0179o\u0142nierzy Wykl\u0119tych.<\/strong><\/p>\r\n<p>Zgody na przeprowadzanie marszy i innych zgormadze\u0144 na terenie miasta lub gminy wydaje odpowiedni organ samorz\u0105dowy. W przypadku Hajn\u00f3wki jest to jej burmistrz, Jerzy Sirak. Ten nie wyrazi\u0142 zgody, powo\u0142uj\u0105c si\u0119 m. in. na negatywn\u0105 opini\u0119 Rada Miasta, kt\u00f3rej zdaniem marsz przebiegaj\u0105cy przy prawos\u0142awnym soborze \u015bw. Tr\u00f3jcy, w kt\u00f3rym w tym samym czasie b\u0119d\u0105 odbywa\u0107 si\u0119 b\u0119dzie nabo\u017ce\u0144stwo w przeddzie\u0144 rozpocz\u0119cia Wielkiego Postu, mo\u017ce zak\u0142\u00f3ci\u0107 powag\u0119 tego nabo\u017ce\u0144stwa.&nbsp;<\/p>\r\n<ul>\r\n\t<li><strong>CZYTAJ TAK\u0179E:<br>\r\n <a href=\"http:\/\/www.kresy.pl\/wydarzenia,polityka?zobacz\/hajnowka-burmistrz-zakazal-marszu-ku-czci-zolnierzy-wykletych\">Hajn\u00f3wka: Burmistrz zakaza\u0142 marszu ku czci \u0179o\u0142nierzy Wykl\u0119tych<\/a><\/strong><\/li>\r\n<\/ul>\r\n<p>Na zaskar\u017cenie do s\u0105du decyzji organizatorzy &#8211; ONR i Narodowa Hajn\u00f3wka mieli jeden dzie\u0144. Zaskar\u017cenie to zosta\u0142o rozpatrzona ju\u017c dzisiaj, na kilkuminutowej rozprawie. Na sali nie pojawili si\u0119 przedstawiciele w\u0142adz Hajn\u00f3wki. S\u0105d uwzgl\u0119dni\u0142 odwo\u0142anie, i uchyli\u0142 decyzj\u0119 burmistrza. Oznacza to, \u017ce zaplanowany na najbli\u017csz\u0105 niedziel\u0119 II Hajnowskiego Marszu \u0179o\u0142nierzy Wykl\u0119tych odb\u0119dzie si\u0119 bez przeszk\u00f3d.<\/p>\r\n<p>kresy.pl \/ dziennik.pl \/ twitter.com<\/p>\r\n<p class=\"zrodlo\">Za: <a href=\"http:\/\/www.kresy.pl\/wydarzenia,polityka?zobacz\/sad-uchylil-decyzje-burmistrza-hajnowki-o-zakazie-organizacji-marszu-ku-czci-zolnierzy-wykletych\">Kresy.pl (21 lutego 2017)<\/a><\/p>\r\n<h4>&nbsp;<\/h4>\r\n<hr style=\"background-color: #000000; border-width: 0; color: #000000; height: 2px; line-height: 0; text-align: center; width: 100%;\">\r\n<h4>&nbsp;<\/h4>","protected":false},"excerpt":{"rendered":"W\u0142adze samorz\u0105dowe Zdo\u0142bunowa na Ukrainie nie zgodzi\u0142y si\u0119 na przeprowadzenie tam Biegu Torpem Wilczym. Mia\u0142 si\u0119 on odby\u0107 26 lutego. Decyzja zapad\u0142a po wypowiedziach niekt\u00f3rych ukrai\u0144skich historyk\u00f3w. Twierdz\u0105 oni, i\u017c bieg ku czci \u0179o\u0142nierzy Niez\u0142omnych godzi w Ukrai\u0144c\u00f3w, kt\u00f3rzy mieli by\u0107 na Wo\u0142yniu mordowani przez\u2026 \u017co\u0142nierzy AK. Fal\u0119 krytyki w stosunku do przeprowadzenia II Biegu [&hellip;]","protected":false},"author":1,"featured_media":0,"comment_status":"closed","ping_status":"closed","sticky":false,"template":"","format":"standard","meta":{"_acf_changed":false,"_monsterinsights_skip_tracking":false,"_monsterinsights_sitenote_active":false,"_monsterinsights_sitenote_note":"","_monsterinsights_sitenote_category":0,"ngg_post_thumbnail":0,"footnotes":"","_wp_rev_ctl_limit":""},"categories":[215],"tags":[65,98,167,17],"acf":[],"_links":{"self":[{"href":"https:\/\/www.bibula.com\/index.php?rest_route=\/wp\/v2\/posts\/93861"}],"collection":[{"href":"https:\/\/www.bibula.com\/index.php?rest_route=\/wp\/v2\/posts"}],"about":[{"href":"https:\/\/www.bibula.com\/index.php?rest_route=\/wp\/v2\/types\/post"}],"author":[{"embeddable":true,"href":"https:\/\/www.bibula.com\/index.php?rest_route=\/wp\/v2\/users\/1"}],"replies":[{"embeddable":true,"href":"https:\/\/www.bibula.com\/index.php?rest_route=%2Fwp%2Fv2%2Fcomments&post=93861"}],"version-history":[{"count":0,"href":"https:\/\/www.bibula.com\/index.php?rest_route=\/wp\/v2\/posts\/93861\/revisions"}],"wp:attachment":[{"href":"https:\/\/www.bibula.com\/index.php?rest_route=%2Fwp%2Fv2%2Fmedia&parent=93861"}],"wp:term":[{"taxonomy":"category","embeddable":true,"href":"https:\/\/www.bibula.com\/index.php?rest_route=%2Fwp%2Fv2%2Fcategories&post=93861"},{"taxonomy":"post_tag","embeddable":true,"href":"https:\/\/www.bibula.com\/index.php?rest_route=%2Fwp%2Fv2%2Ftags&post=93861"}],"curies":[{"name":"wp","href":"https:\/\/api.w.org\/{rel}","templated":true}]}}