{"id":9368,"date":"2009-05-19T10:36:35","date_gmt":"2009-05-19T15:36:35","guid":{"rendered":"http:\/\/www.bibula.com\/?p=9368"},"modified":"2009-05-19T13:09:08","modified_gmt":"2009-05-19T18:09:08","slug":"ubekistan-pelna-geba","status":"publish","type":"post","link":"https:\/\/www.bibula.com\/?p=9368","title":{"rendered":"W latach 80-tych oskar\u017cali opozycj\u0119, dzi\u015b pe\u0142ni\u0105 wysokie funkcje w Ministerstwie Sprawiedliwo\u015bci"},"content":{"rendered":"<p>W marcu br. Donald Tusk podpisa\u0142 nominacj\u0119 Edwarda Zalewskiego na prokuratora krajowego. Jak donosz\u0105 dziennikarze TVN, w latach 80. Zalewski uczestniczy\u0142 w prze\u015bladowaniu opozycji, podpisuj\u0105c zgody na przes\u0142uchania.<\/p>\r\n\r\n<p>By\u0142 te\u017c aktywnym dzia\u0142aczem egzekutywy PZPR w legnickiej prokuraturze. Minister sprawiedliwo\u015bci Andrzej Czuma odm\u00f3wi\u0142 komentarza w sprawie swego wsp\u00f3\u0142pracownika.<\/p>\r\n\r\n<p>Jak ustalili dziennikarze TVN, w latach 80. Edward Zalewski wyda\u0142 zgod\u0119 oficerowi S\u0142u\u017cby Bezpiecze\u0144stwa na przes\u0142uchanie niepe\u0142nosprawnego opozycjonisty Stanis\u0142awa \u015aniega, przyw\u00f3dcy &#8222;Solidarno\u015bci&#8221; w Lubinie, wielokrotnie aresztowanego i brutalnie przes\u0142uchiwanego.<\/p>\r\n\r\n<p>Edward Zalewski tak\u017ce odmawia komentarzy w sprawie swojej roli w prze\u015bladowaniu opozycji, zaprzecza jedynie, by wydawa\u0142 zgody na przes\u0142uchiwanie opozycji.<\/p>\r\n\r\n<p>Nominacja Edwarda Zalewskiego nie jest jedyn\u0105 zaskakuj\u0105c\u0105 decyzj\u0105 personaln\u0105 w Ministerstwie Sprawiedliwo\u015bci. Jak donosi &#8222;Newsweek&#8221;, pe\u0142nomocnikiem ministra sprawiedliwo\u015bci ds. odbierania maj\u0105tk\u00f3w przest\u0119pcom, a tak\u017ce reprezentantem ministra na wielu mi\u0119dzynarodowych konferencjach dotycz\u0105cych przest\u0119pczo\u015bci jest Andrzej Kaucz, kt\u00f3ry w latach 80. oskar\u017ca\u0142 dzia\u0142aczy opozycji i \u017c\u0105da\u0142 dla nich wysokich kar wi\u0119zienia.<\/p>\r\n\r\n<p>Do kwietnia br. w Ministerstwie Sprawiedliwo\u015bci pracowa\u0142 te\u017c &#8211; jako wicedyrektor ds. kadr &#8211; Leszek Pruski, prokurator, kt\u00f3ry w stanie wojennym oskar\u017ca\u0142 opozycjonist\u00f3w z Dolnego \u015al\u0105ska. Po dziennikarskich publikacjach, Ministerstwo Sprawiedliwo\u015bci wyda\u0142o komunikat, w kt\u00f3rym brano Pruskiego w obron\u0119, zarzucaj\u0105c dziennikarzom pisanie nieprawdy. P\u00f3\u017aniej jednak minister Czuma zmieni\u0142 zdanie i zdymisjonowa\u0142 Pruskiego.<\/p>\r\n\r\n<p>Za: <a href=\"http:\/\/www.aspektpolski.pl\/index.php?option=com_content&amp;task=view&amp;id=2266&amp;Itemid=1\" target=\"_blank\">Aspekt Polski<\/a><\/p>\r\n\r\n<p align=\"justify\">\u00a0<\/p>\r\n\r\n\r\n<blockquote>\r\n<h2>Ubekistan pe\u0142n\u0105 g\u0119b\u0105<\/h2>\r\n\r\n\r\n<p>Wczorajszy <em>Superwizjer<\/em> by\u0142 mia\u017cd\u017c\u0105cy. Prokuratorem krajowym u ministra z &#8222;pi\u0119kn\u0105 kart\u0105&#8221; zostaje cz\u0142owiek mocno umoczony w uk\u0142ady lat &#8217;80-tych. Nie to jest jednak najgorsze. Do takich rzeczy wszyscy ju\u017c przywykli. Najgorsze nie by\u0142o nawet to, \u017ce ABW zacz\u0119\u0142a niedawno nachodzi\u0107 opozycjonist\u0119 z Lubina prze\u015bladowanego w latach &#8217;80-tych przez obecnego prokuratora krajowego. Najbardziej mn\u0105 wstrz\u0105sn\u0119\u0142y s\u0142owa ministra Czumy do dziennikarzy, kt\u00f3rzy wytropili t\u0119 histori\u0119 : &#8222;Naprawd\u0119 nie mog\u0119 o tym rozmawia\u0107. Ta nominacja nie zale\u017ca\u0142a ode mnie&#8221;. WTF? To k&#8230; od kogo zale\u017ca\u0142a NAJWA\u0179NIEJSZA nominacja w Ministerstwie Sprawiedliwo\u015bci? Czemu cz\u0142owiek o &#8222;pi\u0119knej karcie&#8221; odgrywa rol\u0119 popychad\u0142a? Kto na kluczowych stanowiskach w rz\u0105dzie lokuje ludzi takich jak Edward Zalewski? Kto naprawd\u0119 rz\u0105dzi tym krajem?<\/p>\r\n\r\n<p>Ciekawe rzeczy dziej\u0105 si\u0119 te\u017c wok\u00f3\u0142 polskich stoczni. Ich maj\u0105tek za \u015bmieszne pieni\u0105dze przejmuje firma-wydmuszka z Antyli Holenderskich. Sp\u00f3\u0142ka blisko zwi\u0105zana z funduszem, kt\u00f3ry jest zwi\u0105zany z holdingiem itp. I okazuje si\u0119, \u017ce na ko\u0144cu tego \u0142a\u0144cuszka stoi by\u0142y szef Mossadu Nahum Admoni i ludzie z izraelskich s\u0142u\u017cb (co ciekawe, chyba raczej wojskowych). Jestem jak najbardziej za szerok\u0105 wsp\u00f3\u0142prac\u0105 polsko-izraelsk\u0105. Ale sprzeciwiam si\u0119 oddaniu naszych stoczni (dla jednych strategicznego przedsi\u0119biorstwa, dla innych kawa\u0142u terenu w centrach miast) za \u015bmieszn\u0105 sumk\u0119 s\u0142u\u017cbom specjalnym obcego pa\u0144stwa. Nie wa\u017cne czy to b\u0119d\u0105 s\u0142u\u017cby rosyjskie, niemieckie, brytyjskie, ameryka\u0144skie, izraelskie, ira\u0144skie czy watyka\u0144skie. Transakcja ta nie tyle jednak \u017ale \u015bwiadczy o izraelskich szpiegach, co o pa\u0144stwie polskim. Ministerstwo Skarbu w osobie geodety Aleksandra Grada oddaje &#8222;trzon gospodarki Wybrze\u017ca&#8221; w r\u0119ce jakiej\u015b sp\u00f3\u0142eczki off-shore, kt\u00f3rej nikt nie sprawdza. A gdbyby za t\u0105 sp\u00f3\u0142k\u0105 sta\u0142 Kim Jong Ill, Osama bin Laden czy senator Misiak? Pytam jeszcze raz: kto rz\u0105dzi tym krajem? I dlaczego ci sami ludzie, co w latach &#8217;80-tych?<\/p>\r\n\r\n<p><strong><em>Hubert Kozie\u0142<\/em><\/strong><\/p>\r\n\r\n<p>Za: <a href=\"http:\/\/foxmulder.blox.pl\/2009\/05\/Ubekistan-pelna-geba.html\" target=\"_blank\">Terroryzm<\/a><\/p><\/blockquote>\r\n\r\n\r\n<p><br class=\"spacer_\" \/><\/p>","protected":false},"excerpt":{"rendered":"W marcu br. Donald Tusk podpisa\u0142 nominacj\u0119 Edwarda Zalewskiego na prokuratora krajowego. Jak donosz\u0105 dziennikarze TVN, w latach 80. Zalewski uczestniczy\u0142 w prze\u015bladowaniu opozycji, podpisuj\u0105c zgody na przes\u0142uchania. By\u0142 te\u017c aktywnym dzia\u0142aczem egzekutywy PZPR w legnickiej prokuraturze. Minister sprawiedliwo\u015bci Andrzej Czuma odm\u00f3wi\u0142 komentarza w sprawie swego wsp\u00f3\u0142pracownika. Jak ustalili dziennikarze TVN, w latach 80. Edward [&hellip;]","protected":false},"author":1,"featured_media":0,"comment_status":"closed","ping_status":"closed","sticky":false,"template":"","format":"standard","meta":{"_acf_changed":false,"_monsterinsights_skip_tracking":false,"_monsterinsights_sitenote_active":false,"_monsterinsights_sitenote_note":"","_monsterinsights_sitenote_category":0,"ngg_post_thumbnail":0,"footnotes":"","_wp_rev_ctl_limit":""},"categories":[8],"tags":[61,98,53,36],"acf":[],"_links":{"self":[{"href":"https:\/\/www.bibula.com\/index.php?rest_route=\/wp\/v2\/posts\/9368"}],"collection":[{"href":"https:\/\/www.bibula.com\/index.php?rest_route=\/wp\/v2\/posts"}],"about":[{"href":"https:\/\/www.bibula.com\/index.php?rest_route=\/wp\/v2\/types\/post"}],"author":[{"embeddable":true,"href":"https:\/\/www.bibula.com\/index.php?rest_route=\/wp\/v2\/users\/1"}],"replies":[{"embeddable":true,"href":"https:\/\/www.bibula.com\/index.php?rest_route=%2Fwp%2Fv2%2Fcomments&post=9368"}],"version-history":[{"count":0,"href":"https:\/\/www.bibula.com\/index.php?rest_route=\/wp\/v2\/posts\/9368\/revisions"}],"wp:attachment":[{"href":"https:\/\/www.bibula.com\/index.php?rest_route=%2Fwp%2Fv2%2Fmedia&parent=9368"}],"wp:term":[{"taxonomy":"category","embeddable":true,"href":"https:\/\/www.bibula.com\/index.php?rest_route=%2Fwp%2Fv2%2Fcategories&post=9368"},{"taxonomy":"post_tag","embeddable":true,"href":"https:\/\/www.bibula.com\/index.php?rest_route=%2Fwp%2Fv2%2Ftags&post=9368"}],"curies":[{"name":"wp","href":"https:\/\/api.w.org\/{rel}","templated":true}]}}