{"id":93639,"date":"2017-02-07T12:09:39","date_gmt":"2017-02-07T17:09:39","guid":{"rendered":"http:\/\/www.bibula.com\/?p=93639"},"modified":"2017-12-02T15:17:12","modified_gmt":"2017-12-02T20:17:12","slug":"anglikanski-rytual-w-bazylice-sw-piotra-sercu-kosciola-katolickiego","status":"publish","type":"post","link":"https:\/\/www.bibula.com\/?p=93639","title":{"rendered":"Anglika\u0144ski rytua\u0142 w\u2026 bazylice \u015bw. Piotra \u2013 sercu Ko\u015bcio\u0142a katolickiego"},"content":{"rendered":"<p><strong>Po raz pierwszy w historii w bazylice \u015bw. Piotra w Watykanie zostanie odprawione anglika\u0144skie nabo\u017ce\u0144stwo. B\u0119dzie to Modlitwa Wieczorna (ang. <em>Evensong<\/em>), symuluj\u0105ca katolickie Nieszpory.<\/strong><\/p>\r\n<p>Liturgia zostanie odprawiona 13 marca przy o\u0142tarzu rzymskiej Katedry. Zgod\u0119 na wydarzenie wyrazi\u0142 archiprezbiter bazyliki, kard. Angelo Comastriego.<\/p>\r\n<p>Anglika\u0144skiemu rytua\u0142owi przewodniczy\u0107 b\u0119dzie dyrektor O\u015brodka Anglika\u0144skiego w Rzymie, uzurpuj\u0105cy sobie miano arcybiskupa David Moxon, za\u015b homili\u0119 wyg\u0142osi katolicki arcybiskup Arthur Roche, sekretarz Kongregacji ds. Kultu Bo\u017cego i Dyscypliny Sakrament\u00f3w. \u015apiewa\u0107 b\u0119dzie ch\u00f3r Merton College z Oksfordu.<\/p>\r\n<p>Nabo\u017ce\u0144stwo b\u0119dzie cz\u0119\u015bci\u0105 obchod\u00f3w 50-lecia O\u015brodka Anglika\u0144skiego w Wiecznym Mie\u015bcie.<\/p>\r\n<p>KAI<\/p>\r\n<p>MW\u0142<\/p>","protected":false},"excerpt":{"rendered":"Po raz pierwszy w historii w bazylice \u015bw. Piotra w Watykanie zostanie odprawione anglika\u0144skie nabo\u017ce\u0144stwo. B\u0119dzie to Modlitwa Wieczorna (ang. Evensong), symuluj\u0105ca katolickie Nieszpory. Liturgia zostanie odprawiona 13 marca przy o\u0142tarzu rzymskiej Katedry. Zgod\u0119 na wydarzenie wyrazi\u0142 archiprezbiter bazyliki, kard. Angelo Comastriego. Anglika\u0144skiemu rytua\u0142owi przewodniczy\u0107 b\u0119dzie dyrektor O\u015brodka Anglika\u0144skiego w Rzymie, uzurpuj\u0105cy sobie miano arcybiskupa [&hellip;]","protected":false},"author":1,"featured_media":0,"comment_status":"closed","ping_status":"closed","sticky":false,"template":"","format":"standard","meta":{"_acf_changed":false,"_monsterinsights_skip_tracking":false,"_monsterinsights_sitenote_active":false,"_monsterinsights_sitenote_note":"","_monsterinsights_sitenote_category":0,"ngg_post_thumbnail":0,"footnotes":"","_wp_rev_ctl_limit":""},"categories":[3],"tags":[404,357,41,33],"acf":[],"_links":{"self":[{"href":"https:\/\/www.bibula.com\/index.php?rest_route=\/wp\/v2\/posts\/93639"}],"collection":[{"href":"https:\/\/www.bibula.com\/index.php?rest_route=\/wp\/v2\/posts"}],"about":[{"href":"https:\/\/www.bibula.com\/index.php?rest_route=\/wp\/v2\/types\/post"}],"author":[{"embeddable":true,"href":"https:\/\/www.bibula.com\/index.php?rest_route=\/wp\/v2\/users\/1"}],"replies":[{"embeddable":true,"href":"https:\/\/www.bibula.com\/index.php?rest_route=%2Fwp%2Fv2%2Fcomments&post=93639"}],"version-history":[{"count":0,"href":"https:\/\/www.bibula.com\/index.php?rest_route=\/wp\/v2\/posts\/93639\/revisions"}],"wp:attachment":[{"href":"https:\/\/www.bibula.com\/index.php?rest_route=%2Fwp%2Fv2%2Fmedia&parent=93639"}],"wp:term":[{"taxonomy":"category","embeddable":true,"href":"https:\/\/www.bibula.com\/index.php?rest_route=%2Fwp%2Fv2%2Fcategories&post=93639"},{"taxonomy":"post_tag","embeddable":true,"href":"https:\/\/www.bibula.com\/index.php?rest_route=%2Fwp%2Fv2%2Ftags&post=93639"}],"curies":[{"name":"wp","href":"https:\/\/api.w.org\/{rel}","templated":true}]}}