{"id":93588,"date":"2017-02-06T10:45:04","date_gmt":"2017-02-06T15:45:04","guid":{"rendered":"http:\/\/www.bibula.com\/?p=93588"},"modified":"2017-02-06T10:45:04","modified_gmt":"2017-02-06T15:45:04","slug":"bp-fellay-bez-wyraznej-gwarancji-nie-mozemy-posunac-sie-dalej","status":"publish","type":"post","link":"https:\/\/www.bibula.com\/?p=93588","title":{"rendered":"Bp Fellay: Bez wyra\u017anej gwarancji nie mo\u017cemy posun\u0105\u0107 si\u0119 dalej"},"content":{"rendered":"<p>29 stycznia br. bp Bernard Fellay, prze\u0142o\u017cony generalny Bractwa Kap\u0142a\u0144skiego \u015awi\u0119tego Piusa X, udzieli\u0142 wywiadu francuskiej prawicowej stacji telewizji internetowej TV Libert\u00c3\u00a9s w programie <em>Terres de mission<\/em> (\u2018Tereny misyjne\u2019). Jego odpowied\u017a na pytanie o kanoniczn\u0105 struktur\u0119 pra\u0142atury personalnej, oferowanej Bractwu, by\u0142a kr\u00f3tka: \u201eO\u015bwiadczyli\u015bmy Rzymowi, bardzo wyra\u017anie, tak jak abp Lefebvre zwyk\u0142 by\u0142 mawia\u0107 w swoim czasie, \u017ce jest warunek <em>sine qua non<\/em>, bez spe\u0142nienia kt\u00f3rego nie b\u0119dzie post\u0119pu [w naszych stosunkach]. Ten warunek to gwarancja, \u017ce b\u0119dziemy mogli zachowa\u0107 nasz\u0105 to\u017csamo\u015b\u0107, zachowa\u0107 nasze zasady, dzi\u0119ki kt\u00f3rym prze\u017cyli\u015bmy, dzi\u0119ki kt\u00f3rym pozostali\u015bmy katolikami.\u201d<\/p>\r\n<p>Na pytanie prowadz\u0105cego wywiad Jana Piotra Maugendre\u2019a \u201eA dzi\u015b, konkretnie, czego jeszcze brakuje?\u201d, bp Fellay odpowiedzia\u0142: \u201ePrzy\u0142o\u017cenia piecz\u0119ci. A tak\u017ce jasnego, dobitnego o\u015bwiadczenia, \u017ce te gwarancje zostan\u0105 dotrzymane.\u201d<\/p>\r\n<p><strong>Bliskie rozwi\u0105zanie?<\/strong><\/p>\r\n<p>Natychmiast niekt\u00f3rzy wyci\u0105gn\u0119li z tego wyniosek, \u017ce kanoniczne uznanie FSSPX jest nieodleg\u0142e. Nazajutrz Andrzej Tornielli napisa\u0142 w \u201eLa Stampa\u201d, \u017ce abp Pozzo przyzna\u0142 tej informacji pewn\u0105 wiarygodno\u015b\u0107\u2026 jak gdyby wszystko zale\u017ca\u0142o od prostego o\u015bwiadczenia.<\/p>\r\n<p>Po stronie Bractwa sprawy nie s\u0105 takie proste. 26 stycznia, w godzinnym wywiadzie udzielonym ks. Alanowi Loransowi FSSPX na falach Radio Courtoisie, bp Fellay wyja\u015bni\u0142, co rozumie przez gwarancj\u0119 i warunek \u201emo\u017cliwo\u015bci pozostania takimi, jakimi jeste\u015bmy\u201d. Problem nie sprowadza si\u0119 do nieakceptowalnej formu\u0142y kanonicznej. Wprost przeciwnie, nawet je\u015bli \u201es\u0105 szczeg\u00f3\u0142y, kt\u00f3re wymagaj\u0105 dopracowania [\u2026] [i] sprawy, kt\u00f3re trzeba przedyskutowa\u0107\u201d, to pra\u0142atura personalna \u201ejest adekwatna i zaspokaja nasze potrzeby\u201d &#8211; powiedzia\u0142 bp Fellay.<\/p>\r\n<p><strong>Walka idei<\/strong><\/p>\r\n<p>\u201eProblemem jest ci\u0105gle to samo &#8211; niezgodno\u015b\u0107 idei\u201d, doda\u0142 prze\u0142o\u017cony Bractwa. Te idee to np. ekumenizm, wolno\u015b\u0107 religijna, stosunki mi\u0119dzy Ko\u015bcio\u0142em a pa\u0144stwem, a tak\u017ce nowa liturgia. Jak wyja\u015bni\u0142 bp Fellay, \u201e[walczymy przeciwko] modernistycznemu sposobowi my\u015blenia [\u2026] przez co nazywano nas schizmatykami itp., m\u00f3wiono, \u017ce nie jeste\u015bmy w Ko\u015bciele [\u2026] B\u0142\u0105d zawsze pozostanie b\u0142\u0119dem. Tak wi\u0119c dzi\u015b, tak jak wcze\u015bniej, pozostajemy przekonani, \u017ce pewne b\u0142\u0119dy rozpowszechni\u0142y si\u0119 w Ko\u015bciele i \u017ce zabijaj\u0105 one Ko\u015bci\u00f3\u0142\u201d.<\/p>\r\n<p><strong>Nowe nastawienie Rzymu<\/strong><\/p>\r\n<p>Bp Fellay wyja\u015bni\u0142, \u017ce w trakcie rozm\u00f3w doktrynalnych z Rzymem pojawi\u0142o si\u0119 nowe nastawienie wobec tych b\u0142\u0119d\u00f3w, stanowi\u0105cych doktrynalny fundament dzisiejszych problem\u00f3w moralnych. Akceptacja tych b\u0142\u0119d\u00f3w, tych kluczowych zasad narzucanych [wiernym] od czasu II Soboru Watyka\u0144skiego, nie b\u0119dzie ju\u017c d\u0142u\u017cej stanowi\u0142a \u201ekryterium uznania za katolik\u00f3w\u201d. W obliczu tego nowego podej\u015bcia bp Fellay si\u0119 waha: \u201eCzy to tylko drzwi, czy te\u017c prawdziwa droga? Czy to bezpieczna droga?\u201d. Tu potrzebna jest gwarancja, aby Bractwo mog\u0142o pozosta\u0107 takie, jak dotychczas. \u201eCzy naprawd\u0119 pozwol\u0105 nam pozosta\u0107 takimi, jakimi jeste\u015bmy?\u201d.<\/p>\r\n<p>Prze\u0142o\u017cony generalny Bractwa, rozwa\u017caj\u0105c wszystkie za i przeciw przyj\u0119cia [proponowanej] struktury kanonicznej, nie spodziewa si\u0119 ca\u0142kowitej, nieodleg\u0142ej zmiany w Ko\u015bciele ani magicznego powrotu do Tradycji: \u201eRozumiemy, \u017ce rozprawienie si\u0119 z tymi b\u0142\u0119dami b\u0119dzie wymaga\u0142o czasu; rozumiemy to. Ludzie nie zmieniaj\u0105 si\u0119 ot, tak; przez ten czas zdo\u0142ali nabra\u0107 najr\u00f3\u017cniejszych z\u0142ych nawyk\u00f3w\u2026\u201d<\/p>\r\n<p><strong>Wolno\u015b\u0107 w prowadzeniu dalszej walki<\/strong><\/p>\r\n<p>Czego zatem spodziewa si\u0119 Bractwo? Wyra\u017anej gwarancji, \u017ce b\u0142\u0119dy soboru nie b\u0119d\u0105 mu narzucane; przeciwnie, \u017ce b\u0119dzie mog\u0142o cieszy\u0107 si\u0119 swobod\u0105 w dalszej walce z nimi. Biskup zadaje pytanie na dzi\u015b: \u201eCzy mo\u017cna m\u00f3wi\u0107 o intencji odrzucenia tego sposobu my\u015blenia, kt\u00f3ry zosta\u0142 narzucony na II Soborze Watyka\u0144skim?\u201d. Dla prze\u0142o\u017conego generalnego jest jasne, \u017ce jeszcze nie dotarli\u015bmy do tego punktu. \u201eS\u0142yszymy, przynajmniej od os\u00f3b kieruj\u0105cych Ko\u015bcio\u0142em, od, \u017ce tak powiem, jego lider\u00f3w, ci\u0105gle to samo: Nie, nie! Nie b\u0119dziemy zmienia\u0107 tych idei!\u201d.<\/p>\r\n<p>Zatem postawa bp. Fellaya jest logiczna: \u201eDop\u00f3ki nie dostaniemy wyra\u017anej odpowiedzi, nie mo\u017cemy posun\u0105\u0107 si\u0119 dalej\u201d.<\/p>\r\n<p><iframe title=\"Bp Fellay TVLibertes Jan 2017\" src=\"https:\/\/player.vimeo.com\/video\/201939453\" allowfullscreen=\"allowfullscreen\" data-mce-fragment=\"1\" width=\"600\" height=\"350\" frameborder=\"0\"><\/iframe><\/p>\r\n<p>(na stronie <a class=\"wp-links-icon\" href=\"https:\/\/vimeo.com\/201939453\" target=\"_blank\" data-slimstat-clicked=\"false\" data-slimstat-type=\"0\" data-slimstat-tracking=\"true\" data-slimstat-callback=\"false\">Vimeo<\/a> mo\u017cna w\u0142\u0105czy\u0107 napisy angielskie do filmu)<\/p>\r\n<div class=\"sources\">\r\n<p><strong>\u0179r\u00f3d\u0142o<\/strong><\/p>\r\n<ul>\r\n\t<li><a class=\"wp-links-icon\" href=\"http:\/\/sspx.org\/en\/news-events\/news\/bp-fellay-clarity-needed-to-move-forward\" target=\"_blank\" data-slimstat-clicked=\"false\" data-slimstat-type=\"0\" data-slimstat-tracking=\"true\" data-slimstat-callback=\"false\">Bp. Fellay: Clarity Needed to Move Forward<\/a><\/li>\r\n\t<li><a class=\"wp-links-icon\" href=\"http:\/\/www.dici.org\/actualites\/transcription-de-lentretien-de-mgr-fellay-a-terres-de-mission-29-janvier-2017\/\" target=\"_blank\" data-slimstat-clicked=\"false\" data-slimstat-type=\"0\" data-slimstat-tracking=\"true\" data-slimstat-callback=\"false\">Transcription de l\u2019entretien de Mgr Fellay \u00c3\u00a0 <em>Terres de mission<\/em> (29 janvier 2017)<\/a><\/li>\r\n\t<li><a class=\"wp-links-icon\" href=\"http:\/\/www.dici.org\/actualites\/la-fraternite-saint-pie-x-aura-t-elle-la-liberte-reelle-de-faire-lexperience-de-la-tradition\/\" target=\"_blank\" data-slimstat-clicked=\"false\" data-slimstat-type=\"0\" data-slimstat-tracking=\"true\" data-slimstat-callback=\"false\">La Fraternit\u00c3\u00a9 Saint-Pie X aura-t-elle la libert\u00c3\u00a9 r\u00c3\u00a9elle de \u00ab faire l\u2019exp\u00c3\u00a9rience de la Tradition \u00bb ?<\/a><\/li>\r\n<\/ul>\r\n<div class=\"entry-utility\">&nbsp;<\/div>\r\n<\/div>","protected":false},"excerpt":{"rendered":"29 stycznia br. bp Bernard Fellay, prze\u0142o\u017cony generalny Bractwa Kap\u0142a\u0144skiego \u015awi\u0119tego Piusa X, udzieli\u0142 wywiadu francuskiej prawicowej stacji telewizji internetowej TV Libert\u00c3\u00a9s w programie Terres de mission (\u2018Tereny misyjne\u2019). Jego odpowied\u017a na pytanie o kanoniczn\u0105 struktur\u0119 pra\u0142atury personalnej, oferowanej Bractwu, by\u0142a kr\u00f3tka: \u201eO\u015bwiadczyli\u015bmy Rzymowi, bardzo wyra\u017anie, tak jak abp Lefebvre zwyk\u0142 by\u0142 mawia\u0107 w swoim [&hellip;]","protected":false},"author":1,"featured_media":0,"comment_status":"closed","ping_status":"closed","sticky":false,"template":"","format":"standard","meta":{"_acf_changed":false,"_monsterinsights_skip_tracking":false,"_monsterinsights_sitenote_active":false,"_monsterinsights_sitenote_note":"","_monsterinsights_sitenote_category":0,"ngg_post_thumbnail":0,"footnotes":"","_wp_rev_ctl_limit":""},"categories":[3],"tags":[32,41],"acf":[],"_links":{"self":[{"href":"https:\/\/www.bibula.com\/index.php?rest_route=\/wp\/v2\/posts\/93588"}],"collection":[{"href":"https:\/\/www.bibula.com\/index.php?rest_route=\/wp\/v2\/posts"}],"about":[{"href":"https:\/\/www.bibula.com\/index.php?rest_route=\/wp\/v2\/types\/post"}],"author":[{"embeddable":true,"href":"https:\/\/www.bibula.com\/index.php?rest_route=\/wp\/v2\/users\/1"}],"replies":[{"embeddable":true,"href":"https:\/\/www.bibula.com\/index.php?rest_route=%2Fwp%2Fv2%2Fcomments&post=93588"}],"version-history":[{"count":0,"href":"https:\/\/www.bibula.com\/index.php?rest_route=\/wp\/v2\/posts\/93588\/revisions"}],"wp:attachment":[{"href":"https:\/\/www.bibula.com\/index.php?rest_route=%2Fwp%2Fv2%2Fmedia&parent=93588"}],"wp:term":[{"taxonomy":"category","embeddable":true,"href":"https:\/\/www.bibula.com\/index.php?rest_route=%2Fwp%2Fv2%2Fcategories&post=93588"},{"taxonomy":"post_tag","embeddable":true,"href":"https:\/\/www.bibula.com\/index.php?rest_route=%2Fwp%2Fv2%2Ftags&post=93588"}],"curies":[{"name":"wp","href":"https:\/\/api.w.org\/{rel}","templated":true}]}}